{"id":267042,"date":"2025-07-23T02:58:10","date_gmt":"2025-07-23T02:58:10","guid":{"rendered":"https:\/\/www.europesays.com\/fr\/267042\/"},"modified":"2025-07-23T02:58:10","modified_gmt":"2025-07-23T02:58:10","slug":"resultat-alexandre-muller-corentin-moutet-atp-500-washington-deuxieme-tour-mercredi-23-juillet-2025-lequipe","status":"publish","type":"post","link":"https:\/\/www.europesays.com\/fr\/267042\/","title":{"rendered":"R\u00e9sultat : Alexandre M\u00fcller &#8211; Corentin Moutet, ATP 500, Washington, Deuxi\u00e8me tour, Mercredi 23 juillet 2025 &#8211; L&#039;\u00c9quipe"},"content":{"rendered":"<ol>\n<li><a href=\"https:\/\/news.google.com\/rss\/articles\/CBMizwFBVV95cUxQLVJxamlVZWJJUFhYZE9ZUkEyczVJcUJsOXh5V25ka0ZCOWw3dVFPZlFsY2RhMFJkM3lWZDJneUtJakxSUXotUmJLSlF3Z2piNUFIUzVnV29aeEJWZlZLc29jaExraWhtaVJ0dm9USU5kc243THBwdmw0eW5SSE43T3Z5TExpVGxuRzd1Yy1qMVZkY2VCWnE4bXVoZkozalVuY3hHcWJ2MHVUc1pYRzVzOGV6TWpaWW5iZDFJcTljMG1LdmNsVVZzc012Z2tiWFU?oc=5\" target=\"_blank\" rel=\"nofollow noopener\">R\u00e9sultat : Alexandre M\u00fcller &#8211; Corentin Moutet, ATP 500, Washington, Deuxi\u00e8me tour, Mercredi 23 juillet 2025<\/a>&nbsp;&nbsp;L&rsquo;\u00c9quipe<\/li>\n<li><a href=\"https:\/\/news.google.com\/rss\/articles\/CBMiwgFBVV95cUxPMnJONFJlWDd0a3RZa1E0NXhDUk41Ni1xMlpUZkw1TnR0WnhBMmQyZWZnZEpYMnVjU0Vod1R1OWxjTjlUYmtIZ29YREx0dzNXb1ZyREVGeUVENVpxVmhHYTl4YTJ0X0U4bmlVOTZsQVFOdjRuLTRyUEZpaEcxVkllZVhZZExtR01jNGkyak1FS1ZtS3lQUjdvU055TEx2UE9BZ0FIZEdZR01fT3pzZXBLaWpRNHcyYzVLT0JwX29VeXdudw?oc=5\" target=\"_blank\" rel=\"nofollow noopener\">R\u00e9sultat : Ga\u00ebl Monfils &#8211; Yibing Wu, ATP 500, Washington, Premier tour, Mardi 22 juillet 2025<\/a>&nbsp;&nbsp;L&rsquo;\u00c9quipe<\/li>\n<li><a href=\"https:\/\/news.google.com\/rss\/articles\/CBMi6gFBVV95cUxOTmZOdFRWMHdfNndSQW5VbWF2WHY3dkhqclRBdkk4NEF1ZDU2RWpyQ0xjbzVoWExGTG1vUGplcHprMmF0UzE1ZUlrUGpLU3FrTkcxNkpMOWdrdEdmeXFDWG5odXZ5Q2U3Y25KMUpWVmNoQlliME5tdE5KWnRBblFiUjRPTFMxZlQ3VWJJbVNjVmN4blkzdWdPNWdsdzBQOWhRQU42VjRDakpySldfb05JN0lSYm52TG9DeTFmV213VjZwTGQxWGloZTlPeC1TVUg0UVRzTjBFemRvWUcxMXNBdmYteGRqVDBXMHc?oc=5\" target=\"_blank\" rel=\"nofollow noopener\">Tennis : Mpetshi Perricard surpris par Vukic en simple \u00e0 Washington, la paire Kyrgios-Monfils \u00e9galement battue<\/a>&nbsp;&nbsp;Le Figaro<\/li>\n<li><a href=\"https:\/\/news.google.com\/rss\/articles\/CBMi5gFBVV95cUxPUnRPZTdpQ0dwR3ZDNVB4NThyb0d5MFQ1a1RKb01DYlVORndVSDcteVpDYktCWDFLdjFiNENvemxvTFFvY2phOXN3Y243Qmc3Y0tOSnpjY0NCVkhIcWhQd1gtVEFtT1p4dTJxZGRVQnktN0paN3FvUlhlSjlJVnV4VUlaU2VIMlZqbDNiakRacTUzZU5oTUE5emhST1pzemlHQ1NfMk1HRUJzQl80WWRVLUgtWnlsMlNoZHlBUHJJQTRjUGJDTmQwekh5QXVBLXZuQ0FwYzR2ak1fN3RhN0ljamZPeEpodw?oc=5\" target=\"_blank\" rel=\"nofollow noopener\">Tennis &#8211; ATP Washington : M\u00fcller met fin \u00e0 sa s\u00e9rie noire, Bonzi s\u00e8chement battu<\/a>&nbsp;&nbsp;Eurosport<\/li>\n<li><a href=\"https:\/\/news.google.com\/rss\/articles\/CBMiygFBVV95cUxQNzlHNk1fX256cXA3UXhqUW9IY05kaXlZQmROV3JFaXVMSU1XSmI4c0hxT3p1UFp5Rm5iSW0wQlVLN1AyVDlydk9oZU9ycmtrTFd6bUlVLVFYbUo5OWVyYm02ZUN2Z3VvalFEeXlPMXFzU3daWVZlWUx1ODRvSnJxemZzc29sbDg3YVFmX1ctejE2SmI4ajFqd1cxNlJoWjgzcnVEYjJfMDBMcElPTlZPV3ZZR3Yyc09CVHowQkJkcF91RGRqSVVxNEhR?oc=5\" target=\"_blank\" rel=\"nofollow noopener\">Tennis : Alexandre M\u00fcller passe le premier tour \u00e0 Washington, Benjamin Bonzi et Giovanni Mpetshi Perricard d\u00e9j\u00e0 \u00e9limin\u00e9s<\/a>&nbsp;&nbsp;Sud Ouest<\/li>\n<\/ol>\n","protected":false},"excerpt":{"rendered":"R\u00e9sultat : Alexandre M\u00fcller &#8211; Corentin Moutet, ATP 500, Washington, Deuxi\u00e8me tour, Mercredi 23 juillet 2025&nbsp;&nbsp;L&rsquo;\u00c9quipe R\u00e9sultat :&hellip;\n","protected":false},"author":2,"featured_media":1983,"comment_status":"","ping_status":"","sticky":false,"template":"","format":"standard","meta":{"footnotes":""},"categories":[1415],"tags":[1011,27,60,1467],"class_list":{"0":"post-267042","1":"post","2":"type-post","3":"status-publish","4":"format-standard","5":"has-post-thumbnail","7":"category-tennis","8":"tag-fr","9":"tag-france","10":"tag-sports","11":"tag-tennis"},"share_on_mastodon":{"url":"https:\/\/pubeurope.com\/@fr\/114900310535203048","error":""},"_links":{"self":[{"href":"https:\/\/www.europesays.com\/fr\/wp-json\/wp\/v2\/posts\/267042","targetHints":{"allow":["GET"]}}],"collection":[{"href":"https:\/\/www.europesays.com\/fr\/wp-json\/wp\/v2\/posts"}],"about":[{"href":"https:\/\/www.europesays.com\/fr\/wp-json\/wp\/v2\/types\/post"}],"author":[{"embeddable":true,"href":"https:\/\/www.europesays.com\/fr\/wp-json\/wp\/v2\/users\/2"}],"replies":[{"embeddable":true,"href":"https:\/\/www.europesays.com\/fr\/wp-json\/wp\/v2\/comments?post=267042"}],"version-history":[{"count":0,"href":"https:\/\/www.europesays.com\/fr\/wp-json\/wp\/v2\/posts\/267042\/revisions"}],"wp:featuredmedia":[{"embeddable":true,"href":"https:\/\/www.europesays.com\/fr\/wp-json\/wp\/v2\/media\/1983"}],"wp:attachment":[{"href":"https:\/\/www.europesays.com\/fr\/wp-json\/wp\/v2\/media?parent=267042"}],"wp:term":[{"taxonomy":"category","embeddable":true,"href":"https:\/\/www.europesays.com\/fr\/wp-json\/wp\/v2\/categories?post=267042"},{"taxonomy":"post_tag","embeddable":true,"href":"https:\/\/www.europesays.com\/fr\/wp-json\/wp\/v2\/tags?post=267042"}],"curies":[{"name":"wp","href":"https:\/\/api.w.org\/{rel}","templated":true}]}}