{"id":267043,"date":"2025-07-23T03:00:09","date_gmt":"2025-07-23T03:00:09","guid":{"rendered":"https:\/\/www.europesays.com\/fr\/267043\/"},"modified":"2025-07-23T03:00:09","modified_gmt":"2025-07-23T03:00:09","slug":"le-meilleur-dinstagram-cette-semaine-marquez-se-fait-doucher-par-son-equipe-zarco-fete-ses-35-ans-bastianini-de-retour-sur-le-podium-avec-tech3-14-20-juillet","status":"publish","type":"post","link":"https:\/\/www.europesays.com\/fr\/267043\/","title":{"rendered":"Le meilleur d&rsquo;Instagram cette semaine : M\u00e1rquez se fait doucher par son \u00e9quipe, Zarco f\u00eate ses 35 ans, Bastianini de retour sur le podium avec Tech3&#8230; (14-20 juillet)"},"content":{"rendered":"<p><strong>Chaque semaine, les pilotes et les \u00e9quipes des<br \/>\ndiff\u00e9rents championnats partagent leur quotidien sur les r\u00e9seaux<br \/>\nsociaux, avec une pr\u00e9f\u00e9rence pour <a href=\"https:\/\/www.instagram.com\/\" rel=\"nofollow noopener\" target=\"_blank\">Instagram<\/a>. C\u2019est bel et bien sur<br \/>\nce r\u00e9seau social qu\u2019il faut \u00eatre pour ne rien manquer, mais il<br \/>\nn\u2019est pas toujours \u00e9vident de voir tous les posts.<\/strong><br \/>\n<strong>Entre actualit\u00e9, belles images, humour et parfois \u00e9motion,<br \/>\nnous vous proposons chaque semaine de d\u00e9couvrir \u00ab le meilleur<br \/>\nd\u2019Instagram \u00bb afin de suivre les coulisses du MotoGP, Moto2, Moto3,<br \/>\nSuperbike ou encore MotoAmerica au fil des publications. C\u2019est<br \/>\nparti !<\/strong><\/p>\n<p style=\"text-align: center;\"><strong>LE MEILLEUR D\u2019INSTAGRAM :<br \/>\nSEMAINE DU 14 AU 20 JUILLET<\/strong><\/p>\n<p>Mercredi 16 juillet : D\u00e9couvrez les coulisses du montage<br \/>\net de l\u2019am\u00e9nagement du box <strong>Tech3<\/strong> Moto3<br \/>\n(Cliquez sur l\u2019image pour voir la vid\u00e9o).<\/p>\n<p>Jeudi 17 juillet : <strong>Johann Zarco<\/strong> a f\u00eat\u00e9<br \/>\nses 35 ans la veille et a tenu \u00e0 remercier ses fans pour leurs<br \/>\nmessages (Cliquez sur l\u2019image pour voir la vid\u00e9o).<\/p>\n<p>Jeudi 17 juillet : <strong>Jorge Mart\u00edn<\/strong> heureux<br \/>\n\u00e0 la sortie du bilan m\u00e9dical qui l\u2019a d\u00e9clar\u00e9 apte \u00e0 rouler<br \/>\n(Cliquez sur l\u2019image pour voir la vid\u00e9o).<\/p>\n<p>Jeudi 17 juillet : <strong>Enea Bastianini<\/strong> vous<br \/>\nemm\u00e8ne faire un tour du circuit de Brno en scooter (Cliquez sur<br \/>\nl\u2019image pour voir la vid\u00e9o).<\/p>\n<p>Vendredi 18 juillet : Le pr\u00e9sident de la R\u00e9publique<br \/>\nTch\u00e8que, Petr Pavel, \u00e9tait pr\u00e9sent sur le Grand Prix et a rendu<br \/>\nvisite au <strong>team VR46<\/strong>\u00a0(Cliquez sur l\u2019image<br \/>\npour voir la vid\u00e9o).<\/p>\n<p>Samedi 19 juillet : L\u2019arriv\u00e9e de <strong>Francesco<br \/>\nBagnaia<\/strong> au parc ferm\u00e9 apr\u00e8s <a href=\"https:\/\/www.paddock-gp.com\/motogp-brno-q2-francesco-bagnaia-en-pole-on-a-juste-fait-un-petit-ajustement\/\" target=\"_blank\" rel=\"noopener nofollow\">sa premi\u00e8re pole position de<br \/>\nl\u2019ann\u00e9e<\/a> (Cliquez sur l\u2019image pour voir la vid\u00e9o).<\/p>\n<p>Samedi 19 juillet : <strong>Joan Mir<\/strong> f\u00e9licit\u00e9<br \/>\npar son \u00e9quipe \u00e0 la fin de la Q2, o\u00f9 il a \u00e9gal\u00e9 sa meilleure<br \/>\nqualification avec Honda (Cliquez sur l\u2019image pour voir la<br \/>\nvid\u00e9o).<\/p>\n<p>Samedi 19 juillet : L\u2019euphorie d\u2019<strong>Enea<br \/>\nBastianini<\/strong> et du team Tech3 pour leur premier podium<br \/>\nensemble (Cliquez sur l\u2019image pour voir la vid\u00e9o).<\/p>\n<p>Dimanche 20 juillet : En toute d\u00e9contraction, <strong>Pol<br \/>\nEspargar\u00f3<\/strong> a parl\u00e9 en visio \u00e0 ses filles sur la grille de<br \/>\nd\u00e9part (Cliquez sur l\u2019image pour voir la vid\u00e9o).<\/p>\n<blockquote class=\"instagram-media\" style=\"background: #FFF; border: 0; border-radius: 3px; box-shadow: 0 0 1px 0 rgba(0,0,0,0.5),0 1px 10px 0 rgba(0,0,0,0.15); margin: 1px; max-width: 540px; min-width: 326px; padding: 0; width: calc(100% - 2px);\" data-instgrm-captioned=\"\" data-instgrm-permalink=\"https:\/\/www.instagram.com\/reel\/DMVCquOsWOz\/?utm_source=ig_embed&amp;utm_campaign=loading\" data-instgrm-version=\"14\">\n<\/blockquote>\n<p>Dimanche 20 juillet : <strong>Marco Bezzecchi<\/strong><br \/>\ns\u2019est fait doucher par son \u00e9quipe apr\u00e8s son podium (Cliquez sur<br \/>\nl\u2019image pour voir la vid\u00e9o).<\/p>\n<p>Dimanche 20 juillet : <strong>Marc M\u00e1rquez<\/strong> aussi<br \/>\napr\u00e8s sa victoire ! (Cliquez sur l\u2019image pour voir la<br \/>\nvid\u00e9o)<\/p>\n<blockquote class=\"instagram-media\" style=\"background: #FFF; border: 0; border-radius: 3px; box-shadow: 0 0 1px 0 rgba(0,0,0,0.5),0 1px 10px 0 rgba(0,0,0,0.15); margin: 1px; max-width: 540px; min-width: 326px; padding: 0; width: calc(100% - 2px);\" data-instgrm-captioned=\"\" data-instgrm-permalink=\"https:\/\/www.instagram.com\/reel\/DMVUl0TIej8\/?utm_source=ig_embed&amp;utm_campaign=loading\" data-instgrm-version=\"14\">\n<\/blockquote>\n<p>Dimanche 20 juillet : <strong>Fabio Quartararo<\/strong><br \/>\net <strong>Jack Miller<\/strong> se reposent dans le box Pramac<br \/>\napr\u00e8s la course (Cliquez sur l\u2019image pour voir la<br \/>\nvid\u00e9o).<\/p>\n<p><script async src=\"\/\/www.instagram.com\/embed.js\"><\/script><\/p>\n","protected":false},"excerpt":{"rendered":"Chaque semaine, les pilotes et les \u00e9quipes des diff\u00e9rents championnats partagent leur quotidien sur les r\u00e9seaux sociaux, avec&hellip;\n","protected":false},"author":2,"featured_media":267044,"comment_status":"","ping_status":"","sticky":false,"template":"","format":"standard","meta":{"footnotes":""},"categories":[1413],"tags":[1011,27,1457,1456,60],"class_list":{"0":"post-267043","1":"post","2":"type-post","3":"status-publish","4":"format-standard","5":"has-post-thumbnail","7":"category-moto","8":"tag-fr","9":"tag-france","10":"tag-moto","11":"tag-motocycle","12":"tag-sports"},"share_on_mastodon":{"url":"https:\/\/pubeurope.com\/@fr\/114900318551514158","error":""},"_links":{"self":[{"href":"https:\/\/www.europesays.com\/fr\/wp-json\/wp\/v2\/posts\/267043","targetHints":{"allow":["GET"]}}],"collection":[{"href":"https:\/\/www.europesays.com\/fr\/wp-json\/wp\/v2\/posts"}],"about":[{"href":"https:\/\/www.europesays.com\/fr\/wp-json\/wp\/v2\/types\/post"}],"author":[{"embeddable":true,"href":"https:\/\/www.europesays.com\/fr\/wp-json\/wp\/v2\/users\/2"}],"replies":[{"embeddable":true,"href":"https:\/\/www.europesays.com\/fr\/wp-json\/wp\/v2\/comments?post=267043"}],"version-history":[{"count":0,"href":"https:\/\/www.europesays.com\/fr\/wp-json\/wp\/v2\/posts\/267043\/revisions"}],"wp:featuredmedia":[{"embeddable":true,"href":"https:\/\/www.europesays.com\/fr\/wp-json\/wp\/v2\/media\/267044"}],"wp:attachment":[{"href":"https:\/\/www.europesays.com\/fr\/wp-json\/wp\/v2\/media?parent=267043"}],"wp:term":[{"taxonomy":"category","embeddable":true,"href":"https:\/\/www.europesays.com\/fr\/wp-json\/wp\/v2\/categories?post=267043"},{"taxonomy":"post_tag","embeddable":true,"href":"https:\/\/www.europesays.com\/fr\/wp-json\/wp\/v2\/tags?post=267043"}],"curies":[{"name":"wp","href":"https:\/\/api.w.org\/{rel}","templated":true}]}}