{"id":267047,"date":"2025-07-23T03:02:12","date_gmt":"2025-07-23T03:02:12","guid":{"rendered":"https:\/\/www.europesays.com\/fr\/267047\/"},"modified":"2025-07-23T03:02:12","modified_gmt":"2025-07-23T03:02:12","slug":"tdf-tour-de-france-la-17e-etape-retour-des-sprinteurs-a-valence-parcours-et-profil","status":"publish","type":"post","link":"https:\/\/www.europesays.com\/fr\/267047\/","title":{"rendered":"TDF. Tour de France &#8211; La 17e \u00e9tape, retour des sprinteurs \u00e0 Valence ? Parcours et profil"},"content":{"rendered":"<p>Au lendemain du mythique Mont Ventoux et \u00e0 la veille du d\u00e9but de la grande bataille dans les Alpes, va-t-on (enfin) assister \u00e0 une vraie journ\u00e9e de transition sur le <strong><a href=\"https:\/\/www.cyclismactu.net\/..\/news-tdf-route-tour-de-france-valentin-paret-peintre-16e-etape-ventoux-pogacar-solide-89135.html\" target=\"_blank\" rel=\"nofollow noopener\">Tour de France<\/a><\/strong> ce mercredi ?\u00a0La 17e \u00e9tape entre\u00a0Boll\u00e8ne et Valence, longue de 160,4 km, semble en tout cas sur le papier promise aux sprinteurs, avec seulement 1650 m\u00e8tres de d\u00e9nivel\u00e9 et peu de relief sur les routes du\u00a0Vaucluse et de la Dr\u00f4me. Sevr\u00e9s de sprint massif depuis la 9e \u00e9tape \u00e0 Ch\u00e2teauroux, les bolides du peloton ne voudront pas laisser passer ce qui pourrait bien \u00eatre leur derni\u00e8re opportunit\u00e9 de victoire sur cette 112e \u00e9dition, l&rsquo;arriv\u00e9e \u00e0 Paris sur les\u00a0Champs-\u00c9lys\u00e9es ayant \u00e9t\u00e9 cors\u00e9e cette ann\u00e9e. <\/p>\n<p>Vid\u00e9o &#8211; Valentin Paret-Peintre, vainqueur de la 16e \u00e9tape Lire la suite de l&rsquo;article&#13;<\/p>\n<p>\u00a0<\/p>\n<p>&#13;<br \/>\nNouveau duel entre Milan et Merlier&#8230; et une journ\u00e9e importante pour le maillot vert ?&#13;<\/p>\n<p>Les \u00e9quipes <strong>Lild-Trek<\/strong> et <strong>Soudal Quick-Step<\/strong> du maillot vert <strong>Jonathan Milan<\/strong> et de <strong>Tim Merlier<\/strong> vont devoir contr\u00f4ler et assumer le poids de la course tout au long de la journ\u00e9e pour les deux immenses favoris en cas d&rsquo;arriv\u00e9e group\u00e9e. L&rsquo;Italien ne doit pas se rater et prendre de l&rsquo;avance sur <strong>Tadej\u00a0Pogacar<\/strong> au classement par points avant les Alpes. Attention toutefois \u00e0 ce genre d&rsquo;\u00e9tape en 3e et derni\u00e8re semaine, le sc\u00e9nario pouvant tourner en faveur d&rsquo;une \u00e9chapp\u00e9e de solides baroudeurs avec la fatigue du peloton et des \u00e9quipiers. <\/p>\n<p>&#13;<\/p>\n<p>Autre facteur \u00e0 surveiller dans les 50 derniers kilom\u00e8tres : si le vent se l\u00e8ve, il pourrait comme souvent dans le secteur jouer un r\u00f4le majeur, avec de nombreux\u00a0changements de direction propice \u00e0 des bordures dans le final. Bref, si un sprint est plus que probable, les coureurs pourraient comme souvent depuis le d\u00e9but de ce <strong>Tour<\/strong> nous surprendre et nous offrir un sc\u00e9nario bien plus anim\u00e9 que pr\u00e9vu, avec notamment une grosse bataille \u00e0 venir pour l&rsquo;\u00e9chapp\u00e9e.<\/p>\n<p>&#13;<\/p>\n<p>\u00a0<\/p>\n<p>&#13;<br \/>\n<strong>Le parcours de la 17e \u00e9tape<\/strong>&#13;<\/p>\n<p>&#8211; Mercredi 23 juillet \u2013\u00a0<strong>\u00c9tape 17<\/strong>\u00a0: Boll\u00e8ne &#8211; Valence \/ 160,4 km<\/p>\n<p>&#13;<\/p>\n<p><img decoding=\"async\" src=\"https:\/\/www.europesays.com\/fr\/wp-content\/uploads\/2025\/07\/tourdf17.jpg\" style=\"max-width:100%;max-height:100%;\" alt=\"image\" loading=\"lazy\"\/><\/p>\n<p>&#13;<\/p>\n<p>\u00a0<\/p>\n<p>&#13;<br \/>\nLa liste de d\u00e9part de ce <strong>Tour de France 2025,\u00a0<\/strong>c&rsquo;est\u00a0<strong style=\"font-size: 10px;\"><a href=\"https:\/\/www.cyclismactu.net\/..\/news-tdf-route-tour-de-france-la-startlist-du-tour-de-france-184-coureurs-depart-88207.html\" target=\"_blank\" rel=\"nofollow noopener\">\u00e0 retrouver ICI en cliquant sur ce lien<\/a><\/strong> !Tour de France &#8211; Classement g\u00e9n\u00e9ral provisoire apr\u00e8s la 16\u00e8 \u00e9tape<\/p>\n","protected":false},"excerpt":{"rendered":"Au lendemain du mythique Mont Ventoux et \u00e0 la veille du d\u00e9but de la grande bataille dans les&hellip;\n","protected":false},"author":2,"featured_media":267048,"comment_status":"","ping_status":"","sticky":false,"template":"","format":"standard","meta":{"footnotes":""},"categories":[1411],"tags":[1154,207,211,1011,27,209,60,210,212,208,213],"class_list":{"0":"post-267047","1":"post","2":"type-post","3":"status-publish","4":"format-standard","5":"has-post-thumbnail","7":"category-cyclisme","8":"tag-cycling","9":"tag-cyclisme","10":"tag-ffc","11":"tag-fr","12":"tag-france","13":"tag-route","14":"tag-sports","15":"tag-tour-de-france","16":"tag-uci","17":"tag-velo","18":"tag-world-tour"},"share_on_mastodon":{"url":"https:\/\/pubeurope.com\/@fr\/114900326471795376","error":""},"_links":{"self":[{"href":"https:\/\/www.europesays.com\/fr\/wp-json\/wp\/v2\/posts\/267047","targetHints":{"allow":["GET"]}}],"collection":[{"href":"https:\/\/www.europesays.com\/fr\/wp-json\/wp\/v2\/posts"}],"about":[{"href":"https:\/\/www.europesays.com\/fr\/wp-json\/wp\/v2\/types\/post"}],"author":[{"embeddable":true,"href":"https:\/\/www.europesays.com\/fr\/wp-json\/wp\/v2\/users\/2"}],"replies":[{"embeddable":true,"href":"https:\/\/www.europesays.com\/fr\/wp-json\/wp\/v2\/comments?post=267047"}],"version-history":[{"count":0,"href":"https:\/\/www.europesays.com\/fr\/wp-json\/wp\/v2\/posts\/267047\/revisions"}],"wp:featuredmedia":[{"embeddable":true,"href":"https:\/\/www.europesays.com\/fr\/wp-json\/wp\/v2\/media\/267048"}],"wp:attachment":[{"href":"https:\/\/www.europesays.com\/fr\/wp-json\/wp\/v2\/media?parent=267047"}],"wp:term":[{"taxonomy":"category","embeddable":true,"href":"https:\/\/www.europesays.com\/fr\/wp-json\/wp\/v2\/categories?post=267047"},{"taxonomy":"post_tag","embeddable":true,"href":"https:\/\/www.europesays.com\/fr\/wp-json\/wp\/v2\/tags?post=267047"}],"curies":[{"name":"wp","href":"https:\/\/api.w.org\/{rel}","templated":true}]}}