{"id":267052,"date":"2025-07-23T03:06:14","date_gmt":"2025-07-23T03:06:14","guid":{"rendered":"https:\/\/www.europesays.com\/fr\/267052\/"},"modified":"2025-07-23T03:06:14","modified_gmt":"2025-07-23T03:06:14","slug":"hachette-livre-lance-sa-boutique-officielle-sur-tiktok-shop","status":"publish","type":"post","link":"https:\/\/www.europesays.com\/fr\/267052\/","title":{"rendered":"Hachette Livre lance sa boutique officielle sur TikTok Shop"},"content":{"rendered":"<p>Hachette Livre arrive sur TikTok Shop. Le groupe leader de l&rsquo;\u00e9dition fran\u00e7aise propose \u00e0 compter de mardi 22 juillet les titres de son catalogue sur la plateforme de commerce \u00e9lectronique int\u00e9gr\u00e9e \u00e0 l&rsquo;application TikTok.\u00a0<\/p>\n<p>Lanc\u00e9 aux \u00c9tats-Unis en septembre 2023, TikTok Shop n&rsquo;est disponible en France que depuis avril dernier. L\u2019objectif de Hachette Livre\u00a0est \u00ab\u00a0de rendre la lecture plus accessible\u00a0\u00bb et surtout de toucher un lectorat plus jeune, pr\u00e9sent\u00a0sur le r\u00e9seau social, explique un communiqu\u00e9.\u00a0<\/p>\n<p>Ce nouveau d\u00e9veloppement se mat\u00e9rialise sous la forme d\u2019une boutique officielle Hachette Livre sur TikTok Shop, avec une s\u00e9lection d\u2019ouvrages du catalogue propos\u00e9e selon le public estim\u00e9 sur la plateforme\u00a0tout en restant g\u00e9n\u00e9raliste : romans, pratique, livre de cuisine, loisirs et cr\u00e9atifs, ou encore jeunesse.<\/p>\n<p>\u00ab TikTok Shop constitue pour Hachette Livre une opportunit\u00e9 strat\u00e9gique pour aller \u00e0 la rencontre d\u2019une nouvelle g\u00e9n\u00e9ration de lecteurs (\u2026) en l\u2019ancrant dans leurs usages num\u00e9riques quotidiens \u00bb, explique dans un communiqu\u00e9\u00a0<strong>Guillaume Pech-Gourg<\/strong>, directeur CRM et marketing digital chez\u00a0Hachette Livre.<\/p>\n<p>Du lien avec les auteurs<\/p>\n<p>Le catalogue sera valoris\u00e9 par des cr\u00e9ateurs de contenus et m\u00eame certains auteurs directement, traduisant la volont\u00e9 de la part de Hachette Livre de proposer un nouveau service de communication \u00e0 ses auteurs avec ce lien direct, les commentaires sur l\u2019application\u00a0et l\u2019option \u00ab\u00a0Live Shopping\u00a0\u00bb.<\/p>\n<p>Ce lancement s\u2019inscrit dans la continuit\u00e9 des lancements de TikTok Shop Hachette UK et Hachette Book Group aux \u00c9tats-Unis. Le r\u00e9seau a pris de l\u2019ampleur dans le monde de l\u2019\u00e9dition via sa communaut\u00e9 #BookTok, avec des dizaines de millions de vid\u00e9os publi\u00e9es et une multitude d\u2019influenceurs existants.<\/p>\n<p>\u00ab\u00a0Gr\u00e2ce aux contenus partag\u00e9s autour de #BookTok, TikTok a pu redonner envie de lire, de partager ses coups de c\u0153ur sous un angle nouveau, se r\u00e9jouit <strong>Mehdi Meghzifene<\/strong>, directeur TikTok Shop France. D\u00e9sormais en accueillant Hachette Livre sur TikTok Shop, notre communaut\u00e9 pourra passer de la d\u00e9couverte et de l\u2019inspiration \u00e0 l\u2019achat d\u2019un livre, directement depuis l\u2019application.\u00a0\u00bb<\/p>\n","protected":false},"excerpt":{"rendered":"Hachette Livre arrive sur TikTok Shop. Le groupe leader de l&rsquo;\u00e9dition fran\u00e7aise propose \u00e0 compter de mardi 22&hellip;\n","protected":false},"author":2,"featured_media":267053,"comment_status":"","ping_status":"","sticky":false,"template":"","format":"standard","meta":{"footnotes":""},"categories":[1357],"tags":[1379,58,59,1011,27,1380],"class_list":{"0":"post-267052","1":"post","2":"type-post","3":"status-publish","4":"format-standard","5":"has-post-thumbnail","7":"category-livres","8":"tag-books","9":"tag-divertissement","10":"tag-entertainment","11":"tag-fr","12":"tag-france","13":"tag-livres"},"share_on_mastodon":{"url":"https:\/\/pubeurope.com\/@fr\/114900342110529451","error":""},"_links":{"self":[{"href":"https:\/\/www.europesays.com\/fr\/wp-json\/wp\/v2\/posts\/267052","targetHints":{"allow":["GET"]}}],"collection":[{"href":"https:\/\/www.europesays.com\/fr\/wp-json\/wp\/v2\/posts"}],"about":[{"href":"https:\/\/www.europesays.com\/fr\/wp-json\/wp\/v2\/types\/post"}],"author":[{"embeddable":true,"href":"https:\/\/www.europesays.com\/fr\/wp-json\/wp\/v2\/users\/2"}],"replies":[{"embeddable":true,"href":"https:\/\/www.europesays.com\/fr\/wp-json\/wp\/v2\/comments?post=267052"}],"version-history":[{"count":0,"href":"https:\/\/www.europesays.com\/fr\/wp-json\/wp\/v2\/posts\/267052\/revisions"}],"wp:featuredmedia":[{"embeddable":true,"href":"https:\/\/www.europesays.com\/fr\/wp-json\/wp\/v2\/media\/267053"}],"wp:attachment":[{"href":"https:\/\/www.europesays.com\/fr\/wp-json\/wp\/v2\/media?parent=267052"}],"wp:term":[{"taxonomy":"category","embeddable":true,"href":"https:\/\/www.europesays.com\/fr\/wp-json\/wp\/v2\/categories?post=267052"},{"taxonomy":"post_tag","embeddable":true,"href":"https:\/\/www.europesays.com\/fr\/wp-json\/wp\/v2\/tags?post=267052"}],"curies":[{"name":"wp","href":"https:\/\/api.w.org\/{rel}","templated":true}]}}