{"id":267060,"date":"2025-07-23T03:10:12","date_gmt":"2025-07-23T03:10:12","guid":{"rendered":"https:\/\/www.europesays.com\/fr\/267060\/"},"modified":"2025-07-23T03:10:12","modified_gmt":"2025-07-23T03:10:12","slug":"epidemie-de-grippe-a-la-reunion-les-urgences-cabinet-medicaux-et-pharmacies-pris-dassaut","status":"publish","type":"post","link":"https:\/\/www.europesays.com\/fr\/267060\/","title":{"rendered":"\u00c9pid\u00e9mie de grippe \u00e0 La R\u00e9union\u00a0: les urgences, cabinet m\u00e9dicaux et pharmacies pris d\u2019assaut"},"content":{"rendered":"<p>Le nez enrhum\u00e9, la gorge enflamm\u00e9e, fatigue, courbatures, ce sont des sympt\u00f4mes qui ne trompent pas. Dans de nombreux foyers, la grippe s\u2019invite en cette p\u00e9riode d\u2019hiver austral. La R\u00e9union est officiellement en phase \u00e9pid\u00e9mique\u00a0: les urgences, les cabinets m\u00e9dicaux et les pharmacies ne d\u00e9semplissent pas.<\/p>\n<p>Mouchoir \u00e0 la main, la grippe n\u2019est s\u00fbrement pas tr\u00e8s loin. Entre le 7 et le 13 juillet, 226 patients ont \u00e9t\u00e9 admis aux urgences pour un syndrome grippal dont 30 hospitalisations. Les sympt\u00f4mes sont souvent les m\u00eames\u00a0: \u00ab\u00a0Le soir je commence \u00e0 avoir de la toux et le nez qui coule, la journ\u00e9e \u00e7a va. Je suis chez le\u00a0m\u00e9decin ce matin pour voir ce que j\u2019ai.\u00a0\u00bb<\/p>\n<p>Le principal virus en circulation est de type A (H3N2), il peut provoquer de la fi\u00e8vre, des douleurs musculaires, maux de gorge et mal de t\u00eate.\u00a0<\/p>\n<p>Selon le Dr. Eric Farella\u00a0: \u00ab\u00a0Ils ont un traitement symptomatique, on va traiter la fi\u00e8vre et les courbatures. On demande aux gens de bien s\u2019hydrater. Toujours bien se moucher et avoir les mains propres.\u00a0\u00bb<\/p>\n<p>80% des virus et des bact\u00e9ries sont transmis par les mains. Attention aussi \u00e0 vos smartphones, ils pr\u00e9sentent en moyenne 17 000 bact\u00e9ries et virus (source\u00a0: minist\u00e8re du Travail, de la Sant\u00e9, des Solidarit\u00e9s et des Familles).<\/p>\n<p>Selon l\u2019ARS, la vaccination reste la solution la plus efficace pour se pr\u00e9munir de la grippe et prot\u00e9ger les personnes \u00e0 risques\u00a0: \u00ab\u00a0On conseille la vaccination aux personnes de plus de 65 ans et ceux qui sont en ALD. Les autres personnes qui veulent se faire vacciner, m\u00eame s\u2019ils sont jeunes, c\u2019est possible\u00a0\u00bb, souligne Claude Cheung Lung pharmacien.\u00a0<\/p>\n<p>Plus d\u2019une centaine de personnes sont vaccin\u00e9es chaque mois, mais la couverture vaccinale est insuffisante \u00e0 La R\u00e9union. En 2024, environ 47 000 personnes ont \u00e9t\u00e9 vaccin\u00e9es contre la grippe sur pr\u00e8s de 190 000 personnes \u00e9ligibles. \u00c0 noter que les personnes \u00e0 risque peuvent b\u00e9n\u00e9ficier d\u2019une prise en charge \u00e0 100% de la vaccination.\u00a0<\/p>\n","protected":false},"excerpt":{"rendered":"Le nez enrhum\u00e9, la gorge enflamm\u00e9e, fatigue, courbatures, ce sont des sympt\u00f4mes qui ne trompent pas. Dans de&hellip;\n","protected":false},"author":2,"featured_media":267061,"comment_status":"","ping_status":"","sticky":false,"template":"","format":"standard","meta":{"footnotes":""},"categories":[10],"tags":[47,1011,27,72,6335,1922,6336,7224,71,104],"class_list":{"0":"post-267060","1":"post","2":"type-post","3":"status-publish","4":"format-standard","5":"has-post-thumbnail","7":"category-sante","8":"tag-actualite","9":"tag-fr","10":"tag-france","11":"tag-health","12":"tag-home-page","13":"tag-info","14":"tag-la-reunion","15":"tag-newsletter-soir","16":"tag-sante","17":"tag-societe"},"share_on_mastodon":{"url":"https:\/\/pubeurope.com\/@fr\/114900357800343086","error":""},"_links":{"self":[{"href":"https:\/\/www.europesays.com\/fr\/wp-json\/wp\/v2\/posts\/267060","targetHints":{"allow":["GET"]}}],"collection":[{"href":"https:\/\/www.europesays.com\/fr\/wp-json\/wp\/v2\/posts"}],"about":[{"href":"https:\/\/www.europesays.com\/fr\/wp-json\/wp\/v2\/types\/post"}],"author":[{"embeddable":true,"href":"https:\/\/www.europesays.com\/fr\/wp-json\/wp\/v2\/users\/2"}],"replies":[{"embeddable":true,"href":"https:\/\/www.europesays.com\/fr\/wp-json\/wp\/v2\/comments?post=267060"}],"version-history":[{"count":0,"href":"https:\/\/www.europesays.com\/fr\/wp-json\/wp\/v2\/posts\/267060\/revisions"}],"wp:featuredmedia":[{"embeddable":true,"href":"https:\/\/www.europesays.com\/fr\/wp-json\/wp\/v2\/media\/267061"}],"wp:attachment":[{"href":"https:\/\/www.europesays.com\/fr\/wp-json\/wp\/v2\/media?parent=267060"}],"wp:term":[{"taxonomy":"category","embeddable":true,"href":"https:\/\/www.europesays.com\/fr\/wp-json\/wp\/v2\/categories?post=267060"},{"taxonomy":"post_tag","embeddable":true,"href":"https:\/\/www.europesays.com\/fr\/wp-json\/wp\/v2\/tags?post=267060"}],"curies":[{"name":"wp","href":"https:\/\/api.w.org\/{rel}","templated":true}]}}