{"id":267069,"date":"2025-07-23T03:15:15","date_gmt":"2025-07-23T03:15:15","guid":{"rendered":"https:\/\/www.europesays.com\/fr\/267069\/"},"modified":"2025-07-23T03:15:15","modified_gmt":"2025-07-23T03:15:15","slug":"leditorial-de-patrick-saint-paul-guerre-en-ukraine-donald-trump-lapprenti-le-figaro","status":"publish","type":"post","link":"https:\/\/www.europesays.com\/fr\/267069\/","title":{"rendered":"L\u2019\u00e9ditorial de Patrick Saint-Paul : \u00abGuerre en Ukraine, Donald Trump l\u2019Apprenti\u00bb &#8211; Le Figaro"},"content":{"rendered":"<ol>\n<li><a href=\"https:\/\/news.google.com\/rss\/articles\/CBMiugFBVV95cUxOV2lMY25mcDN6WGFoTlhrYTdxYlc1Zng5TVBsSFM4dzlaR0t1d0pieWZMUkt2WTExa2t3RzROalE4Q25nNEpIbkVvQzdnb2I2RVdjakVuX2M4RXBvYzJCQlNTc1ZqYlhFdGt6YlJBUUNfRFZudjN3R2dxeEpzM0FSSEZVXzh6QXlrX1ZiNHRaY0R6anNEMzNyakhwZlBKa0ctaUxtb2h0cW4tSDF2Y0xIS1NVUm1uX2E1bmc?oc=5\" target=\"_blank\" rel=\"noopener\">L\u2019\u00e9ditorial de Patrick Saint-Paul : \u00abGuerre en Ukraine, Donald Trump l\u2019Apprenti\u00bb<\/a>&nbsp;&nbsp;Le Figaro<\/li>\n<li><a href=\"https:\/\/news.google.com\/rss\/articles\/CBMitAFBVV95cUxNUmIzM1k5R2gzLS1oZlFrdmNzd1VFTkdYM0FMV0dVT2RNUWhhUW1NZkx1TVpjbVhkOVN6WmluUnVzRUU3aXpta1pBejRVVTVRMUNzU2xLUTQ0ckkyR0ZhZ2VGWUw2dndic1lJbHZBbnllQzRuMjlKVjBsTkR1SE9uNWdvOHl2YktTMndfUVdIc0Y0aVotTlhyTFN5LUFFYnhXWllIOXhPazMtUkRkZXdrckZjYno?oc=5\" target=\"_blank\" rel=\"noopener\">Guerre en Ukraine : les raisons du revirement de Trump face \u00e0 Poutine<\/a>&nbsp;&nbsp;Le Figaro<\/li>\n<li><a href=\"https:\/\/news.google.com\/rss\/articles\/CBMi4gFBVV95cUxOQXNDVnhOM2NnbWh1WDZ6aXpLb2hlc3JzM0pQclMyS3ktZXJfdVhLQWt2M3BqdUV3UjFqMkdqaHQzSmd0SVBHdGZWdk4xSFF5TkJya0JhQm83Y2VFWVp5UGRoazBTSzRBcDBJdF93cmRWRWhaNUhBVFJ3MW55WUNCbmNfT3hfSTBaTFZwOW9SbjYxRWtmRjJuWEdqb1V0a0xseGRsLVRnZndwUkgzb01ET0ZwRFRhR0N4ZHlmN2hkR1NrQUMtTWs1X3g5UERGZ19jbDZycXY3OHYybF9qYjZFZmNR?oc=5\" target=\"_blank\" rel=\"noopener\">Pourparlers Russie\/Ukraine: \u00ab\u00a0L&rsquo;ultimatum donn\u00e9 par Trump a oblig\u00e9 les Russes \u00e0 faire le geste<\/a>&nbsp;&nbsp;Portail Orange<\/li>\n<li><a href=\"https:\/\/news.google.com\/rss\/articles\/CBMi3wFBVV95cUxOYkl4LTc1a2x4LTJVejNheEtXcHVzbDdjZllnSmE1bko1VTV1TzM1Z2M5MGFnQWR3UkJQRHNZY1dqcWc2TlBmLUhRcl9qVE1jcHpuSk9TNnN2OUUxTkFCVlZxS2k1blU3TUtIWGRta1dKN24xMTV5X3N2bTJFRlZ1R2VtSzlWVllNM0dndXZwM2RBZ0FWMGZsTE5QTVduTWNJaDdrMGZfZ2VxUnI3RFkxRVFZSWFRdTI2SkkxdWlVMXJlMk90dE5xR0FGdmdQOTB4bXJCN3dfT0FHNWVTS2ZF?oc=5\" target=\"_blank\" rel=\"noopener\">La chronique de Fran\u00e7ois Clemenceau. Le cadeau des cinquante jours \u00e0 Poutine<\/a>&nbsp;&nbsp;La Tribune<\/li>\n<li><a href=\"https:\/\/news.google.com\/rss\/articles\/CBMi3AFBVV95cUxQVlBSc0ZRZ0pYYkFfT0t0cHBWVFhJZ1ZSZVFNM0ZDbEtwbHVsYkxwU1AwYXJ1eDVEc1RFd1lVOEx1UFhhNEo5cG5UclEtSnJsT3RlMkNwNE56VTBpek5GRTBNZ2wwR3NZSEFZSWdFVklJck9MYU1tTlFNN0RXUlpMYU9SanVmOHVxLWU2djh5T3A1RDlyQzdFd1lVMWdMa196RmJhRGlJOE55VElOR2wyYzh0TzlDZzRwZURBODN0OEpsWDRyOGN4OFN6MWc3cFZnX0Q1ek1rd3U1cmV0?oc=5\" target=\"_blank\" rel=\"noopener\">Sur la guerre en Ukraine, Donald Trump souffle le chaud et le froid depuis six mois<\/a>&nbsp;&nbsp;Le HuffPost<\/li>\n<\/ol>\n","protected":false},"excerpt":{"rendered":"L\u2019\u00e9ditorial de Patrick Saint-Paul : \u00abGuerre en Ukraine, Donald Trump l\u2019Apprenti\u00bb&nbsp;&nbsp;Le Figaro Guerre en Ukraine : les raisons&hellip;\n","protected":false},"author":2,"featured_media":267070,"comment_status":"","ping_status":"","sticky":false,"template":"","format":"standard","meta":{"footnotes":""},"categories":[5],"tags":[11,75,8425,1011,27,14,12,220,135,28],"class_list":{"0":"post-267069","1":"post","2":"type-post","3":"status-publish","4":"format-standard","5":"has-post-thumbnail","7":"category-international","8":"tag-actualites","9":"tag-donald-trump","10":"tag-editorial-figaro","11":"tag-fr","12":"tag-france","13":"tag-international","14":"tag-news","15":"tag-ukraine","16":"tag-vladimir-poutine","17":"tag-world"},"share_on_mastodon":{"url":"https:\/\/pubeurope.com\/@fr\/114900377486464599","error":""},"_links":{"self":[{"href":"https:\/\/www.europesays.com\/fr\/wp-json\/wp\/v2\/posts\/267069","targetHints":{"allow":["GET"]}}],"collection":[{"href":"https:\/\/www.europesays.com\/fr\/wp-json\/wp\/v2\/posts"}],"about":[{"href":"https:\/\/www.europesays.com\/fr\/wp-json\/wp\/v2\/types\/post"}],"author":[{"embeddable":true,"href":"https:\/\/www.europesays.com\/fr\/wp-json\/wp\/v2\/users\/2"}],"replies":[{"embeddable":true,"href":"https:\/\/www.europesays.com\/fr\/wp-json\/wp\/v2\/comments?post=267069"}],"version-history":[{"count":0,"href":"https:\/\/www.europesays.com\/fr\/wp-json\/wp\/v2\/posts\/267069\/revisions"}],"wp:featuredmedia":[{"embeddable":true,"href":"https:\/\/www.europesays.com\/fr\/wp-json\/wp\/v2\/media\/267070"}],"wp:attachment":[{"href":"https:\/\/www.europesays.com\/fr\/wp-json\/wp\/v2\/media?parent=267069"}],"wp:term":[{"taxonomy":"category","embeddable":true,"href":"https:\/\/www.europesays.com\/fr\/wp-json\/wp\/v2\/categories?post=267069"},{"taxonomy":"post_tag","embeddable":true,"href":"https:\/\/www.europesays.com\/fr\/wp-json\/wp\/v2\/tags?post=267069"}],"curies":[{"name":"wp","href":"https:\/\/api.w.org\/{rel}","templated":true}]}}