{"id":267073,"date":"2025-07-23T03:17:17","date_gmt":"2025-07-23T03:17:17","guid":{"rendered":"https:\/\/www.europesays.com\/fr\/267073\/"},"modified":"2025-07-23T03:17:17","modified_gmt":"2025-07-23T03:17:17","slug":"ol-om-en-dessert-la-programmation-tv-de-la-3e-journee-de-ligue-1","status":"publish","type":"post","link":"https:\/\/www.europesays.com\/fr\/267073\/","title":{"rendered":"OL-OM en dessert, la programmation TV de la 3e journ\u00e9e de Ligue 1"},"content":{"rendered":"<p><img fetchpriority=\"high\" decoding=\"async\" width=\"620\" height=\"413\" src=\"https:\/\/www.europesays.com\/fr\/wp-content\/uploads\/2025\/07\/Ligue-1-illustration-620x413.jpg\" alt=\"OL-OM en dessert, la programmation TV de la 3e journ\u00e9e de Ligue 1\" class=\"wp-image-335876\"  \/>La 3e journ\u00e9e de la Ligue 1 se conclura par le choc entre l\u2019OL et l\u2019OM.<\/p>\n<p>La Ligue de Football Professionnel a rendu publique la grille de diffusion de la 3e journ\u00e9e du championnat de Ligue 1 2025-2026, programm\u00e9e du vendredi 29 au dimanche 31 ao\u00fbt. L\u2019Olympico entre l\u2019<a href=\"https:\/\/sportune.20minutes.fr\/olympique-lyonnais-ol\" target=\"_blank\" rel=\"noopener\">Olympique Lyonnais<\/a> et l\u2019<a href=\"https:\/\/sportune.20minutes.fr\/olympique-de-marseille-om\" target=\"_blank\" rel=\"noopener\">Olympique de Marseille<\/a> constituera l\u2019affiche principale de cette journ\u00e9e.<\/p>\n<p>La plateforme Ligue 1+ assurera la retransmission de huit rencontres sur les neuf matchs au programme. BeIn Sports conserve sa fen\u00eatre traditionnelle du samedi avec une seule affiche.<\/p>\n<p>Programme d\u00e9taill\u00e9<\/p>\n<p><strong>Vendredi 29 ao\u00fbt<\/strong><\/p>\n<p>20h45 (Ligue 1+) : RC Lens \u2013 Stade Brestois 29<\/p>\n<p><strong>Samedi 30 ao\u00fbt<\/strong><\/p>\n<p>17h00 (beIN Sports 1) : FC Lorient \u2013 LOSC Lille<br \/>19h00 (Ligue 1+) : FC Nantes \u2013 AJ Auxerre<br \/>21h05 (Ligue 1+) : Toulouse FC \u2013 Paris Saint-Germain<\/p>\n<p><strong>Dimanche 31 ao\u00fbt<\/strong><\/p>\n<p>15h00 (Ligue 1+) : Angers SCO \u2013 Stade Rennais FC<br \/>17h15 (Ligue 1+) : AS Monaco \u2013 RC Strasbourg Alsace, Paris FC \u2013 FC Metz, Havre AC \u2013 OGC Nice<br \/>20h45 (Ligue 1+) : Olympique Lyonnais \u2013 Olympique de Marseille<\/p>\n<p>Le choc entre l\u2019a href=\u00a0\u00bbhttps:\/\/sportune.20minutes.fr\/olympique-lyonnais-ol\u00a0\u00bb&gt;Olympique Lyonnais et l\u2019<a href=\"https:\/\/sportune.20minutes.fr\/olympique-de-marseille-om\" target=\"_blank\" rel=\"noopener\">Olympique de Marseille<\/a> b\u00e9n\u00e9ficie du cr\u00e9neau le plus prestigieux, dimanche 31 ao\u00fbt \u00e0 20h45. Cette rencontre, surnomm\u00e9e l\u2019Olympico, cl\u00f4turera la 3e journ\u00e9e de championnat sur la plateforme Ligue 1+.<\/p>\n<p>Le match <a href=\"https:\/\/sportune.20minutes.fr\/toulouse-fc-tfc\" target=\"_blank\" rel=\"noopener\">Toulouse FC<\/a> \u2013 <a href=\"https:\/\/sportune.20minutes.fr\/paris-saint-germain-psg\" target=\"_blank\" rel=\"noopener\">Paris SG<\/a>, programm\u00e9 samedi soir, constituera l\u2019autre affiche marquante du week-end, opposant le champion de France en titre aux Violets.<\/p>\n","protected":false},"excerpt":{"rendered":"La 3e journ\u00e9e de la Ligue 1 se conclura par le choc entre l\u2019OL et l\u2019OM. La Ligue&hellip;\n","protected":false},"author":2,"featured_media":256736,"comment_status":"","ping_status":"","sticky":false,"template":"","format":"standard","meta":{"footnotes":""},"categories":[2],"tags":[11,1011,27,66,12,241,149],"class_list":{"0":"post-267073","1":"post","2":"type-post","3":"status-publish","4":"format-standard","5":"has-post-thumbnail","7":"category-actualites","8":"tag-actualites","9":"tag-fr","10":"tag-france","11":"tag-ligue-1","12":"tag-news","13":"tag-ol","14":"tag-om"},"share_on_mastodon":{"url":"https:\/\/pubeurope.com\/@fr\/114900385300378087","error":""},"_links":{"self":[{"href":"https:\/\/www.europesays.com\/fr\/wp-json\/wp\/v2\/posts\/267073","targetHints":{"allow":["GET"]}}],"collection":[{"href":"https:\/\/www.europesays.com\/fr\/wp-json\/wp\/v2\/posts"}],"about":[{"href":"https:\/\/www.europesays.com\/fr\/wp-json\/wp\/v2\/types\/post"}],"author":[{"embeddable":true,"href":"https:\/\/www.europesays.com\/fr\/wp-json\/wp\/v2\/users\/2"}],"replies":[{"embeddable":true,"href":"https:\/\/www.europesays.com\/fr\/wp-json\/wp\/v2\/comments?post=267073"}],"version-history":[{"count":0,"href":"https:\/\/www.europesays.com\/fr\/wp-json\/wp\/v2\/posts\/267073\/revisions"}],"wp:featuredmedia":[{"embeddable":true,"href":"https:\/\/www.europesays.com\/fr\/wp-json\/wp\/v2\/media\/256736"}],"wp:attachment":[{"href":"https:\/\/www.europesays.com\/fr\/wp-json\/wp\/v2\/media?parent=267073"}],"wp:term":[{"taxonomy":"category","embeddable":true,"href":"https:\/\/www.europesays.com\/fr\/wp-json\/wp\/v2\/categories?post=267073"},{"taxonomy":"post_tag","embeddable":true,"href":"https:\/\/www.europesays.com\/fr\/wp-json\/wp\/v2\/tags?post=267073"}],"curies":[{"name":"wp","href":"https:\/\/api.w.org\/{rel}","templated":true}]}}