{"id":267084,"date":"2025-07-23T03:25:14","date_gmt":"2025-07-23T03:25:14","guid":{"rendered":"https:\/\/www.europesays.com\/fr\/267084\/"},"modified":"2025-07-23T03:25:14","modified_gmt":"2025-07-23T03:25:14","slug":"un-conducteur-de-tramway-menace-au-couteau-et-malmene-par-un-usager-ivre-et-drogue","status":"publish","type":"post","link":"https:\/\/www.europesays.com\/fr\/267084\/","title":{"rendered":"un conducteur de tramway menac\u00e9 au couteau et malmen\u00e9 par un usager ivre et drogu\u00e9"},"content":{"rendered":"<p>            Par<br \/>\n        <strong><br \/>\n            <a href=\"https:\/\/actu.fr\/auteur\/jm-aubert\" title=\"Consulter tous les articles de Jean-Marc Aubert\" target=\"_blank\" rel=\"noopener\">Jean-Marc Aubert<\/a><br \/>\n        <\/strong><\/p>\n<p>        Publi\u00e9 le<\/p>\n<p>            22 juil. 2025 \u00e0 10h34<br \/>\n        ; mis \u00e0 jour le 22 juil. 2025 \u00e0 10h40    <\/p>\n<p>Un conducteur de <strong>tramway<\/strong> a \u00e9t\u00e9 menac\u00e9 au couteau par un usager ivre et drogu\u00e9, dans la nuit de lundi 21 \u00e0 ce mardi 22 juillet 2025, \u00e0 <strong>Montpellier<\/strong>. Malmen\u00e9, il s\u2019est rendu aux urgences du CHU.\u00a0<\/p>\n<p class=\" wall-content\">Les faits se sont d\u00e9roul\u00e9s vers 1h, la nuit derni\u00e8re sur la ligne 1 de tramway. \u00c0 une station, le conducteur-receveur de TaM 3M s\u2019est aper\u00e7u qu\u2019il ne pouvait plus red\u00e9marrer et pour cause : une des portes coulissantes automatiques \u00e9tait bloqu\u00e9e, interdisant la fermeture de la rame.\u00a0<\/p>\n<p>Un acte d\u00e9lib\u00e9r\u00e9<\/p>\n<p class=\" wall-content\">Pensant qu\u2019il s\u2019agissait d\u2019un incident technique, le traminot, en v\u00e9rifiant rapidement la cause de ce dysfonctionnement, d\u00e9couvrait qu\u2019il s\u2019agissait d\u2019un acte d\u00e9lib\u00e9r\u00e9 d\u2019un passager, qui maintenait une porte ouverte avec ses pieds. Invit\u00e9 poliment \u00e0 les retirer, l\u2019usager refusait cat\u00e9goriquement et se montrait agressif. La rame \u00e9tait alors immobilis\u00e9e.<\/p>\n<p class=\" wall-content\">Tandis qu\u2019un cadre de TaM 3M \u00e9tait alert\u00e9 de cette situation et qu\u2019il intervenait, le passager, dont il s\u2019est av\u00e9r\u00e9 qu\u2019il \u00e9tait fortement alcoolis\u00e9 et qu\u2019il avait consomm\u00e9 des stup\u00e9fiants, sortait un couteau et mena\u00e7ait le conducteur, qui \u00e9tait ensuite malmen\u00e9.<\/p>\n<p class=\" wall-content\">Entre-temps, <strong>police secours<\/strong> ayant \u00e9t\u00e9 appel\u00e9e, un \u00e9quipage de la brigade anticriminalit\u00e9 -Bac- rapidement sur place proc\u00e9dait \u00e0 l\u2019interpellation de l\u2019agresseur, trouv\u00e9 en possession de l\u2019arme blanche. Il a \u00e9t\u00e9 conduit au commissariat central, d\u2019abord en cellule de d\u00e9grisement, avant d\u2019\u00eatre plac\u00e9 en garde \u00e0 vue dans la matin\u00e9e de ce mardi.<\/p>\n<p class=\" wall-content\">En \u00e9tat de choc, le conducteur du tramway a \u00e9t\u00e9 amen\u00e9 en milieu de nuit aux urgences de l\u2019h\u00f4pital Lapeyronie, par un responsable de TaM 3M. Selon nos informations, il va d\u00e9poser plainte contre l\u2019agresseur dans la journ\u00e9e.<\/p>\n<p class=\" wall-content\">Suivez toute l\u2019actualit\u00e9 de vos villes et m\u00e9dias favoris en vous inscrivant \u00e0 <a href=\"https:\/\/moncompte.actu.fr\" title=\"D\u00e9couvez Mon Actu\" rel=\"nofollow noopener\" data-trk=\"{&quot;cta&quot;:{&quot;action&quot;:&quot;https:\\\/\\\/moncompte.actu.fr&quot;,&quot;category&quot;:&quot;mon compte&quot;,&quot;from&quot;:&quot;article footer&quot;,&quot;name&quot;:&quot;Mon actu&quot;,&quot;type&quot;:&quot;cta&quot;}}\" target=\"_blank\">Mon Actu<\/a>.<\/p>\n","protected":false},"excerpt":{"rendered":"Par Jean-Marc Aubert Publi\u00e9 le 22 juil. 2025 \u00e0 10h34 ; mis \u00e0 jour le 22 juil. 2025&hellip;\n","protected":false},"author":2,"featured_media":267085,"comment_status":"","ping_status":"","sticky":false,"template":"","format":"standard","meta":{"footnotes":""},"categories":[9599],"tags":[1111,11,15154,1777,674,118,1011,27,2208,12,2680,1072,25,5787],"class_list":{"0":"post-267084","1":"post","2":"type-post","3":"status-publish","4":"format-standard","5":"has-post-thumbnail","7":"category-montpellier","8":"tag-actu","9":"tag-actualites","10":"tag-chu-de-montpellier","11":"tag-eu","12":"tag-europe","13":"tag-faits-divers","14":"tag-fr","15":"tag-france","16":"tag-montpellier","17":"tag-news","18":"tag-occitanie","19":"tag-police","20":"tag-republique-francaise","21":"tag-transports-en-commun-lyonnais-tcl"},"share_on_mastodon":{"url":"https:\/\/pubeurope.com\/@fr\/114900416851625914","error":""},"_links":{"self":[{"href":"https:\/\/www.europesays.com\/fr\/wp-json\/wp\/v2\/posts\/267084","targetHints":{"allow":["GET"]}}],"collection":[{"href":"https:\/\/www.europesays.com\/fr\/wp-json\/wp\/v2\/posts"}],"about":[{"href":"https:\/\/www.europesays.com\/fr\/wp-json\/wp\/v2\/types\/post"}],"author":[{"embeddable":true,"href":"https:\/\/www.europesays.com\/fr\/wp-json\/wp\/v2\/users\/2"}],"replies":[{"embeddable":true,"href":"https:\/\/www.europesays.com\/fr\/wp-json\/wp\/v2\/comments?post=267084"}],"version-history":[{"count":0,"href":"https:\/\/www.europesays.com\/fr\/wp-json\/wp\/v2\/posts\/267084\/revisions"}],"wp:featuredmedia":[{"embeddable":true,"href":"https:\/\/www.europesays.com\/fr\/wp-json\/wp\/v2\/media\/267085"}],"wp:attachment":[{"href":"https:\/\/www.europesays.com\/fr\/wp-json\/wp\/v2\/media?parent=267084"}],"wp:term":[{"taxonomy":"category","embeddable":true,"href":"https:\/\/www.europesays.com\/fr\/wp-json\/wp\/v2\/categories?post=267084"},{"taxonomy":"post_tag","embeddable":true,"href":"https:\/\/www.europesays.com\/fr\/wp-json\/wp\/v2\/tags?post=267084"}],"curies":[{"name":"wp","href":"https:\/\/api.w.org\/{rel}","templated":true}]}}