{"id":267098,"date":"2025-07-23T03:35:15","date_gmt":"2025-07-23T03:35:15","guid":{"rendered":"https:\/\/www.europesays.com\/fr\/267098\/"},"modified":"2025-07-23T03:35:15","modified_gmt":"2025-07-23T03:35:15","slug":"la-defaillance-dun-portique-de-securite-provoque-la-pagaille-a-laeroport-2-000-passagers-evacues-2","status":"publish","type":"post","link":"https:\/\/www.europesays.com\/fr\/267098\/","title":{"rendered":"La d\u00e9faillance d\u2019un portique de s\u00e9curit\u00e9 provoque la pagaille \u00e0 l\u2019a\u00e9roport, 2.000 passagers \u00e9vacu\u00e9s"},"content":{"rendered":"<p>Voyageurs \u00e9vacu\u00e9s, vols retard\u00e9s voire annul\u00e9s\u2026 <a href=\"https:\/\/www.20minutes.fr\/economie\/3219219-20220119-nice-65-millions-passagers-2021-aeroport-termine-annee-trafic-superieur-attentes\" class=\"color-ultramarine c-link\" target=\"_blank\" rel=\"noopener\">L\u2019a\u00e9roport de Nice C\u00f4te d\u2019Azur<\/a>, dans les <a href=\"https:\/\/www.20minutes.fr\/societe\/alpes-maritimes\/\" class=\"color-ultramarine c-link\" target=\"_blank\" rel=\"noopener\">Alpes-Maritimes<\/a>, a \u00e9t\u00e9 le th\u00e9\u00e2tre lundi d\u2019une belle pagaille en raison d\u2019un probl\u00e8me technique, comme le raconte <a href=\"https:\/\/france3-regions.franceinfo.fr\/provence-alpes-cote-d-azur\/alpes-maritimes\/nice\/plus-de-2-000-passagers-evacues-de-la-salle-d-embarquement-mais-que-s-est-il-passe-a-l-aeroport-de-nice-cote-d-azur-3191385.html\" rel=\"nofollow noopener\" target=\"_blank\" class=\"color-ultramarine c-link\">France 3 Provence-Alpes-C\u00f4te d\u2019Azur<\/a>.<\/p>\n<p>Pr\u00e8s de 2.000 personnes ont \u00e9t\u00e9 \u00e9vacu\u00e9es de la salle d\u2019embarquement o\u00f9 ils attendaient leur vol. En cause\u00a0? La d\u00e9faillance d\u2019un seul portique de s\u00e9curit\u00e9 constat\u00e9e vers 18h30. Pour s\u2019assurer qu\u2019aucun objet dangereux n\u2019avait pu passer entre les mailles du filet en raison de cet incident technique, tous les passagers ont <a href=\"https:\/\/www.20minutes.fr\/societe\/4108368-20240904-aeroport-liquides-bagages-objets-dernieres-regles-voyager-avion\" class=\"color-ultramarine c-link\" target=\"_blank\" rel=\"noopener\">d\u00fb repasser les contr\u00f4les<\/a>.<\/p>\n<\/p>\n<p>D\u2019o\u00f9 l\u2019encombrement maximum. \u00ab\u00a0Nous avons fait appel \u00e0 des volontaires parmi le personnel de l\u2019a\u00e9roport pour venir aider ainsi qu\u2019un service de s\u00e9curit\u00e9 suppl\u00e9mentaire. L\u2019objectif \u00e9tait d\u2019ouvrir toutes les lignes de s\u00e9curit\u00e9 et d\u2019avoir un d\u00e9bit maximum\u00a0\u00bb, a pr\u00e9cis\u00e9 la communication de l\u2019a\u00e9roport.<\/p>\n<p>Manque d\u2019information<\/p>\n<p>Mais il semblerait que cette derni\u00e8re n\u2019a pas \u00e9t\u00e9 efficace. Sur les r\u00e9seaux sociaux, plusieurs voyageurs ont d\u00e9nonc\u00e9 un manque d\u2019informations, notamment la s\u00e9natrice de l\u2019Orne, Nathalie Goulet, ou encore Luc Broussy, pr\u00e9sident du Conseil National du Parti Socialiste.<\/p>\n<p class=\"mb-xxl@xs color-ultramarine font-weight-semi-bold@xs font-source-serif-pro heading-s@xs\">L\u2019acc\u00e8s \u00e0 ce contenu a \u00e9t\u00e9 bloqu\u00e9 afin de respecter votre choix de consentement<\/p>\n<p class=\"mb-m@xs text-l@xs\">En cliquant sur\u00ab J\u2019accepte \u00bb, vous acceptez le d\u00e9p\u00f4t de cookies par des services externes et aurez ainsi acc\u00e8s aux contenus de nos partenaires.<\/p>\n<p class=\"mb-xl@xs text-s@xs\">Plus d\u2019informations sur la page<a href=\"https:\/\/www.20minutes.fr\/gestion-cookies\" class=\"mx-xxs@xs color-ultramarine\" target=\"_blank\" rel=\"noopener\">Politique de gestion des cookies<\/a><\/p>\n<p>J\u2019accepte<\/p>\n<blockquote class=\"twitter-tweet\" align=\"center\" data-lang=\"fr_FR\">\n<p lang=\"fr\" dir=\"ltr\">Quelle honte <a href=\"https:\/\/twitter.com\/AeroportNice?ref_src=twsrc%5Etfw\" target=\"_blank\" rel=\"noopener\">@AeroportNice<\/a> !<\/p>\n<p>Des centaines de clients bloqu\u00e9s sans aucune information. <\/p>\n<p>Un compte Twitter de l\u2019a\u00e9roport qui aurait pu \u00eatre pratique pour informer les passagers. Mais le community manager du compte <a href=\"https:\/\/twitter.com\/AeroportNice?ref_src=twsrc%5Etfw\" target=\"_blank\" rel=\"noopener\">@AeroportNice<\/a> semble \u00eatre en gr\u00e8ve depuis plusieurs semaines.\u2026 <a href=\"https:\/\/t.co\/XgDRk0S2Er\">pic.twitter.com\/XgDRk0S2Er<\/a><\/p>\n<p>\u2014 Luc Broussy (@LucBroussy) <a href=\"https:\/\/twitter.com\/LucBroussy\/status\/1947367112911294638?ref_src=twsrc%5Etfw\" target=\"_blank\" rel=\"noopener\">July 21, 2025<\/a><\/p><\/blockquote>\n<p class=\"mb-xxl@xs color-ultramarine font-weight-semi-bold@xs font-source-serif-pro heading-s@xs\">L\u2019acc\u00e8s \u00e0 ce contenu a \u00e9t\u00e9 bloqu\u00e9 afin de respecter votre choix de consentement<\/p>\n<p class=\"mb-m@xs text-l@xs\">En cliquant sur\u00ab J\u2019accepte \u00bb, vous acceptez le d\u00e9p\u00f4t de cookies par des services externes et aurez ainsi acc\u00e8s aux contenus de nos partenaires.<\/p>\n<p class=\"mb-xl@xs text-s@xs\">Plus d\u2019informations sur la page<a href=\"https:\/\/www.20minutes.fr\/gestion-cookies\" class=\"mx-xxs@xs color-ultramarine\" target=\"_blank\" rel=\"noopener\">Politique de gestion des cookies<\/a><\/p>\n<p>J\u2019accepte<\/p>\n<p>Sur les r\u00e9seaux sociaux, l\u2019a\u00e9roport a publi\u00e9 un message concis en d\u00e9but de soir\u00e9e.<\/p>\n<blockquote class=\"twitter-tweet\" align=\"center\" data-lang=\"fr_FR\">\n<p lang=\"fr\" dir=\"ltr\">En raison d\u2019un incident technique li\u00e9 \u00e0 la s\u00fbret\u00e9 et \u00e0 la demande de la police, les passagers doivent repasser les contr\u00f4les. Retards importants \u00e0 pr\u00e9voir<\/p>\n<p>\u2014 A\u00e9roport de Nice (@AeroportNice) <a href=\"https:\/\/twitter.com\/AeroportNice\/status\/1947378001462890563?ref_src=twsrc%5Etfw\" target=\"_blank\" rel=\"noopener\">July 21, 2025<\/a><\/p><\/blockquote>\n<p class=\"mb-xxl@xs color-ultramarine font-weight-semi-bold@xs font-source-serif-pro heading-s@xs\">L\u2019acc\u00e8s \u00e0 ce contenu a \u00e9t\u00e9 bloqu\u00e9 afin de respecter votre choix de consentement<\/p>\n<p class=\"mb-m@xs text-l@xs\">En cliquant sur\u00ab J\u2019accepte \u00bb, vous acceptez le d\u00e9p\u00f4t de cookies par des services externes et aurez ainsi acc\u00e8s aux contenus de nos partenaires.<\/p>\n<p class=\"mb-xl@xs text-s@xs\">Plus d\u2019informations sur la page<a href=\"https:\/\/www.20minutes.fr\/gestion-cookies\" class=\"mx-xxs@xs color-ultramarine\" target=\"_blank\" rel=\"noopener\">Politique de gestion des cookies<\/a><\/p>\n<p>J\u2019accepte<\/p>\n<p>\u00ab\u00a0C\u2019\u00e9tait n\u2019importe quoi, et personne pour nous renseigner. L\u2019a\u00e9roport\u2026 c\u2019\u00e9tait un cimeti\u00e8re\u00a0! Ce n\u2019est pas possible pour un a\u00e9roport comme \u00e7a\u00a0\u00bb, s\u2019est agac\u00e9e une voyageuse, interrog\u00e9e par <a href=\"https:\/\/www.bfmtv.com\/cote-d-azur\/c-etait-n-importe-quoi-d-importants-retards-et-des-annulations-a-l-aeroport-de-nice-apres-la-panne-d-un-portique_AV-202507220130.html?at_brand=BFMTV&amp;at_compte=BFMCotedazur&amp;at_plateforme=twitter&amp;at_campaign=Fan_pages&amp;at_medium=Community_Management\" target=\"_blank\" class=\"color-ultramarine c-link\" rel=\"noopener\">BFMTV C\u00f4te d\u2019Azur.<\/a><\/p>\n<p>Si la situation est revenue \u00e0 la normale mardi, trente vols ont n\u00e9anmoins \u00e9t\u00e9 impact\u00e9s, avec un retard moyen de pr\u00e8s de deux heures. Sept vols ont \u00e9t\u00e9 annul\u00e9s.<\/p>\n<p><script async src=\"https:\/\/platform.twitter.com\/widgets.js\" charset=\"utf-8\"><\/script><\/p>\n","protected":false},"excerpt":{"rendered":"Voyageurs \u00e9vacu\u00e9s, vols retard\u00e9s voire annul\u00e9s\u2026 L\u2019a\u00e9roport de Nice C\u00f4te d\u2019Azur, dans les Alpes-Maritimes, a \u00e9t\u00e9 le th\u00e9\u00e2tre&hellip;\n","protected":false},"author":2,"featured_media":267099,"comment_status":"","ping_status":"","sticky":false,"template":"","format":"standard","meta":{"footnotes":""},"categories":[2819],"tags":[1111,11,663,2898,37,1777,674,1011,27,12,2401,883,882,1306,25,2803],"class_list":{"0":"post-267098","1":"post","2":"type-post","3":"status-publish","4":"format-standard","5":"has-post-thumbnail","7":"category-nice","8":"tag-actu","9":"tag-actualites","10":"tag-aeroport","11":"tag-alpes-maritimes","12":"tag-avion","13":"tag-eu","14":"tag-europe","15":"tag-fr","16":"tag-france","17":"tag-news","18":"tag-nice","19":"tag-paca","20":"tag-provence-alpes-cote-dazur","21":"tag-regions","22":"tag-republique-francaise","23":"tag-transport"},"share_on_mastodon":{"url":"https:\/\/pubeurope.com\/@fr\/114900456119960408","error":""},"_links":{"self":[{"href":"https:\/\/www.europesays.com\/fr\/wp-json\/wp\/v2\/posts\/267098","targetHints":{"allow":["GET"]}}],"collection":[{"href":"https:\/\/www.europesays.com\/fr\/wp-json\/wp\/v2\/posts"}],"about":[{"href":"https:\/\/www.europesays.com\/fr\/wp-json\/wp\/v2\/types\/post"}],"author":[{"embeddable":true,"href":"https:\/\/www.europesays.com\/fr\/wp-json\/wp\/v2\/users\/2"}],"replies":[{"embeddable":true,"href":"https:\/\/www.europesays.com\/fr\/wp-json\/wp\/v2\/comments?post=267098"}],"version-history":[{"count":0,"href":"https:\/\/www.europesays.com\/fr\/wp-json\/wp\/v2\/posts\/267098\/revisions"}],"wp:featuredmedia":[{"embeddable":true,"href":"https:\/\/www.europesays.com\/fr\/wp-json\/wp\/v2\/media\/267099"}],"wp:attachment":[{"href":"https:\/\/www.europesays.com\/fr\/wp-json\/wp\/v2\/media?parent=267098"}],"wp:term":[{"taxonomy":"category","embeddable":true,"href":"https:\/\/www.europesays.com\/fr\/wp-json\/wp\/v2\/categories?post=267098"},{"taxonomy":"post_tag","embeddable":true,"href":"https:\/\/www.europesays.com\/fr\/wp-json\/wp\/v2\/tags?post=267098"}],"curies":[{"name":"wp","href":"https:\/\/api.w.org\/{rel}","templated":true}]}}