{"id":267114,"date":"2025-07-23T03:46:17","date_gmt":"2025-07-23T03:46:17","guid":{"rendered":"https:\/\/www.europesays.com\/fr\/267114\/"},"modified":"2025-07-23T03:46:17","modified_gmt":"2025-07-23T03:46:17","slug":"grosse-operation-anti-tags-sur-les-quais-cette-oeuvre-geante-effacee","status":"publish","type":"post","link":"https:\/\/www.europesays.com\/fr\/267114\/","title":{"rendered":"grosse op\u00e9ration anti-tags sur les quais, cette oeuvre g\u00e9ante effac\u00e9e"},"content":{"rendered":"<p>            Par<br \/>\n        <strong><br \/>\n            <a href=\"https:\/\/actu.fr\/auteur\/theo-zuili\" title=\"Consulter tous les articles de Th\u00e9o Zuili\" rel=\"nofollow noopener\" target=\"_blank\">Th\u00e9o Zuili<\/a><br \/>\n        <\/strong><\/p>\n<p>        Publi\u00e9 le<\/p>\n<p>            22 juil. 2025 \u00e0 12h44        <\/p>\n<p>En street-art, rien n\u2019est \u00e9ternel. C\u2019est le constat des habitu\u00e9s des quais du Rh\u00f4ne \u00e0 <a href=\"https:\/\/actu.fr\/auvergne-rhone-alpes\/lyon_69123\" rel=\"nofollow noopener\" target=\"_blank\">Lyon<\/a> ce mardi 22 juillet au matin : une <strong>\u0153uvre embl\u00e9matique<\/strong> est en cours d\u2019effa\u00e7age au niveau du pont Morand, dans le 1er arrondissement de Lyon.<\/p>\n<p>    <a href=\"https:\/\/www.google.com\/maps\/embed?pb=!1m17!1m12!1m3!1d6214.939970104954!2d4.831572397672677!3d45.768076426665694!2m3!1f0!2f0!3f0!3m2!1i1024!2i768!4f13.1!3m2!1m1!2zNDXCsDQ2JzA2LjIiTiA0wrA1MCcxOC4xIkU!5e1!3m2!1sfr!2sfr!4v1753178499124!5m2!1sfr!2sfr\" title=\"Ouvrie le lien\" rel=\"nofollow noopener\" target=\"_blank\">Cliquez ici pour visualiser le contenu<\/a><\/p>\n<p class=\" wall-content\">Remarqu\u00e9 par <a href=\"https:\/\/www.lyoncapitale.fr\/actualite\/une-operation-de-detagage-sur-les-murs-des-quais-de-rhone-a-lyon\" rel=\"nofollow noopener\" target=\"_blank\">Lyon Capitale<\/a>, l\u2019\u00e9v\u00e8nement ne manquera pas d\u2019\u00e9mouvoir les habitants qui la voyaient tous les jours depuis de nombreuses ann\u00e9es.<\/p>\n<p>Une importante op\u00e9ration de d\u00e9tagage<\/p>\n<p class=\" wall-content\">Parmi les visages color\u00e9s du street\u2011art lyonnais, l\u2019une de ces figures \u00e9ph\u00e9m\u00e8res marquait la rive droite du Rh\u00f4ne\u202f: une <strong>jeune femme paisible<\/strong>, un casque viss\u00e9 sur les oreilles, plong\u00e9e dans un livre. Une cousine <a href=\"https:\/\/actu.fr\/auvergne-rhone-alpes\/lyon_69123\/video-la-lofi-girl-du-live-youtube-visite-lyon-dans-un-clip-magique_60344079.html\" rel=\"nofollow noopener\" target=\"_blank\">d\u2019une autre figure locale bien connue<\/a> ?<\/p>\n<p class=\" wall-content\">Mais la Ville de Lyon et la M\u00e9tropole, dans une volont\u00e9 de pr\u00e9server le patrimoine class\u00e9 \u00e0 l\u2019Unesco, articulent de <a href=\"https:\/\/actu.fr\/auvergne-rhone-alpes\/lyon_69123\/lyon-trop-de-tags-sous-pression-face-a-l-explosion-du-phenomene-une-operation-nettoyage-lancee_62475564.html\" rel=\"nofollow noopener\" target=\"_blank\">vigoureuses op\u00e9rations de d\u00e9tagage<\/a> depuis la signature d\u2019une convention en d\u00e9cembre 2024.<\/p>\n<p class=\" wall-content\">L\u2019objectif ? Passer les quais sous des jets \u00e0 haute pression jusqu\u2019en 2026 pour effacer les graffitis non autoris\u00e9s. D\u2019autres tags moins artistiques ont \u00e9t\u00e9 nettoy\u00e9s sur la m\u00eame parcelle ce mardi matin.<\/p>\n<p>    <img   decoding=\"async\" loading=\"lazy\" src=\"https:\/\/www.europesays.com\/fr\/wp-content\/uploads\/2025\/07\/detagage-lyon-quais-du-rhone-operation-nettoyage-960x640.png\" alt=\"Des tags en cours d'effa\u00e7age sur les fa\u00e7ades des quais du Rh\u00f4ne ce mardi 22 juillet 2025.\" width=\"960\" height=\"640\"\/><br \/>\n    Des tags en cours d\u2019effa\u00e7age sur les fa\u00e7ades des quais du Rh\u00f4ne ce mardi 22 juillet 2025. (\u00a9Th\u00e9o Zuili \/ actu Lyon)<\/p>\n<p class=\" wall-content\">Rest\u00e9e plusieurs ann\u00e9es, la lectrice dispara\u00eet dans le cadre de cette vaste op\u00e9ration qui vise \u00e0 redonner aux quais du Rh\u00f4ne une <strong>apparence aseptis\u00e9e<\/strong>. Qui sait, peut-\u00eatre qu\u2019un nouveau personnage pourra na\u00eetre ici sous le souffle des bombes a\u00e9rosols ?<\/p>\n<p class=\" wall-content\">Suivez toute l\u2019actualit\u00e9 de vos villes et m\u00e9dias favoris en vous inscrivant \u00e0 <a href=\"https:\/\/moncompte.actu.fr\" title=\"D\u00e9couvez Mon Actu\" rel=\"nofollow noopener\" data-trk=\"{&quot;cta&quot;:{&quot;action&quot;:&quot;https:\\\/\\\/moncompte.actu.fr&quot;,&quot;category&quot;:&quot;mon compte&quot;,&quot;from&quot;:&quot;article footer&quot;,&quot;name&quot;:&quot;Mon actu&quot;,&quot;type&quot;:&quot;cta&quot;}}\" target=\"_blank\">Mon Actu<\/a>.<\/p>\n","protected":false},"excerpt":{"rendered":"Par Th\u00e9o Zuili Publi\u00e9 le 22 juil. 2025 \u00e0 12h44 En street-art, rien n\u2019est \u00e9ternel. C\u2019est le constat&hellip;\n","protected":false},"author":2,"featured_media":267115,"comment_status":"","ping_status":"","sticky":false,"template":"","format":"standard","meta":{"footnotes":""},"categories":[1889],"tags":[1111,11,2430,1777,674,1011,27,1757,2428,12,25,104,7189],"class_list":{"0":"post-267114","1":"post","2":"type-post","3":"status-publish","4":"format-standard","5":"has-post-thumbnail","7":"category-lyon","8":"tag-actu","9":"tag-actualites","10":"tag-auvergne-rhone-alpes","11":"tag-eu","12":"tag-europe","13":"tag-fr","14":"tag-france","15":"tag-insolite","16":"tag-lyon","17":"tag-news","18":"tag-republique-francaise","19":"tag-societe","20":"tag-street-art"},"share_on_mastodon":{"url":"https:\/\/pubeurope.com\/@fr\/114900499642889243","error":""},"_links":{"self":[{"href":"https:\/\/www.europesays.com\/fr\/wp-json\/wp\/v2\/posts\/267114","targetHints":{"allow":["GET"]}}],"collection":[{"href":"https:\/\/www.europesays.com\/fr\/wp-json\/wp\/v2\/posts"}],"about":[{"href":"https:\/\/www.europesays.com\/fr\/wp-json\/wp\/v2\/types\/post"}],"author":[{"embeddable":true,"href":"https:\/\/www.europesays.com\/fr\/wp-json\/wp\/v2\/users\/2"}],"replies":[{"embeddable":true,"href":"https:\/\/www.europesays.com\/fr\/wp-json\/wp\/v2\/comments?post=267114"}],"version-history":[{"count":0,"href":"https:\/\/www.europesays.com\/fr\/wp-json\/wp\/v2\/posts\/267114\/revisions"}],"wp:featuredmedia":[{"embeddable":true,"href":"https:\/\/www.europesays.com\/fr\/wp-json\/wp\/v2\/media\/267115"}],"wp:attachment":[{"href":"https:\/\/www.europesays.com\/fr\/wp-json\/wp\/v2\/media?parent=267114"}],"wp:term":[{"taxonomy":"category","embeddable":true,"href":"https:\/\/www.europesays.com\/fr\/wp-json\/wp\/v2\/categories?post=267114"},{"taxonomy":"post_tag","embeddable":true,"href":"https:\/\/www.europesays.com\/fr\/wp-json\/wp\/v2\/tags?post=267114"}],"curies":[{"name":"wp","href":"https:\/\/api.w.org\/{rel}","templated":true}]}}