{"id":267125,"date":"2025-07-23T03:55:10","date_gmt":"2025-07-23T03:55:10","guid":{"rendered":"https:\/\/www.europesays.com\/fr\/267125\/"},"modified":"2025-07-23T03:55:10","modified_gmt":"2025-07-23T03:55:10","slug":"la-russie-na-pas-abattu","status":"publish","type":"post","link":"https:\/\/www.europesays.com\/fr\/267125\/","title":{"rendered":"La Russie n\u2019a pas abattu"},"content":{"rendered":"<p>ARTA &#8211; Le pr\u00e9sident Volodymyr Zelensky a d\u00e9clar\u00e9 que l\u2019avion de combat ukrainien Mirage 2000 s\u2019est \u00e9cras\u00e9 mardi n\u2019\u00e9tait pas parce qu\u2019il avait abattu par la Russie, l\u2019arm\u00e9e affirmant qu\u2019il s\u2019\u00e9tait produit en raison d\u2019une d\u00e9faillance d\u2019\u00e9quipement.<\/p>\n<p>r\u00e9nit\u00e9 ukrainienne a d\u00e9clar\u00e9 que l\u2019un des avions de combat Mirage 2000 fournis par la France avait \u00e9chou\u00e9 et s\u2019\u00e9tait \u00e9cras\u00e9 lors de son service, mais que le pilote avait r\u00e9ussi \u00e0 se sauver avec un si\u00e8ge \u00e0 \u00e9craser.<\/p>\n<p>ronyme : L&rsquo;incident s&rsquo;est produit dans la r\u00e9gion du nord-ouest de Volyn.<\/p>\n<p>\u00ab Une d\u00e9faillance d\u2019\u00e9quipement s\u2019est produite, ce que les pilotes ont signal\u00e9 aux contr\u00f4leurs de vol \u00bb, selon l\u2019arm\u00e9e ukrainienne sur Telegram.<\/p>\n<p>\u00ab Le pilote a ensuite agi de mani\u00e8re comp\u00e9tente, comme pr\u00e9vu dans des situations de crise, et a r\u00e9ussi \u00e0 se rendre. L\u2019\u00e9quipe de secours a trouv\u00e9 le pilote dans un \u00e9tat stable. Il n\u2019y a pas eu de d\u00e9c\u00e8s sur terre \u00bb, a-t-il poursuivi.<\/p>\n<p>four, c&rsquo;est la premi\u00e8re perte d&rsquo;un avion Mirage depuis que l&rsquo;arm\u00e9e ukrainienne a commenc\u00e9 \u00e0 le recevoir plus t\u00f4t cette ann\u00e9e.<\/p>\n<p>\u00bb Malheureusement, nous avons perdu nos avions de guerre \u00bb, a d\u00e9clar\u00e9 le pr\u00e9sident Volodymyr Zelensky dans un discours soir.<\/p>\n<p>rique : \u00ab Un avion Fran\u00e7ais, tr\u00e8s efficace, l\u2019un de nos avions Mirage. Le pilote a r\u00e9ussi \u00e0 s\u2019\u00e9chapper et n\u2019a pas \u00e9t\u00e9 abattu par la Russie \u00bb, a d\u00e9clar\u00e9 le pr\u00e9sident Zelensky.<\/p>\n<p>ronyme : Une commission sp\u00e9ciale a \u00e9t\u00e9 cr\u00e9\u00e9e pour enqu\u00eater sur la cause de l&rsquo;incident.<\/p>\n<p>, le Mirage 2000 de fabrication fran\u00e7aise est promis \u00e0 l\u2019Ukraine dans le cadre d\u2019un colis d\u2019aide militaire annonc\u00e9 en juin 2024. Le paquet comprend \u00e9galement la formation des pilotes.<\/p>\n<p>, l\u2019arm\u00e9e ukrainienne a annonc\u00e9 l\u2019arriv\u00e9e de la premi\u00e8re vague d\u2019avions Mirage en f\u00e9vrier. Cependant, on ne sait pas combien de Mirage a re\u00e7u l\u2019Ukraine. En mars, l\u2019avion a commenc\u00e9 \u00e0 \u00eatre op\u00e9rationnel pour repousser les attaques russes.<\/p>\n<p>J&rsquo;ai commenc\u00e9 \u00e0 parler au t\u00e9l\u00e9phone. Lors d&rsquo;un appel t\u00e9l\u00e9phonique le 18 juillet, le pr\u00e9sident Fran\u00e7ais Emmanuel Macron a d\u00e9clar\u00e9 au pr\u00e9sident Zelensky que Paris \u00e9tait pr\u00eate \u00e0 \u00e9largir son programme d&rsquo;entra\u00eenement des pilotes d&rsquo;avions Mirage, formant plus de pilotes avec plus d&rsquo;avions.<\/p>\n<p>The English, Chinese, Japanese, Arabic, and French versions are automatically generated by the AI. So there may still be inaccuracies in translating, please always see Indonesian as our main language.<br \/>\n                                    (system supported by DigitalSiber.id)<\/p>\n","protected":false},"excerpt":{"rendered":"ARTA &#8211; Le pr\u00e9sident Volodymyr Zelensky a d\u00e9clar\u00e9 que l\u2019avion de combat ukrainien Mirage 2000 s\u2019est \u00e9cras\u00e9 mardi&hellip;\n","protected":false},"author":2,"featured_media":267126,"comment_status":"","ping_status":"","sticky":false,"template":"","format":"standard","meta":{"footnotes":""},"categories":[1591],"tags":[11,40663,1887,3844,40660,40664,12,2536,40661,1885,1886,132,10884,40662],"class_list":{"0":"post-267125","1":"post","2":"type-post","3":"status-publish","4":"format-standard","5":"has-post-thumbnail","7":"category-russie","8":"tag-actualites","9":"tag-avion-de-combat","10":"tag-federation-de-russie","11":"tag-francais","12":"tag-in-international","13":"tag-mirage-2000","14":"tag-news","15":"tag-russes","16":"tag-russes-et-ukrainiens","17":"tag-russia","18":"tag-russian-federation","19":"tag-russie","20":"tag-ukrainiens","21":"tag-volodymyr-zentrumsky"},"share_on_mastodon":{"url":"https:\/\/pubeurope.com\/@fr\/114900534831976795","error":""},"_links":{"self":[{"href":"https:\/\/www.europesays.com\/fr\/wp-json\/wp\/v2\/posts\/267125","targetHints":{"allow":["GET"]}}],"collection":[{"href":"https:\/\/www.europesays.com\/fr\/wp-json\/wp\/v2\/posts"}],"about":[{"href":"https:\/\/www.europesays.com\/fr\/wp-json\/wp\/v2\/types\/post"}],"author":[{"embeddable":true,"href":"https:\/\/www.europesays.com\/fr\/wp-json\/wp\/v2\/users\/2"}],"replies":[{"embeddable":true,"href":"https:\/\/www.europesays.com\/fr\/wp-json\/wp\/v2\/comments?post=267125"}],"version-history":[{"count":0,"href":"https:\/\/www.europesays.com\/fr\/wp-json\/wp\/v2\/posts\/267125\/revisions"}],"wp:featuredmedia":[{"embeddable":true,"href":"https:\/\/www.europesays.com\/fr\/wp-json\/wp\/v2\/media\/267126"}],"wp:attachment":[{"href":"https:\/\/www.europesays.com\/fr\/wp-json\/wp\/v2\/media?parent=267125"}],"wp:term":[{"taxonomy":"category","embeddable":true,"href":"https:\/\/www.europesays.com\/fr\/wp-json\/wp\/v2\/categories?post=267125"},{"taxonomy":"post_tag","embeddable":true,"href":"https:\/\/www.europesays.com\/fr\/wp-json\/wp\/v2\/tags?post=267125"}],"curies":[{"name":"wp","href":"https:\/\/api.w.org\/{rel}","templated":true}]}}