{"id":267169,"date":"2025-07-23T04:22:12","date_gmt":"2025-07-23T04:22:12","guid":{"rendered":"https:\/\/www.europesays.com\/fr\/267169\/"},"modified":"2025-07-23T04:22:12","modified_gmt":"2025-07-23T04:22:12","slug":"le-harcelement-ce-nest-plus-possible","status":"publish","type":"post","link":"https:\/\/www.europesays.com\/fr\/267169\/","title":{"rendered":"\u00ab\u00a0le harc\u00e8lement ce n&rsquo;est plus possible\u00a0\u00bb:"},"content":{"rendered":"<p>            Par<br \/>\n        <strong><br \/>\n            <a href=\"https:\/\/actu.fr\/auteur\/louise-boutard\" title=\"Consulter tous les articles de Louise Boutard\" rel=\"nofollow noopener\" target=\"_blank\">Louise Boutard<\/a><br \/>\n        <\/strong><\/p>\n<p>        Publi\u00e9 le<\/p>\n<p>            22 juil. 2025 \u00e0 17h50        <\/p>\n<p>Non, le jeune homme n\u2019avait aucun lien avec la Cit\u00e9 oc\u00e9ane. Mais qu\u2019importe. \u00c9lodie Camart, 29 ans, ne veut pas rester les bras crois\u00e9s. <strong>Le Tiktokeur Mehdi Bassit<\/strong> est <a href=\"https:\/\/actu.fr\/hauts-de-france\/lievin_62510\/lievin-mehdi-bassit-tiktokeur-aux-2-millions-dabonnes-est-decede_62933780.html\" rel=\"nofollow noopener\" target=\"_blank\">mort dans la nuit du samedi 19\u00a0juillet 2025<\/a>.\u00a0Au\u00a0<a href=\"https:\/\/actu.fr\/normandie\/le-havre_76351\" rel=\"nofollow noopener\" target=\"_blank\">Havre<\/a>, l\u2019une de ses fans veut rendre hommage \u00e0 \u00ab\u2009Mehdi saucisson\u2009\u00bb qui aurait \u00e9t\u00e9 victime de <strong>harc\u00e8lement<\/strong>.<\/p>\n<p class=\" wall-content\">\u00ab\u2009On est des milliers de followers \u00e0 le suivre. \u00c7a nous touche\u2009\u00bb, explique-t-elle. Une <strong>marche blanche<\/strong> est pr\u00e9vue dimanche 27\u00a0juillet 2025 \u00e0 14\u00a0heures devant l\u2019h\u00f4tel de ville du\u00a0Havre, en attente de confirmation de la sous-pr\u00e9fecture.<\/p>\n<p>Pr\u00e9venir le harc\u00e8lement<\/p>\n<p class=\" wall-content\">Apr\u00e8s ce \u00ab\u2009grand vide\u2009\u00bb, laiss\u00e9\u00a0par la mort du tiktokeur, Elodie a<strong> l\u2019id\u00e9e d\u2019une marche blanche.<\/strong> Elle poste un message sur les r\u00e9seaux sociaux et peu \u00e0 peu, le projet prend forme. D\u00e9sormais, 24\u00a0personnes sont autour d\u2019elle pour organiser l\u2019\u00e9v\u00e9nement. D\u2019abord une marche en musique, puis une minute de silence \u00e0 la plage, un l\u00e2cher de ballons et un temps d\u2019\u00e9change autour du harc\u00e8lement et de Mehdi.<\/p>\n<blockquote class=\"ac-article-quote wall-content\">\n<p>Je veux faire de la pr\u00e9vention en quelque sorte, explique \u00c9lodie Camart, car quand on subit du harc\u00e8lement, il ne faut pas rester seul, il faut \u00eatre soutenu.<\/p>\n<p>    <strong>Elodie Camart <\/strong>\n            <\/p><\/blockquote>\n<p class=\" wall-content\">La jeune femme explique qu\u2019elle s\u2019est reconnue dans Mehdi, qui laisse derri\u00e8re lui deux filles \u00e0 peu pr\u00e8s du m\u00eame \u00e2ge que ses propres enfants.<\/p>\n<p class=\" wall-content\">\u00ab\u2009J\u2019ai \u00e9t\u00e9 tr\u00e8s touch\u00e9e par le<strong> harc\u00e8lement \u00e0 l\u2019\u00e9cole.<\/strong> J\u2019avais d\u2019ailleurs \u00e9crit une chanson sur ce sujet avec la Mission Locale du\u00a0Havre\u2009\u00bb. Comme un coup de gueule, \u00c9lodie Camart a besoin de partager son sentiment de col\u00e8re contre le harc\u00e8lement. \u00ab\u2009Ce n\u2019est plus possible, stop.\u2009\u00bb<\/p>\n<p>\u00ab\u2009On est dans son quotidien\u2009\u00bb<\/p>\n<p class=\" wall-content\">Pour \u00c9lodie Camart, la mort du tiktokeur a \u00e9t\u00e9 un choc. \u00ab\u2009Je le suis depuis des ann\u00e9es. C\u2019\u00e9tait un homme avec un grand c\u0153ur, gentil avec tout le monde, bienveillant avec sa communaut\u00e9, surtout les enfants\u2009\u00bb, relate-t-elle. Si certains ne comprennent pas cet attachement, elle explique qu\u2019elle voyait chaque jour des instants de sa vie de famille. \u00ab\u2009\u00c7a a commenc\u00e9 par des vid\u00e9os avec sa s\u0153ur et puis c\u2019\u00e9tait dr\u00f4le avec les fameux saucissons, et ainsi de suite. On est dans son quotidien, donc \u00e7a fait un grand vide\u2009\u00bb.<\/p>\n<p class=\" wall-content\">Jeudi encore, il \u00e9tait en direct dans une vid\u00e9o avec ses abonn\u00e9s. \u00ab<strong>\u2009On voyait qu\u2019il \u00e9tait d\u00e9prim\u00e9<\/strong>. On lui a dit de ne pas faire de b\u00eatise, de penser \u00e0 ses enfants\u2009\u00bb. Comme \u00c9lodie, les followers d\u00e9crivent <strong>un \u00ab\u2009coup de massue\u2009\u00bb,<\/strong> suite \u00e0 l\u2019annonce de son d\u00e9c\u00e8s.<\/p>\n<p class=\" wall-content\">Depuis quelque temps, il montrait un mal de vivre\u2009: ses publications refl\u00e9taient des id\u00e9es noires. \u00ab\u2009Une descente aux enfers\u2009\u00bb, d\u00e9crit \u00c9lodie qui veut aujourd\u2019hui \u00ab\u2009Plaider sa cause\u2009\u00bb.<\/p>\n<p class=\" wall-content\">Si la piste du suicide reste privil\u00e9gi\u00e9e, les circonstances de son d\u00e9c\u00e8s restent aujourd\u2019hui, floues.<\/p>\n<p>Suivez l\u2019actualit\u00e9 du\u00a0Havre sur <a href=\"https:\/\/www.whatsapp.com\/channel\/0029VaFqJYE8aKvLBwVrEe0o\" rel=\"nofollow noopener\" target=\"_blank\">notre cha\u00eene WhatsApp<\/a> et sur <a href=\"https:\/\/www.tiktok.com\/@76actu.fr?lang=fr\" rel=\"nofollow noopener\" target=\"_blank\">notre compte TikTok<\/a><\/p>\n<p class=\" wall-content\">Suivez toute l\u2019actualit\u00e9 de vos villes et m\u00e9dias favoris en vous inscrivant \u00e0 <a href=\"https:\/\/moncompte.actu.fr\" title=\"D\u00e9couvez Mon Actu\" rel=\"nofollow noopener\" data-trk=\"{&quot;cta&quot;:{&quot;action&quot;:&quot;https:\\\/\\\/moncompte.actu.fr&quot;,&quot;category&quot;:&quot;mon compte&quot;,&quot;from&quot;:&quot;article footer&quot;,&quot;name&quot;:&quot;Mon actu&quot;,&quot;type&quot;:&quot;cta&quot;}}\" target=\"_blank\">Mon Actu<\/a>.<\/p>\n<p>                    <script async src=\"\/\/www.tiktok.com\/embed.js\"><\/script><\/p>\n","protected":false},"excerpt":{"rendered":"Par Louise Boutard Publi\u00e9 le 22 juil. 2025 \u00e0 17h50 Non, le jeune homme n\u2019avait aucun lien avec&hellip;\n","protected":false},"author":2,"featured_media":267170,"comment_status":"","ping_status":"","sticky":false,"template":"","format":"standard","meta":{"footnotes":""},"categories":[8],"tags":[58,59,1011,27,938,104,2439],"class_list":{"0":"post-267169","1":"post","2":"type-post","3":"status-publish","4":"format-standard","5":"has-post-thumbnail","7":"category-divertissement","8":"tag-divertissement","9":"tag-entertainment","10":"tag-fr","11":"tag-france","12":"tag-reseaux-sociaux","13":"tag-societe","14":"tag-tiktok"},"share_on_mastodon":{"url":"https:\/\/pubeurope.com\/@fr\/114900640983043663","error":""},"_links":{"self":[{"href":"https:\/\/www.europesays.com\/fr\/wp-json\/wp\/v2\/posts\/267169","targetHints":{"allow":["GET"]}}],"collection":[{"href":"https:\/\/www.europesays.com\/fr\/wp-json\/wp\/v2\/posts"}],"about":[{"href":"https:\/\/www.europesays.com\/fr\/wp-json\/wp\/v2\/types\/post"}],"author":[{"embeddable":true,"href":"https:\/\/www.europesays.com\/fr\/wp-json\/wp\/v2\/users\/2"}],"replies":[{"embeddable":true,"href":"https:\/\/www.europesays.com\/fr\/wp-json\/wp\/v2\/comments?post=267169"}],"version-history":[{"count":0,"href":"https:\/\/www.europesays.com\/fr\/wp-json\/wp\/v2\/posts\/267169\/revisions"}],"wp:featuredmedia":[{"embeddable":true,"href":"https:\/\/www.europesays.com\/fr\/wp-json\/wp\/v2\/media\/267170"}],"wp:attachment":[{"href":"https:\/\/www.europesays.com\/fr\/wp-json\/wp\/v2\/media?parent=267169"}],"wp:term":[{"taxonomy":"category","embeddable":true,"href":"https:\/\/www.europesays.com\/fr\/wp-json\/wp\/v2\/categories?post=267169"},{"taxonomy":"post_tag","embeddable":true,"href":"https:\/\/www.europesays.com\/fr\/wp-json\/wp\/v2\/tags?post=267169"}],"curies":[{"name":"wp","href":"https:\/\/api.w.org\/{rel}","templated":true}]}}