{"id":267173,"date":"2025-07-23T04:24:13","date_gmt":"2025-07-23T04:24:13","guid":{"rendered":"https:\/\/www.europesays.com\/fr\/267173\/"},"modified":"2025-07-23T04:24:13","modified_gmt":"2025-07-23T04:24:13","slug":"211-milliards-daides-publiques-aux-entreprises-et-dun-coup-de-baguette-bayrou-divise-laddition-par-deux","status":"publish","type":"post","link":"https:\/\/www.europesays.com\/fr\/267173\/","title":{"rendered":"211 milliards d&rsquo;aides publiques aux entreprises&#8230; Et d&rsquo;un coup de baguette, Bayrou divise l&rsquo;addition par deux\u00a0!"},"content":{"rendered":"<p>Le chiffre a fait l\u2019effet d\u2019un coup de tonnerre\u00a0: <a href=\"https:\/\/www.humanite.fr\/social-et-economie\/aides-publiques\/les-aides-publiques-aux-entreprises-coutent-211-milliards-deuros-a-letat-selon-un-rapport-denquete-du-senat\" target=\"_blank\" rel=\"noopener\">211\u00a0milliards d\u2019euros d\u2019aides publiques<\/a> ont \u00e9t\u00e9 vers\u00e9s aux entreprises en 2023, selon <a href=\"https:\/\/www.humanite.fr\/social-et-economie\/aides-publiques\/aides-publiques-aux-entreprises-ce-quil-faut-retenir-du-rapport-sur-ce-scandale-a-211-milliards-deuros\" target=\"_blank\" rel=\"noopener\">la commission d\u2019enqu\u00eate du S\u00e9nat<\/a>, qui a rendu ses travaux le 1er\u00a0juillet dernier.\u00a0Une somme colossale\u00a0: 88\u00a0milliards de d\u00e9penses fiscales, 75\u00a0milliards d\u2019exon\u00e9rations de cotisations sociales, 41\u00a0milliards d\u2019interventions via Bpifrance et 7\u00a0milliards de subventions directes.<\/p>\n<p>Mais \u00e0 peine le chiffre r\u00e9v\u00e9l\u00e9, l\u2019ex\u00e9cutif s\u2019est empress\u00e9 de contre-attaquer. C\u2019est Cl\u00e9ment Beaune, ex-ministre et d\u00e9sormais Haut-commissaire au Plan, qui s\u2019y colle, arm\u00e9 d\u2019un rapport au titre sarcastique\u00a0: \u00ab\u00a0Sortir du flou, assurer la transparence et l\u2019\u00e9valuation.\u00a0\u00bb<\/p>\n<p>Dans cette note publi\u00e9e le 17\u00a0juillet, soit \u00e0 peine une semaine apr\u00e8s la publication du travail des s\u00e9nateurs \u2013 fruit de six mois d\u2019enqu\u00eate, il tranche\u00a0: les aides ne s\u2019\u00e9l\u00e8veraient qu\u2019\u00e0 112\u00a0milliards d\u2019euros. Pr\u00e8s de moiti\u00e9 moins. Une r\u00e9vision express, pour ne pas dire exp\u00e9ditive.<\/p>\n<p>\u00ab Un rapport de deux pages, produit \u00e0 la h\u00e2te\u00a0\u00bb<\/p>\n<p>Dans le d\u00e9tail, le Haut-commissariat retient 52\u00a0milliards de d\u00e9penses fiscales, 39,4\u00a0milliards d\u2019aides budg\u00e9taires (subventions), et 17,3\u00a0milliards d\u2019aides financi\u00e8res, mais minimise fortement le r\u00f4le des exon\u00e9rations de cotisations, ne retenant que 3,2\u00a0milliards sur les 75\u00a0milliards estim\u00e9s par la commission.<\/p>\n<p>Un \u00e9cart m\u00e9thodologique qui d\u00e9pla\u00eet fortement au s\u00e9nateur communiste auteur du rapport, Fabien Gay (par ailleurs directeur de l\u2019Humanit\u00e9). Il d\u00e9nonce sur X (ex-Twitter), le fait de \u00ab\u00a0d\u00e9nigrer un travail de six mois, 1\u00a0500 pages en trois tomes, \u00e0 l\u2019aide d\u2019un rapport de deux pages, produit \u00e0 la h\u00e2te.\u00a0\u00bb<\/p>\n<p>De son c\u00f4t\u00e9, le premier ministre, Fran\u00e7ois Bayrou, a lui aussi tent\u00e9 de nuancer l\u2019ampleur du chiffre. Le 15\u00a0juillet<a href=\"https:\/\/www.humanite.fr\/politique\/austerite\/budget-2026-entre-austerite-generalisee-et-ultra-riches-epargnes-bayrou-devoile-la-recette-de-sa-potion-amere\" target=\"_blank\" rel=\"noopener\">, lors de la pr\u00e9sentation de son plan d\u2019aust\u00e9rit\u00e9<\/a>, il d\u00e9clare \u00eatre tout \u00e0 fait conscient \u00ab\u00a0sans vouloir critiquer la Haute Assembl\u00e9e, que cette addition ajoute de mani\u00e8re un peu rapide des all\u00e8gements de charges \u00e0 des subventions et \u00e0 de multiples avantages de nature tr\u00e8s diff\u00e9rente\u00a0\u00bb, et ajoute\u00a0: \u00ab\u00a0tout cela est un peu vertigineux, mais 211\u00a0milliards, disons en tout cas plus de 100\u00a0milliards, ce sont des sommes tr\u00e8s importantes. Et il me semble qu\u2019il faut reprendre la r\u00e9flexion sur tout cet ensemble \u00e0 partir d\u2019orientations nouvelles et franches.\u00a0\u00bb<\/p>\n<p>Combat id\u00e9ologique sur la transparence budg\u00e9taire<\/p>\n<p>\u202fLe chef du gouvernement annonce pr\u00e9voir de nouvelles mesures de planifications par ordonnance en \u00e9change de r\u00e9duction de certaines subventions afin que \u00ab\u00a0tout le monde y gagne\u00a0\u00bb. Mais l\u00e0 encore, la promesse semble floue\u00a0: ces \u00ab\u00a0\u00e9conomies\u00a0\u00bb attendues ne sont pas int\u00e9gr\u00e9es au plan de r\u00e9duction des d\u00e9penses publiques, alors que le gouvernement vise plus de 40\u00a0milliards d\u2019euros d\u2019\u00e9conomies dans un contexte de budget aust\u00e9ritaire pour 2026.<\/p>\n<p>Ce tiraillement entre les chiffres illustre un combat id\u00e9ologique sur la transparence budg\u00e9taire, mais aussi les priorit\u00e9s \u00e9conomiques du gouvernement. Peut-on exiger toujours plus d\u2019efforts de la part des citoyens tout en laissant des milliards d\u2019euros filer vers les entreprises, parfois sans contrepartie ni contr\u00f4le\u00a0?<\/p>\n<p>Alors que l\u2019ex\u00e9cutif appelle \u00e0 l\u2019aust\u00e9rit\u00e9 pour tous, la question des aides publiques devient un angle mort que la Macronie tente de red\u00e9finir \u00e0 sa mani\u00e8re\u00a0: en changeant les r\u00e8gles du calcul, plut\u00f4t qu\u2019en assumant les choix politiques. Une fa\u00e7on d\u2019\u00e9viter le d\u00e9bat de fond\u00a0: celui des int\u00e9r\u00eats r\u00e9ellement servis.<\/p>\n<p>Urgence pour l\u2019Humanit\u00e9<br \/>Votre don peut tout changer<\/p>\n<p>Faites vivre un m\u00e9dia libre et engag\u00e9, toujours du c\u00f4t\u00e9 de celles et ceux qui luttent<br \/><a href=\"https:\/\/abonnement.humanite.fr\/don-humanite\/\" data-type=\"link\" data-id=\"https:\/\/stage.preprod.humanite.fr\/lhumanite-cest-vous\" target=\"_blank\" rel=\"noopener\">Je veux en savoir plus<\/a><\/p>\n","protected":false},"excerpt":{"rendered":"Le chiffre a fait l\u2019effet d\u2019un coup de tonnerre\u00a0: 211\u00a0milliards d\u2019euros d\u2019aides publiques ont \u00e9t\u00e9 vers\u00e9s aux entreprises&hellip;\n","protected":false},"author":2,"featured_media":267174,"comment_status":"","ping_status":"","sticky":false,"template":"","format":"standard","meta":{"footnotes":""},"categories":[6],"tags":[1003,35,40667,33,34,257,40668,1011,27,15763,40669],"class_list":{"0":"post-267173","1":"post","2":"type-post","3":"status-publish","4":"format-standard","5":"has-post-thumbnail","7":"category-economie","8":"tag-budget","9":"tag-business","10":"tag-clu00e9ment-beaune","11":"tag-economie","12":"tag-economy","13":"tag-entreprise","14":"tag-fabien-gay","15":"tag-fr","16":"tag-france","17":"tag-franu00e7ois-bayrou","18":"tag-macronie"},"share_on_mastodon":{"url":"https:\/\/pubeurope.com\/@fr\/114900648871700957","error":""},"_links":{"self":[{"href":"https:\/\/www.europesays.com\/fr\/wp-json\/wp\/v2\/posts\/267173","targetHints":{"allow":["GET"]}}],"collection":[{"href":"https:\/\/www.europesays.com\/fr\/wp-json\/wp\/v2\/posts"}],"about":[{"href":"https:\/\/www.europesays.com\/fr\/wp-json\/wp\/v2\/types\/post"}],"author":[{"embeddable":true,"href":"https:\/\/www.europesays.com\/fr\/wp-json\/wp\/v2\/users\/2"}],"replies":[{"embeddable":true,"href":"https:\/\/www.europesays.com\/fr\/wp-json\/wp\/v2\/comments?post=267173"}],"version-history":[{"count":0,"href":"https:\/\/www.europesays.com\/fr\/wp-json\/wp\/v2\/posts\/267173\/revisions"}],"wp:featuredmedia":[{"embeddable":true,"href":"https:\/\/www.europesays.com\/fr\/wp-json\/wp\/v2\/media\/267174"}],"wp:attachment":[{"href":"https:\/\/www.europesays.com\/fr\/wp-json\/wp\/v2\/media?parent=267173"}],"wp:term":[{"taxonomy":"category","embeddable":true,"href":"https:\/\/www.europesays.com\/fr\/wp-json\/wp\/v2\/categories?post=267173"},{"taxonomy":"post_tag","embeddable":true,"href":"https:\/\/www.europesays.com\/fr\/wp-json\/wp\/v2\/tags?post=267173"}],"curies":[{"name":"wp","href":"https:\/\/api.w.org\/{rel}","templated":true}]}}