{"id":267177,"date":"2025-07-23T04:26:10","date_gmt":"2025-07-23T04:26:10","guid":{"rendered":"https:\/\/www.europesays.com\/fr\/267177\/"},"modified":"2025-07-23T04:26:10","modified_gmt":"2025-07-23T04:26:10","slug":"le-suspect-a-un-profil-tres-instable-liberation","status":"publish","type":"post","link":"https:\/\/www.europesays.com\/fr\/267177\/","title":{"rendered":"\u00abLe suspect a un profil tr\u00e8s instable\u00bb \u2013 Lib\u00e9ration"},"content":{"rendered":"<p class=\"sc-ksZaOG ehjQrN text-element\">Un homme d\u2019une cinquantaine d\u2019ann\u00e9es a \u00e9t\u00e9 interpell\u00e9 puis mis en examen mi-juin alors qu\u2019il s\u2019appr\u00eatait \u00e0 enlever, violer et tuer une fillette habitant dans son quartier, non loin d\u2019Orl\u00e9ans, r\u00e9v\u00e8le <a href=\"https:\/\/www.franceinfo.fr\/societe\/pedocriminalite\/info-franceinfo-un-quinquagenaire-interpelle-in-extremis-alors-qu-il-projetait-d-enlever-de-violer-et-de-tuer-une-fillette-pres-d-orleans_7390876.html\" target=\"_blank\" rel=\"noreferrer nofollow noopener\" title=\"https:\/\/www.franceinfo.fr\/societe\/pedocriminalite\/info-franceinfo-un-quinquagenaire-interpelle-in-extremis-alors-qu-il-projetait-d-enlever-de-violer-et-de-tuer-une-fillette-pres-d-orleans_7390876.html\">France Info<\/a>, ce mardi 22 juillet. L\u2019homme, d\u00e9j\u00e0 condamn\u00e9 il y a plusieurs ann\u00e9es pour d\u00e9tention d\u2019images p\u00e9dopornographiques, avait rep\u00e9r\u00e9 les trajets de la fillette et \u00e9chang\u00e9 sur des forums du Dark Web afin d\u2019obtenir des \u00abconseils techniques\u00bb aupr\u00e8s d\u2019autres p\u00e9docriminels avant son passage \u00e0 l\u2019acte.<\/p>\n<p class=\"sc-ksZaOG ehjQrN text-element\">Contact\u00e9e, la procureure de la R\u00e9publique d\u2019Orl\u00e9ans, Emmanuelle Bochenek-Puren, confirme que le mis en cause, plac\u00e9 en d\u00e9tention provisoire le 23 juin, a \u00e9t\u00e9 mis en examen pour association de malfaiteurs en vue de commettre un crime, instigation d\u2019une personne \u00e0 commettre une infraction sexuelle sur mineur, mais aussi pour d\u00e9tention, fixation, enregistrement et diffusion d\u2019images p\u00e9dopornographiques.<\/p>\n<p class=\"sc-ksZaOG ehjQrN text-element\">Pour Lib\u00e9ration, le chef du p\u00f4le op\u00e9rationnel de l\u2019Office mineurs (Ofmin), qui lutte contre les violences sexuelles faites a<\/p>\n","protected":false},"excerpt":{"rendered":"Un homme d\u2019une cinquantaine d\u2019ann\u00e9es a \u00e9t\u00e9 interpell\u00e9 puis mis en examen mi-juin alors qu\u2019il s\u2019appr\u00eatait \u00e0 enlever,&hellip;\n","protected":false},"author":2,"featured_media":267178,"comment_status":"","ping_status":"","sticky":false,"template":"","format":"standard","meta":{"footnotes":""},"categories":[4],"tags":[11,1011,27,12,3951,874,25],"class_list":{"0":"post-267177","1":"post","2":"type-post","3":"status-publish","4":"format-standard","5":"has-post-thumbnail","7":"category-france","8":"tag-actualites","9":"tag-fr","10":"tag-france","11":"tag-news","12":"tag-orleans","13":"tag-pedophilie","14":"tag-republique-francaise"},"share_on_mastodon":{"url":"https:\/\/pubeurope.com\/@fr\/114900656764579838","error":""},"_links":{"self":[{"href":"https:\/\/www.europesays.com\/fr\/wp-json\/wp\/v2\/posts\/267177","targetHints":{"allow":["GET"]}}],"collection":[{"href":"https:\/\/www.europesays.com\/fr\/wp-json\/wp\/v2\/posts"}],"about":[{"href":"https:\/\/www.europesays.com\/fr\/wp-json\/wp\/v2\/types\/post"}],"author":[{"embeddable":true,"href":"https:\/\/www.europesays.com\/fr\/wp-json\/wp\/v2\/users\/2"}],"replies":[{"embeddable":true,"href":"https:\/\/www.europesays.com\/fr\/wp-json\/wp\/v2\/comments?post=267177"}],"version-history":[{"count":0,"href":"https:\/\/www.europesays.com\/fr\/wp-json\/wp\/v2\/posts\/267177\/revisions"}],"wp:featuredmedia":[{"embeddable":true,"href":"https:\/\/www.europesays.com\/fr\/wp-json\/wp\/v2\/media\/267178"}],"wp:attachment":[{"href":"https:\/\/www.europesays.com\/fr\/wp-json\/wp\/v2\/media?parent=267177"}],"wp:term":[{"taxonomy":"category","embeddable":true,"href":"https:\/\/www.europesays.com\/fr\/wp-json\/wp\/v2\/categories?post=267177"},{"taxonomy":"post_tag","embeddable":true,"href":"https:\/\/www.europesays.com\/fr\/wp-json\/wp\/v2\/tags?post=267177"}],"curies":[{"name":"wp","href":"https:\/\/api.w.org\/{rel}","templated":true}]}}