{"id":267180,"date":"2025-07-23T04:28:11","date_gmt":"2025-07-23T04:28:11","guid":{"rendered":"https:\/\/www.europesays.com\/fr\/267180\/"},"modified":"2025-07-23T04:28:11","modified_gmt":"2025-07-23T04:28:11","slug":"le-centre-adyfor-a-forme-6-000-personnes-lan-dernier","status":"publish","type":"post","link":"https:\/\/www.europesays.com\/fr\/267180\/","title":{"rendered":"le centre Adyfor a form\u00e9 6\u00a0000 personnes l\u2019an dernier"},"content":{"rendered":"<p>\u00ab\u00a0En 2024, on a form\u00e9 quelque 6\u00a0000 personnes. C\u2019est 1\u00a0000 de plus qu\u2019en 2023. Les chiffres sont en hausse constante. C\u2019est normal\u00a0: avec le vieillissement de la population, les besoins sont de plus en plus importants.\u00a0\u00bb<\/p>\n<p>Florian Baert est le directeur d\u2019Adyfor, une structure associative install\u00e9e dans une magnifique ancienne demeure bourgeoise entour\u00e9e d\u2019un joli parc, au c\u0153ur de Saint-Jean-Bonnefonds, rue Jean-Baptiste-Bruget.<\/p>\n<p>L\u2019ADMR, c\u2019est 86\u00a0000 salari\u00e9s et 78\u00a0000 b\u00e9n\u00e9voles<\/p>\n<p>Adyfor est le centre de formation de l\u2019ADMR, la bien connue association cr\u00e9\u00e9e en 1945 \u00e0 Communay (Rh\u00f4ne) et qui est devenue aujourd\u2019hui le premier r\u00e9seau associatif national d\u2019aide \u00e0 la personne avec 86\u00a0000 salari\u00e9s et 78\u00a0000 b\u00e9n\u00e9voles.<\/p>\n<p>\u00ab\u00a0L\u2019ADMR intervient sur pratiquement tout le champ de la d\u00e9pendance et du handicap\u00a0: aide \u00e0 domicile&#8230;<\/p>\n","protected":false},"excerpt":{"rendered":"\u00ab\u00a0En 2024, on a form\u00e9 quelque 6\u00a0000 personnes. C\u2019est 1\u00a0000 de plus qu\u2019en 2023. Les chiffres sont en&hellip;\n","protected":false},"author":2,"featured_media":267181,"comment_status":"","ping_status":"","sticky":false,"template":"","format":"standard","meta":{"footnotes":""},"categories":[9653],"tags":[1111,11,2430,7539,1057,1777,674,5016,1011,27,12,25,4001,9664,9663,71],"class_list":{"0":"post-267180","1":"post","2":"type-post","3":"status-publish","4":"format-standard","5":"has-post-thumbnail","7":"category-saint-etienne","8":"tag-actu","9":"tag-actualites","10":"tag-auvergne-rhone-alpes","11":"tag-edition-loire-sud","12":"tag-education","13":"tag-eu","14":"tag-europe","15":"tag-formation-orientation","16":"tag-fr","17":"tag-france","18":"tag-news","19":"tag-republique-francaise","20":"tag-saint-etienne","21":"tag-saint-etienne-bassin","22":"tag-saint-jean-bonnefonds","23":"tag-sante"},"share_on_mastodon":{"url":"https:\/\/pubeurope.com\/@fr\/114900664569535272","error":""},"_links":{"self":[{"href":"https:\/\/www.europesays.com\/fr\/wp-json\/wp\/v2\/posts\/267180","targetHints":{"allow":["GET"]}}],"collection":[{"href":"https:\/\/www.europesays.com\/fr\/wp-json\/wp\/v2\/posts"}],"about":[{"href":"https:\/\/www.europesays.com\/fr\/wp-json\/wp\/v2\/types\/post"}],"author":[{"embeddable":true,"href":"https:\/\/www.europesays.com\/fr\/wp-json\/wp\/v2\/users\/2"}],"replies":[{"embeddable":true,"href":"https:\/\/www.europesays.com\/fr\/wp-json\/wp\/v2\/comments?post=267180"}],"version-history":[{"count":0,"href":"https:\/\/www.europesays.com\/fr\/wp-json\/wp\/v2\/posts\/267180\/revisions"}],"wp:featuredmedia":[{"embeddable":true,"href":"https:\/\/www.europesays.com\/fr\/wp-json\/wp\/v2\/media\/267181"}],"wp:attachment":[{"href":"https:\/\/www.europesays.com\/fr\/wp-json\/wp\/v2\/media?parent=267180"}],"wp:term":[{"taxonomy":"category","embeddable":true,"href":"https:\/\/www.europesays.com\/fr\/wp-json\/wp\/v2\/categories?post=267180"},{"taxonomy":"post_tag","embeddable":true,"href":"https:\/\/www.europesays.com\/fr\/wp-json\/wp\/v2\/tags?post=267180"}],"curies":[{"name":"wp","href":"https:\/\/api.w.org\/{rel}","templated":true}]}}