{"id":267186,"date":"2025-07-23T04:31:28","date_gmt":"2025-07-23T04:31:28","guid":{"rendered":"https:\/\/www.europesays.com\/fr\/267186\/"},"modified":"2025-07-23T04:31:28","modified_gmt":"2025-07-23T04:31:28","slug":"un-tournoi-reserve-aux-jeunes-de-11-12-ans","status":"publish","type":"post","link":"https:\/\/www.europesays.com\/fr\/267186\/","title":{"rendered":"un tournoi r\u00e9serv\u00e9 aux jeunes de 11-12 ans"},"content":{"rendered":"<p>L\u2019Association de tennis laneuvevillois (ATL) a accueilli le tr\u00e8s beau Tournoi multichances (TMC) r\u00e9serv\u00e9 aux jeunes de 11\/12 ans, class\u00e9s entre 30\/4 et 30\/2.<\/p>\n<p>Tous les participants ont \u00e9t\u00e9 f\u00e9licit\u00e9s par les autorit\u00e9s qui ont lou\u00e9 leur esprit sportif et leur belle \u00e9nergie d\u00e9ploy\u00e9e sur les courts.<\/p>\n<p>Andr\u00e9as Laumont Knauf (30\/3 \u2013 Nancy Well TC) qui a dispos\u00e9 en finale de son co\u00e9quipier Mathis Berthe (30\/3) est l\u2019heureux laur\u00e9at de ce TMC.<\/p>\n<p>Les organisateurs tiennent \u00e0 remercier Maxime et C\u00e9cile qui ont assur\u00e9 la mise en place de cette journ\u00e9e ainsi que les familles qui leur ont apport\u00e9 leur soutien.<\/p>\n","protected":false},"excerpt":{"rendered":"L\u2019Association de tennis laneuvevillois (ATL) a accueilli le tr\u00e8s beau Tournoi multichances (TMC) r\u00e9serv\u00e9 aux jeunes de 11\/12&hellip;\n","protected":false},"author":2,"featured_media":267187,"comment_status":"","ping_status":"","sticky":false,"template":"","format":"standard","meta":{"footnotes":""},"categories":[9635],"tags":[1111,11,1704,1777,674,1011,27,775,18459,9649,1702,12,25,104,1631],"class_list":{"0":"post-267186","1":"post","2":"type-post","3":"status-publish","4":"format-standard","5":"has-post-thumbnail","7":"category-nancy","8":"tag-actu","9":"tag-actualites","10":"tag-edition-nancy-et-agglomeration","11":"tag-eu","12":"tag-europe","13":"tag-fr","14":"tag-france","15":"tag-grand-est","16":"tag-laneuveville-devant-nancy","17":"tag-metropole-du-grand-nancy-54b2","18":"tag-nancy","19":"tag-news","20":"tag-republique-francaise","21":"tag-societe","22":"tag-vie-associative"},"share_on_mastodon":{"url":"https:\/\/pubeurope.com\/@fr\/114900676316394983","error":""},"_links":{"self":[{"href":"https:\/\/www.europesays.com\/fr\/wp-json\/wp\/v2\/posts\/267186","targetHints":{"allow":["GET"]}}],"collection":[{"href":"https:\/\/www.europesays.com\/fr\/wp-json\/wp\/v2\/posts"}],"about":[{"href":"https:\/\/www.europesays.com\/fr\/wp-json\/wp\/v2\/types\/post"}],"author":[{"embeddable":true,"href":"https:\/\/www.europesays.com\/fr\/wp-json\/wp\/v2\/users\/2"}],"replies":[{"embeddable":true,"href":"https:\/\/www.europesays.com\/fr\/wp-json\/wp\/v2\/comments?post=267186"}],"version-history":[{"count":0,"href":"https:\/\/www.europesays.com\/fr\/wp-json\/wp\/v2\/posts\/267186\/revisions"}],"wp:featuredmedia":[{"embeddable":true,"href":"https:\/\/www.europesays.com\/fr\/wp-json\/wp\/v2\/media\/267187"}],"wp:attachment":[{"href":"https:\/\/www.europesays.com\/fr\/wp-json\/wp\/v2\/media?parent=267186"}],"wp:term":[{"taxonomy":"category","embeddable":true,"href":"https:\/\/www.europesays.com\/fr\/wp-json\/wp\/v2\/categories?post=267186"},{"taxonomy":"post_tag","embeddable":true,"href":"https:\/\/www.europesays.com\/fr\/wp-json\/wp\/v2\/tags?post=267186"}],"curies":[{"name":"wp","href":"https:\/\/api.w.org\/{rel}","templated":true}]}}