{"id":267198,"date":"2025-07-23T04:41:09","date_gmt":"2025-07-23T04:41:09","guid":{"rendered":"https:\/\/www.europesays.com\/fr\/267198\/"},"modified":"2025-07-23T04:41:09","modified_gmt":"2025-07-23T04:41:09","slug":"a-rennes-cette-ferme-urbaine-se-lance-dans-la-vente-directe-de-cagettes-de-legumes-locaux-durant-lete","status":"publish","type":"post","link":"https:\/\/www.europesays.com\/fr\/267198\/","title":{"rendered":"\u00c0 Rennes, cette ferme urbaine se lance dans la vente directe de cagettes de l\u00e9gumes locaux durant l&rsquo;\u00e9t\u00e9"},"content":{"rendered":"<p>            Par<br \/>\n        <strong><br \/>\n            <a href=\"https:\/\/actu.fr\/auteur\/clemence-pays02-actu-fr\" title=\"Consulter tous les articles de Cl\u00e9mence Pays\" target=\"_blank\" rel=\"noopener\">Cl\u00e9mence Pays<\/a><br \/>\n        <\/strong><\/p>\n<p>        Publi\u00e9 le<\/p>\n<p>            23 juil. 2025 \u00e0 6h32        <\/p>\n<p>La micro-ferme urbaine p\u00e9dagogique du <a href=\"https:\/\/actu.fr\/tag\/le-blosne\" target=\"_blank\" rel=\"noopener\">Blosne<\/a>, g\u00e9r\u00e9e par l\u2019association <strong>Les Cols Verts<\/strong> \u00e0 Rennes, propose \u00e0 la vente <strong>des l\u00e9gumes locaux<\/strong> durant l\u2019\u00e9t\u00e9.<\/p>\n<p class=\" wall-content\">Ceux qui le souhaitent peuvent commander des <strong>cagettes de l\u00e9gumes<\/strong> produits dans les fermes urbaines du Blosne et de <a href=\"https:\/\/actu.fr\/bretagne\/chantepie_35055\" target=\"_blank\" rel=\"noopener\">Chantepie<\/a>, au tarif unique de <strong>10\u00a0euros,<\/strong> avec au choix\u2009:<\/p>\n<ul class=\" wall-content\">\n<li>une cagette de <strong>4\u00a0kg de tomates<\/strong> pour faire des sauces et coulis\u2009;<\/li>\n<li>une cagette de <strong>3\u00a0kg de l\u00e9gumes pour ratatouille<\/strong> (courgettes, aubergines, poivrons\u2026).<\/li>\n<\/ul>\n<p>Soutenir les actions sociales<\/p>\n<p class=\" wall-content\">Les recettes issues de ces ventes \u00ab\u2009permettent de <strong>soutenir les actions sociales et \u00e9cologiques<\/strong> men\u00e9es par Les Cols verts Rennes dans les quartiers populaires\u2009\u00bb, explique l\u2019association.<\/p>\n<p><strong>Infos pratiques\u2009:<\/strong><br \/>\nCommandes \u00e0 effectuer par mail \u00e0 <a href=\"https:\/\/actu.fr\/cdn-cgi\/l\/email-protection\" class=\"__cf_email__\" data-cfemail=\"462529283227253268342328282335062a233525292a353023343235682034\" target=\"_blank\" rel=\"noopener\">[email\u00a0protected]<\/a>, une semaine \u00e0 l\u2019avance. La commande est valid\u00e9e uniquement apr\u00e8s r\u00e9ception d\u2019un mail de confirmation. Le retrait et le paiement (esp\u00e8ces ou ch\u00e8que) se font le mercredi matin entre 9h30 et 13h au march\u00e9 du Potager des cultures, au Blosne (rue de Hongrie).<\/p>\n<p class=\" wall-content\">Suivez toute l\u2019actualit\u00e9 de vos villes et m\u00e9dias favoris en vous inscrivant \u00e0 <a href=\"https:\/\/moncompte.actu.fr\" title=\"D\u00e9couvez Mon Actu\" rel=\"nofollow noopener\" data-trk=\"{&quot;cta&quot;:{&quot;action&quot;:&quot;https:\\\/\\\/moncompte.actu.fr&quot;,&quot;category&quot;:&quot;mon compte&quot;,&quot;from&quot;:&quot;article footer&quot;,&quot;name&quot;:&quot;Mon actu&quot;,&quot;type&quot;:&quot;cta&quot;}}\" target=\"_blank\">Mon Actu<\/a>.<\/p>\n","protected":false},"excerpt":{"rendered":"Par Cl\u00e9mence Pays Publi\u00e9 le 23 juil. 2025 \u00e0 6h32 La micro-ferme urbaine p\u00e9dagogique du Blosne, g\u00e9r\u00e9e par&hellip;\n","protected":false},"author":2,"featured_media":267199,"comment_status":"","ping_status":"","sticky":false,"template":"","format":"standard","meta":{"footnotes":""},"categories":[2821],"tags":[1111,11,258,829,1777,674,1011,27,7905,12,52,584,25,23127],"class_list":{"0":"post-267198","1":"post","2":"type-post","3":"status-publish","4":"format-standard","5":"has-post-thumbnail","7":"category-rennes","8":"tag-actu","9":"tag-actualites","10":"tag-alimentation","11":"tag-bretagne","12":"tag-eu","13":"tag-europe","14":"tag-fr","15":"tag-france","16":"tag-le-blosne","17":"tag-news","18":"tag-planete","19":"tag-rennes","20":"tag-republique-francaise","21":"tag-tomate"},"share_on_mastodon":{"url":"https:\/\/pubeurope.com\/@fr\/114900715788120745","error":""},"_links":{"self":[{"href":"https:\/\/www.europesays.com\/fr\/wp-json\/wp\/v2\/posts\/267198","targetHints":{"allow":["GET"]}}],"collection":[{"href":"https:\/\/www.europesays.com\/fr\/wp-json\/wp\/v2\/posts"}],"about":[{"href":"https:\/\/www.europesays.com\/fr\/wp-json\/wp\/v2\/types\/post"}],"author":[{"embeddable":true,"href":"https:\/\/www.europesays.com\/fr\/wp-json\/wp\/v2\/users\/2"}],"replies":[{"embeddable":true,"href":"https:\/\/www.europesays.com\/fr\/wp-json\/wp\/v2\/comments?post=267198"}],"version-history":[{"count":0,"href":"https:\/\/www.europesays.com\/fr\/wp-json\/wp\/v2\/posts\/267198\/revisions"}],"wp:featuredmedia":[{"embeddable":true,"href":"https:\/\/www.europesays.com\/fr\/wp-json\/wp\/v2\/media\/267199"}],"wp:attachment":[{"href":"https:\/\/www.europesays.com\/fr\/wp-json\/wp\/v2\/media?parent=267198"}],"wp:term":[{"taxonomy":"category","embeddable":true,"href":"https:\/\/www.europesays.com\/fr\/wp-json\/wp\/v2\/categories?post=267198"},{"taxonomy":"post_tag","embeddable":true,"href":"https:\/\/www.europesays.com\/fr\/wp-json\/wp\/v2\/tags?post=267198"}],"curies":[{"name":"wp","href":"https:\/\/api.w.org\/{rel}","templated":true}]}}