{"id":267204,"date":"2025-07-23T04:44:10","date_gmt":"2025-07-23T04:44:10","guid":{"rendered":"https:\/\/www.europesays.com\/fr\/267204\/"},"modified":"2025-07-23T04:44:10","modified_gmt":"2025-07-23T04:44:10","slug":"une-nouvelle-marque-debarque-sur-lavenue-jean-medecin-a-nice-la-premiere-boutique-de-lenseigne-dans-les-alpes-maritimes","status":"publish","type":"post","link":"https:\/\/www.europesays.com\/fr\/267204\/","title":{"rendered":"Une nouvelle marque d\u00e9barque sur l&rsquo;avenue Jean-M\u00e9decin \u00e0 Nice, la premi\u00e8re boutique de l&rsquo;enseigne dans les Alpes-Maritimes"},"content":{"rendered":"<p>Les derniers cartons de marchandises sont en train d\u2019\u00eatre livr\u00e9s, les stickers d\u2019\u00eatre appos\u00e9s sur les vitrines, les pr\u00e9sentoirs d\u2019\u00eatre mont\u00e9s: la boutique est encore en travaux, mais d\u00e9j\u00e0 la devanture color\u00e9e attire l\u2019\u0153il.<\/p>\n<p>C\u2019est le tout premier magasin de la marque chinoise Miniso qui ouvre dans les Alpes-Maritimes et l\u2019enseigne a choisi Nice pour s\u2019implanter.<\/p>\n<p>Plus pr\u00e9cis\u00e9ment le 22, avenue Jean-M\u00e9decin. La boutique \u2013 qui sera ouverte au public ce samedi 26 juillet d\u00e8s 10 heures \u2013 accueillait auparavant un magasin Pimkie, ferm\u00e9 au d\u00e9but de l\u2019ann\u00e9e.<\/p>\n<p>Mastodonte de la pop culture asiatique<\/p>\n<p>Miniso, c\u2019est plus de 7.000 points de ventes dans le monde et surtout des franchises ultra-connues comme Sanrio (Hello Kitty), Pok\u00e9mon, les Bisounours\u2026 De quoi r\u00e9galer les fans de la pop culture japonaise et cor\u00e9enne.<\/p>\n<p>Peluches, figurines, accessoires de mode, bagagerie, papeterie\u2026 Sur deux \u00e9tages et pr\u00e8s de 300m\u00b2, la boutique proposera plus de 2.000 produits \u00e0 la vente.<\/p>\n<p>\u00ab\u00a0Un tr\u00e8s fort engouement\u00a0\u00bb<\/p>\n<p>Et les fans attendent avec impatience de d\u00e9couvrir le magasin ni\u00e7ois.<\/p>\n<p>\u00ab\u00a0Notre communaut\u00e9 est tr\u00e8s active sur les r\u00e9seaux sociaux, cela faisait des ann\u00e9es qu\u2019elle nous demandait d\u2019ouvrir un magasin \u00e0 Nice. Il y a un tr\u00e8s fort engouement, nous attendons beaucoup de gens d\u00e8s l\u2019ouverture\u00a0\u00bb, partage Cindy Boulloud, directrice commerciale et marketing de Miniso. Sous le poste TikTok annon\u00e7ant l\u2019arriv\u00e9e de la cha\u00eene \u00e0 Nice, les commentaires se multiplient.<\/p>\n<p>L\u2019enthousiasme aussi. \u00a0\u00bb Oui, enfin \u00e0 Nice\u00a0\u00bb, \u00e9crit Sirine, \u00a0\u00bb Merci, je serai l\u00e0 \u00ab\u00a0, ajoute Yass. \u00ab\u00a0Je sais dans quoi elle va partir ma paie du mois prochain (sic) \u00a0\u00bb ironise Yukano.<\/p>\n<p>Ce mardi 22 juillet, entre deux palettes de marchandises, Cindy Boulloud se voulait rassurante: \u00ab\u00a0Nous serons pr\u00eats \u00e0 accueillir nos clients samedi. Et nous r\u00e9servons une surprise aux 100 premiers!\u00a0\u00bb \u00c0 partir de 30 euros d\u2019achat, 100 tote-bags exclusifs seront offerts. Animations et DJ set sont pr\u00e9vus pour animer la journ\u00e9e.<\/p>\n<p>Que va devenir le Pimkie, \u00e0 Cap 3000?<\/p>\n<p>Les magasins Pimkie de l\u2019avenue Jean M\u00e9decin et de Cap 3.000 \u00e0 Saint-Laurent-du-Var ont ferm\u00e9 d\u00e9but 2025 dans le cadre d\u2019un plan national dit de sauvegarde de l\u2019emploi. Un plan concernant 97 magasins de la cha\u00eene en France.<\/p>\n<p>Plus de 400 employ\u00e9s ont \u00e9t\u00e9 licenci\u00e9s dans l\u2019Hexagone.<\/p>\n<p>\u00c0 Cap 3000, l\u2019enseigne va \u00eatre remplac\u00e9e par un Nocib\u00e9 qui ouvrira ses portes \u00e0 la rentr\u00e9e de septembre.<\/p>\n","protected":false},"excerpt":{"rendered":"Les derniers cartons de marchandises sont en train d\u2019\u00eatre livr\u00e9s, les stickers d\u2019\u00eatre appos\u00e9s sur les vitrines, les&hellip;\n","protected":false},"author":2,"featured_media":267205,"comment_status":"","ping_status":"","sticky":false,"template":"","format":"standard","meta":{"footnotes":""},"categories":[2819],"tags":[1111,11,2876,1777,674,1011,27,12,2401,882,25],"class_list":{"0":"post-267204","1":"post","2":"type-post","3":"status-publish","4":"format-standard","5":"has-post-thumbnail","7":"category-nice","8":"tag-actu","9":"tag-actualites","10":"tag-conso-shopping","11":"tag-eu","12":"tag-europe","13":"tag-fr","14":"tag-france","15":"tag-news","16":"tag-nice","17":"tag-provence-alpes-cote-dazur","18":"tag-republique-francaise"},"share_on_mastodon":{"url":"https:\/\/pubeurope.com\/@fr\/114900727535031408","error":""},"_links":{"self":[{"href":"https:\/\/www.europesays.com\/fr\/wp-json\/wp\/v2\/posts\/267204","targetHints":{"allow":["GET"]}}],"collection":[{"href":"https:\/\/www.europesays.com\/fr\/wp-json\/wp\/v2\/posts"}],"about":[{"href":"https:\/\/www.europesays.com\/fr\/wp-json\/wp\/v2\/types\/post"}],"author":[{"embeddable":true,"href":"https:\/\/www.europesays.com\/fr\/wp-json\/wp\/v2\/users\/2"}],"replies":[{"embeddable":true,"href":"https:\/\/www.europesays.com\/fr\/wp-json\/wp\/v2\/comments?post=267204"}],"version-history":[{"count":0,"href":"https:\/\/www.europesays.com\/fr\/wp-json\/wp\/v2\/posts\/267204\/revisions"}],"wp:featuredmedia":[{"embeddable":true,"href":"https:\/\/www.europesays.com\/fr\/wp-json\/wp\/v2\/media\/267205"}],"wp:attachment":[{"href":"https:\/\/www.europesays.com\/fr\/wp-json\/wp\/v2\/media?parent=267204"}],"wp:term":[{"taxonomy":"category","embeddable":true,"href":"https:\/\/www.europesays.com\/fr\/wp-json\/wp\/v2\/categories?post=267204"},{"taxonomy":"post_tag","embeddable":true,"href":"https:\/\/www.europesays.com\/fr\/wp-json\/wp\/v2\/tags?post=267204"}],"curies":[{"name":"wp","href":"https:\/\/api.w.org\/{rel}","templated":true}]}}