{"id":267217,"date":"2025-07-23T04:52:14","date_gmt":"2025-07-23T04:52:14","guid":{"rendered":"https:\/\/www.europesays.com\/fr\/267217\/"},"modified":"2025-07-23T04:52:14","modified_gmt":"2025-07-23T04:52:14","slug":"vieux-lille-avec-une-rue-des-bateliers-renovee-le-futur-tribunal-soffre-un-cadre-optimise","status":"publish","type":"post","link":"https:\/\/www.europesays.com\/fr\/267217\/","title":{"rendered":"Vieux-Lille. Avec une rue des Bateliers r\u00e9nov\u00e9e, le futur tribunal s&rsquo;offre un cadre optimis\u00e9"},"content":{"rendered":"<p>            Par<br \/>\n        <strong><br \/>\n            <a href=\"https:\/\/actu.fr\/auteur\/margot-nicodeme\" title=\"Consulter tous les articles de Margot Nicod\u00e8me\" rel=\"nofollow noopener\" target=\"_blank\">Margot Nicod\u00e8me<\/a><br \/>\n        <\/strong><\/p>\n<p>        Publi\u00e9 le<\/p>\n<p>            23 juil. 2025 \u00e0 6h26        <\/p>\n<p>Ce mois de juillet 2025 marque<b> la remise en circulation des v\u00e9hicules<\/b> dans <b>la rue des Bateliers<\/b>, dans le Vieux-<a href=\"https:\/\/actu.fr\/hauts-de-france\/lille_59350\" rel=\"nofollow noopener\" target=\"_blank\">Lille<\/a> (Nord). Cette art\u00e8re qui fait la jonction entre <a href=\"https:\/\/actu.fr\/hauts-de-france\/lille_59350\/avenir-de-lavenue-du-peuple-belge-a-lille-les-contours-du-futur-parc-se-precisent_59690378.html\" rel=\"nofollow noopener\" target=\"_blank\">l\u2019avenue du Peule belge<\/a> et le p\u00e9riph\u00e9rique bordant <a href=\"https:\/\/actu.fr\/hauts-de-france\/la-madeleine_59368\" rel=\"nofollow noopener\" target=\"_blank\">La Madeleine<\/a> a \u00e9t\u00e9<b> totalement refaite<\/b>, et pour cause : elle constituera <b>la voie principale pour acc\u00e9der au <a href=\"https:\/\/actu.fr\/hauts-de-france\/lille_59350\/la-mairie-de-lille-veut-installer-une-partie-du-futur-palais-de-justice-dans-les-locaux-de-liae_61021982.html\" rel=\"nofollow noopener\" target=\"_blank\">futur tribunal de Lille<\/a><\/b>, quant \u00e0 lui encore en travaux. Pour optimiser le cadre de cet \u00e9quipement d\u2019envergure, et \u00ab\u00a0cr\u00e9er une entr\u00e9e de ville digne de ce nom\u00a0\u00bb, la Ville a \u00ab\u00a0rachet\u00e9 des terrains lat\u00e9raux\u00a0\u00bb. Voici le rendu, en images.<\/p>\n<p>    <img   decoding=\"async\" loading=\"lazy\" class=\"size-large\" src=\"https:\/\/www.europesays.com\/fr\/wp-content\/uploads\/2025\/07\/32fbb5f3af786c6fbb5f3af78bafbbv-960x640.jpg\" alt=\"Les travaux se sont termin\u00e9s en ce mois de juillet 2025.\" width=\"960\" height=\"640\"\/><br \/>\n    Les travaux se sont termin\u00e9s en ce mois de juillet 2025. \u00a9Margot Nicod\u00e8meJusqu\u2019au futur tribunal de Lille, la rue des Bateliers revit : pistes cyclables, bus, v\u00e9g\u00e9talisation\u2026<\/p>\n<p class=\" wall-content\">Gr\u00e2ce aux am\u00e9nagements, la rue des Bateliers est pass\u00e9e \u00e0 double sens. Y circulent d\u00e9sormais les voitures et les bus, sur 2\u00d71 voie, ainsi que les cyclistes sur deux pistes unidirectionnelles. Sur le m\u00eame mod\u00e8le que les rues du Molinel et Solf\u00e9rino \u2013 <a href=\"https:\/\/actu.fr\/hauts-de-france\/lille_59350\/lille-pour-ce-collectif-les-amenagements-de-la-rue-du-molinel-sont-dangereux-cest-un-espace-de-risques_62712155.html\" rel=\"nofollow noopener\" target=\"_blank\">provoquant par ailleurs la contestation<\/a> \u2013 ces pistes sont sur les trottoirs, et jouxtent l\u2019espace pour les pi\u00e9tons. <b>48 places de stationnement <\/b>ont \u00e9t\u00e9 maintenues.<\/p>\n<p class=\" wall-content\">Comme dans chaque projet de requalification de l\u2019espace public, la v\u00e9g\u00e9talisation \u00e9tait au programme. 56 arbres et 480 m\u00b2 de surfaces ont \u00e9t\u00e9 plant\u00e9s au total, en suppl\u00e9ment des \u00ab\u00a0\u00eelots de fraicheur permettant l\u2019infiltration des eaux de pluie\u00a0\u00bb, indique la mairie. Les plantations sont en cours, et se termineront \u00e0 l\u2019automne 2025. Elles s\u2019ins\u00e8rent dans le plan de <a href=\"https:\/\/actu.fr\/hauts-de-france\/lille_59350\/projet-du-grand-euralille-donnez-votre-avis-sur-l-avenir-de-ces-200-hectares_52441506.html\" rel=\"nofollow noopener\" target=\"_blank\">\u00ab\u00a0l\u2019Arc vert m\u00e9tropolitain d\u2019Euralille \u00e0 la De\u00fble\u00a0\u00bb<\/a>, visant \u00e0 connecter le public \u00e0 <b>l\u2019espace vert de plus de 200 hectares<\/b> qui s\u2019\u00e9tire sur le Vieux-Lille, La Madeleine, Saint-Andr\u00e9 et Lambersart.<\/p>\n<p class=\" wall-content\">Pour mettre en lumi\u00e8re davantage encore le palais de justice flambant neuf, l\u2019\u00e9clairage public est lui aussi r\u00e9habilit\u00e9.<\/p>\n<p>    <img   decoding=\"async\" loading=\"lazy\" class=\"size-large\" src=\"https:\/\/www.europesays.com\/fr\/wp-content\/uploads\/2025\/07\/8bffb5f3af7868fffb5f3af786300cv-960x640.jpg\" alt=\"Deux pistes unidirectionnelles, de part et d'autre de la chauss\u00e9e, sont install\u00e9es.\" width=\"960\" height=\"640\"\/><br \/>\n    Deux pistes unidirectionnelles, de part et d\u2019autre de la chauss\u00e9e, sont install\u00e9es. 56 arbres ont \u00e9t\u00e9 plant\u00e9s. \u00a9Margot Nicod\u00e8me24 000 m\u00b2 et 61 salles d\u2019audience : un palais de justice d\u2019envergure<\/p>\n<p class=\" wall-content\">Act\u00e9e depuis 2018, la construction du nouveau tribunal a d\u00e9marr\u00e9 en 2022. L\u2019ouverture \u00e9tait pr\u00e9vue cette ann\u00e9e 2025, mais il semblerait que le chantier accuse un retard cons\u00e9quent. Notre sollicitation aupr\u00e8s de l\u2019Apij, l\u2019Agence publique pour l\u2019immobilier de la justice, au sujet d\u2019un \u00e9ventuel nouveau calendrier, est rest\u00e9e sans r\u00e9ponse.<\/p>\n<p class=\" wall-content\">Ce qui est certain, c\u2019est que le nouveau palais de justice est un mastodonte :<b> 24 000 m\u00b2 de surface de plancher<\/b>,<b> 61 salles d\u2019audience <\/b>dont 11 publiques, et trois grands ensembles architecturaux distincts. Un rez-de-chauss\u00e9e ouvert au public, une tour en forme de triangle pour les salles d\u2019audience, et un hexagone abritant les espaces de travail des magistrats et fonctionnaires.<\/p>\n<p>    <img   decoding=\"async\" loading=\"lazy\" class=\"size-large\" src=\"https:\/\/www.europesays.com\/fr\/wp-content\/uploads\/2025\/07\/84afb5f3af786f8afb5f3af782dafbv-960x640.jpg\" alt=\"La rue est pass\u00e9e \u00e0 double sens, avec 2x1 voie pour les bus et les voitures.\" width=\"960\" height=\"640\"\/><br \/>\n    La rue est pass\u00e9e \u00e0 double sens, avec 2\u00d71 voie pour les bus et les voitures. \u00a9Margot Nicod\u00e8me<\/p>\n<p class=\" wall-content\">Ce d\u00e9m\u00e9nagement s\u2019imposait pour \u00ab\u00a0recevoir tous les types de publics dans de bonnes conditions\u00a0\u00bb, \u00ab\u00a0simplifier les d\u00e9marches des citoyens\u00a0\u00bb et \u00ab\u00a0am\u00e9liorer le cadre de travail\u00a0\u00bb des personnels. Pour rappel, l\u2019actuel tribunal judiciaire avenue du Peuple belge <a href=\"https:\/\/actu.fr\/hauts-de-france\/lille_59350\/a-lille-le-palais-de-justice-de-lavenue-du-peuple-belge-sera-vendu-et-sa-structure-conservee_61022251.html\" rel=\"nofollow noopener\" target=\"_blank\">sera vendu et conserv\u00e9 en l\u2019\u00e9tat<\/a>.<\/p>\n<p class=\" wall-content\">Suivez toute l\u2019actualit\u00e9 de vos villes et m\u00e9dias favoris en vous inscrivant \u00e0 <a href=\"https:\/\/moncompte.actu.fr\" title=\"D\u00e9couvez Mon Actu\" rel=\"nofollow noopener\" data-trk=\"{&quot;cta&quot;:{&quot;action&quot;:&quot;https:\\\/\\\/moncompte.actu.fr&quot;,&quot;category&quot;:&quot;mon compte&quot;,&quot;from&quot;:&quot;article footer&quot;,&quot;name&quot;:&quot;Mon actu&quot;,&quot;type&quot;:&quot;cta&quot;}}\" target=\"_blank\">Mon Actu<\/a>.<\/p>\n","protected":false},"excerpt":{"rendered":"Par Margot Nicod\u00e8me Publi\u00e9 le 23 juil. 2025 \u00e0 6h26 Ce mois de juillet 2025 marque la remise&hellip;\n","protected":false},"author":2,"featured_media":267218,"comment_status":"","ping_status":"","sticky":false,"template":"","format":"standard","meta":{"footnotes":""},"categories":[2815],"tags":[1111,11,1777,674,1011,27,811,1307,12,25,104,2086,1352],"class_list":{"0":"post-267217","1":"post","2":"type-post","3":"status-publish","4":"format-standard","5":"has-post-thumbnail","7":"category-lille","8":"tag-actu","9":"tag-actualites","10":"tag-eu","11":"tag-europe","12":"tag-fr","13":"tag-france","14":"tag-hauts-de-france","15":"tag-lille","16":"tag-news","17":"tag-republique-francaise","18":"tag-societe","19":"tag-travaux","20":"tag-urbanisme"},"share_on_mastodon":{"url":"https:\/\/pubeurope.com\/@fr\/114900759020633524","error":""},"_links":{"self":[{"href":"https:\/\/www.europesays.com\/fr\/wp-json\/wp\/v2\/posts\/267217","targetHints":{"allow":["GET"]}}],"collection":[{"href":"https:\/\/www.europesays.com\/fr\/wp-json\/wp\/v2\/posts"}],"about":[{"href":"https:\/\/www.europesays.com\/fr\/wp-json\/wp\/v2\/types\/post"}],"author":[{"embeddable":true,"href":"https:\/\/www.europesays.com\/fr\/wp-json\/wp\/v2\/users\/2"}],"replies":[{"embeddable":true,"href":"https:\/\/www.europesays.com\/fr\/wp-json\/wp\/v2\/comments?post=267217"}],"version-history":[{"count":0,"href":"https:\/\/www.europesays.com\/fr\/wp-json\/wp\/v2\/posts\/267217\/revisions"}],"wp:featuredmedia":[{"embeddable":true,"href":"https:\/\/www.europesays.com\/fr\/wp-json\/wp\/v2\/media\/267218"}],"wp:attachment":[{"href":"https:\/\/www.europesays.com\/fr\/wp-json\/wp\/v2\/media?parent=267217"}],"wp:term":[{"taxonomy":"category","embeddable":true,"href":"https:\/\/www.europesays.com\/fr\/wp-json\/wp\/v2\/categories?post=267217"},{"taxonomy":"post_tag","embeddable":true,"href":"https:\/\/www.europesays.com\/fr\/wp-json\/wp\/v2\/tags?post=267217"}],"curies":[{"name":"wp","href":"https:\/\/api.w.org\/{rel}","templated":true}]}}