{"id":267221,"date":"2025-07-23T04:54:10","date_gmt":"2025-07-23T04:54:10","guid":{"rendered":"https:\/\/www.europesays.com\/fr\/267221\/"},"modified":"2025-07-23T04:54:10","modified_gmt":"2025-07-23T04:54:10","slug":"victime-dun-viol-une-infirmiere-des-baumettes-face-a-la-passivite-de-sa-hierarchie","status":"publish","type":"post","link":"https:\/\/www.europesays.com\/fr\/267221\/","title":{"rendered":"Victime d&rsquo;un viol, une infirmi\u00e8re des Baumettes face \u00e0 la passivit\u00e9 de sa hi\u00e9rarchie"},"content":{"rendered":"<p align=\"justify\">\u00c0 la mi-avril, une infirmi\u00e8re a subi une agression particuli\u00e8rement grave \u00e0 la prison des Baumettes de Marseille. Elle d\u00e9nonce des failles en mati\u00e8re de s\u00e9curit\u00e9, mais aussi dans l&rsquo;accompagnement de la part de son employeur, l\u2019assistance publique-h\u00f4pitaux de Marseille.<\/p>\n<p>    Treize secondes. Il n\u2019a pas fallu plus longtemps pour que la vie de C., infirmi\u00e8re en psychiatrie, chavire. Le 15 avril \u00e0 16 h 30, elle subit un viol dans le service m\u00e9dico-psychologique r\u00e9gional des h\u00f4pitaux sud de Marseille situ\u00e9 \u00e0 la prison des Baumettes. Cet apr\u00e8s-midi-l\u00e0, l\u2019\u00e9quipe fonctionne en sous-effectif. Un instant, C. se retrouve seule avec un patient qui en profite pour lui sauter dessus. Malgr\u00e9 l\u2019intervention rapide des agents p\u00e9nitentiaires pour ma\u00eetriser son agresseur, elle croit mourir : \u201cJe leur suis profond\u00e9ment reconnaissante d\u2019\u00eatre en vie. Je suis convaincue que si cette agression avait eu lieu dans une chambre d\u2019h\u00f4pital, je n\u2019en serais pas sortie vivante.\u201d Quatre mois plus tard, cette sensation de mort imminente persiste, un stress &#8230; <\/p>\n<p>VOUS VOULEZ LIRE LA SUITE\u00a0?\n\t\t              <\/p>\n<p>\n\t\t              CET \u00c9T\u00c9,<br \/>MARSACTU EST \u00c0<br \/>\n\t\t                <\/p>\n","protected":false},"excerpt":{"rendered":"\u00c0 la mi-avril, une infirmi\u00e8re a subi une agression particuli\u00e8rement grave \u00e0 la prison des Baumettes de Marseille.&hellip;\n","protected":false},"author":2,"featured_media":77582,"comment_status":"","ping_status":"","sticky":false,"template":"","format":"standard","meta":{"footnotes":""},"categories":[2814],"tags":[1111,11,2829,1777,674,1011,27,40671,884,12,882,25,1265,4772],"class_list":{"0":"post-267221","1":"post","2":"type-post","3":"status-publish","4":"format-standard","5":"has-post-thumbnail","7":"category-marseille","8":"tag-actu","9":"tag-actualites","10":"tag-baumettes","11":"tag-eu","12":"tag-europe","13":"tag-fr","14":"tag-france","15":"tag-francoiscremieux","16":"tag-marseille","17":"tag-news","18":"tag-provence-alpes-cote-dazur","19":"tag-republique-francaise","20":"tag-viol","21":"tag-zalu"},"share_on_mastodon":{"url":"https:\/\/pubeurope.com\/@fr\/114900766848778286","error":""},"_links":{"self":[{"href":"https:\/\/www.europesays.com\/fr\/wp-json\/wp\/v2\/posts\/267221","targetHints":{"allow":["GET"]}}],"collection":[{"href":"https:\/\/www.europesays.com\/fr\/wp-json\/wp\/v2\/posts"}],"about":[{"href":"https:\/\/www.europesays.com\/fr\/wp-json\/wp\/v2\/types\/post"}],"author":[{"embeddable":true,"href":"https:\/\/www.europesays.com\/fr\/wp-json\/wp\/v2\/users\/2"}],"replies":[{"embeddable":true,"href":"https:\/\/www.europesays.com\/fr\/wp-json\/wp\/v2\/comments?post=267221"}],"version-history":[{"count":0,"href":"https:\/\/www.europesays.com\/fr\/wp-json\/wp\/v2\/posts\/267221\/revisions"}],"wp:featuredmedia":[{"embeddable":true,"href":"https:\/\/www.europesays.com\/fr\/wp-json\/wp\/v2\/media\/77582"}],"wp:attachment":[{"href":"https:\/\/www.europesays.com\/fr\/wp-json\/wp\/v2\/media?parent=267221"}],"wp:term":[{"taxonomy":"category","embeddable":true,"href":"https:\/\/www.europesays.com\/fr\/wp-json\/wp\/v2\/categories?post=267221"},{"taxonomy":"post_tag","embeddable":true,"href":"https:\/\/www.europesays.com\/fr\/wp-json\/wp\/v2\/tags?post=267221"}],"curies":[{"name":"wp","href":"https:\/\/api.w.org\/{rel}","templated":true}]}}