{"id":267226,"date":"2025-07-23T04:57:15","date_gmt":"2025-07-23T04:57:15","guid":{"rendered":"https:\/\/www.europesays.com\/fr\/267226\/"},"modified":"2025-07-23T04:57:15","modified_gmt":"2025-07-23T04:57:15","slug":"a-19-ans-il-devient-le-5e-maitre-international-de-lyon","status":"publish","type":"post","link":"https:\/\/www.europesays.com\/fr\/267226\/","title":{"rendered":"\u00e0 19 ans, il devient le 5e\u00a0Ma\u00eetre international de Lyon"},"content":{"rendered":"<p>\u00ab\u00a0J\u2019essaye d\u2019apporter une image soign\u00e9e et d\u00e9mocratique du jeu. C\u2019est un beau jeu. Tu peux jouer contre n\u2019importe qui, n\u2019importe o\u00f9. Il n\u2019y a pas d\u2019\u00e2ge, de couleur, de handicap, de gar\u00e7on ou de fille. C\u2019est pour tout le monde. Et tu \u00e9changes ces valeurs gr\u00e2ce \u00e0 ce jeu.\u00a0\u00bb Quand on rencontre Phil\u00e9as, on ne peut s\u2019emp\u00eacher de l\u2019imaginer du haut de ses 8 ans quand il commen\u00e7ait en comp\u00e9tition et qu\u2019il d\u00e9fiait (et gagnait) des adultes beaucoup plus exp\u00e9riment\u00e9s que lui.<\/p>\n<p>Onze ans plus tard, celui qui, est devenu le 5e Ma\u00eetre international de Lyon garde toujours cette attitude ouverte. \u00c0 19 ans, il mesure sa chance, \u00e9norme\u00a0: celle d\u2019avoir voyag\u00e9, et travers\u00e9 presque 30 pays, dont 10 en seulement deux mois en 2024. \u00ab\u00a0\u00c7a m\u2019a ouvert les yeux\u00a0\u00bb, dit-il.<\/p>\n<p>Phil\u00e9as Mathieu sait ce qu\u2019il doit aux \u00e9checs. S\u00e9rieux et appliqu\u00e9, il raconte que les \u00e9checs l\u2019ont maintenu \u00e0 flot, lui qui est pass\u00e9 par des ann\u00e9es scolaires tr\u00e8s difficiles et des moments de pression en \u00e9tudes dues \u00e0 son statut de sportif de haut&#8230;<\/p>\n","protected":false},"excerpt":{"rendered":"\u00ab\u00a0J\u2019essaye d\u2019apporter une image soign\u00e9e et d\u00e9mocratique du jeu. C\u2019est un beau jeu. Tu peux jouer contre n\u2019importe&hellip;\n","protected":false},"author":2,"featured_media":267227,"comment_status":"","ping_status":"","sticky":false,"template":"","format":"standard","meta":{"footnotes":""},"categories":[1889],"tags":[1111,11,2430,2757,1777,674,1011,27,2428,2756,12,25,2429,104],"class_list":{"0":"post-267226","1":"post","2":"type-post","3":"status-publish","4":"format-standard","5":"has-post-thumbnail","7":"category-lyon","8":"tag-actu","9":"tag-actualites","10":"tag-auvergne-rhone-alpes","11":"tag-edition-lyon-villeurbanne","12":"tag-eu","13":"tag-europe","14":"tag-fr","15":"tag-france","16":"tag-lyon","17":"tag-lyon-bassin","18":"tag-news","19":"tag-republique-francaise","20":"tag-rhone","21":"tag-societe"},"share_on_mastodon":{"url":"https:\/\/pubeurope.com\/@fr\/114900778561775170","error":""},"_links":{"self":[{"href":"https:\/\/www.europesays.com\/fr\/wp-json\/wp\/v2\/posts\/267226","targetHints":{"allow":["GET"]}}],"collection":[{"href":"https:\/\/www.europesays.com\/fr\/wp-json\/wp\/v2\/posts"}],"about":[{"href":"https:\/\/www.europesays.com\/fr\/wp-json\/wp\/v2\/types\/post"}],"author":[{"embeddable":true,"href":"https:\/\/www.europesays.com\/fr\/wp-json\/wp\/v2\/users\/2"}],"replies":[{"embeddable":true,"href":"https:\/\/www.europesays.com\/fr\/wp-json\/wp\/v2\/comments?post=267226"}],"version-history":[{"count":0,"href":"https:\/\/www.europesays.com\/fr\/wp-json\/wp\/v2\/posts\/267226\/revisions"}],"wp:featuredmedia":[{"embeddable":true,"href":"https:\/\/www.europesays.com\/fr\/wp-json\/wp\/v2\/media\/267227"}],"wp:attachment":[{"href":"https:\/\/www.europesays.com\/fr\/wp-json\/wp\/v2\/media?parent=267226"}],"wp:term":[{"taxonomy":"category","embeddable":true,"href":"https:\/\/www.europesays.com\/fr\/wp-json\/wp\/v2\/categories?post=267226"},{"taxonomy":"post_tag","embeddable":true,"href":"https:\/\/www.europesays.com\/fr\/wp-json\/wp\/v2\/tags?post=267226"}],"curies":[{"name":"wp","href":"https:\/\/api.w.org\/{rel}","templated":true}]}}