{"id":267234,"date":"2025-07-23T05:02:10","date_gmt":"2025-07-23T05:02:10","guid":{"rendered":"https:\/\/www.europesays.com\/fr\/267234\/"},"modified":"2025-07-23T05:02:10","modified_gmt":"2025-07-23T05:02:10","slug":"a-paris-le-coworking-debarque-en-ehpad","status":"publish","type":"post","link":"https:\/\/www.europesays.com\/fr\/267234\/","title":{"rendered":"\u00e0 Paris, le coworking d\u00e9barque en Ehpad"},"content":{"rendered":"<p>            Par<br \/>\n        <strong><br \/>\n            <a href=\"https:\/\/actu.fr\/auteur\/marie-amelie-marchal\" title=\"Consulter tous les articles de Marie Amelie Marchal\" target=\"_blank\" rel=\"noopener\">Marie Amelie Marchal<\/a><br \/>\n        <\/strong><\/p>\n<p>        Publi\u00e9 le<\/p>\n<p>            23 juil. 2025 \u00e0 6h04        <\/p>\n<p>Il faut oser s\u2019y aventurer. S\u2019affranchir de l\u2019angoisse d\u2019<a href=\"https:\/\/actu.fr\/ile-de-france\/montreuil_93048\/reportage-qui-sont-les-babayagas-communaute-autogeree-de-feministes-a-la-retraite_58140295.html\" target=\"_blank\" rel=\"noopener\">affronter la vieillesse<\/a> et du temps qui passe. Se d\u00e9partir des clich\u00e9s qui collent \u00e0 la peau des <a href=\"https:\/\/actu.fr\/ile-de-france\/nogent-sur-marne_94052\/a-nogent-sur-marne-les-artistes-ont-leur-ehpad-dedie-on-leur-donne-envie-de-creer-jusqu-au-bout_60824660.html\" target=\"_blank\" rel=\"noopener\">r\u00e9sidences pour personnes \u00e2g\u00e9es<\/a> et accepter l\u2019inattendu. Oui Madeleine vient faire sa sieste tous les jours \u00e0 14\u00a0heures sur l\u2019un des fauteuils du petit espace de <a href=\"https:\/\/actu.fr\/ile-de-france\/paris_75056\/karaoke-restaurant-coworking-a-paris-ce-nouvel-hotel-s-adresse-aussi-bien-aux-touristes-qu-aux-habitants_62757149.html\" target=\"_blank\" rel=\"noopener\">coworking<\/a>. Oui il faut faire avec, lorsque le karaok\u00e9 d\u00e9bute et que les tubes Mike Brant r\u00e9sonnent au rez-de-chauss\u00e9e. Et oui, il faut savoir interrompre Daniela dans son flot de paroles \u00e0 la machine \u00e0 caf\u00e9. Mais l\u2019initiative d\u2019<a href=\"https:\/\/www.coworkingehpad.fr\/\" target=\"_blank\" rel=\"noopener\">Arbitryum,<\/a> <strong>proposer des places de coworking dans des Ehpad<\/strong>, vaut le coup d\u2019exister et d\u2019ouvrir ces \u00e9tablissements \u2013 et ses r\u00e9sidents, au monde ext\u00e9rieur. actu Paris\u00a0vous emm\u00e8ne dans une de ces <strong>dr\u00f4les de colocations<\/strong>. Reportage \u00e0 La Pirandelle, dans le 13e arrondissement de <a href=\"https:\/\/actu.fr\/paris\/\" target=\"_blank\" rel=\"noopener\">Paris<\/a>.<\/p>\n<p>Des espaces pour les secteurs de la sant\u00e9, l\u2019ESS ou la silver \u00e9conomie<\/p>\n<p class=\" wall-content\">Autour de la <a href=\"https:\/\/actu.fr\/auvergne-rhone-alpes\/aurillac_15014\/une-borne-melo-pour-reinventer-le-quotidien-des-seniors-de-lhopital-daurillac_61984913.html\" target=\"_blank\" rel=\"noopener\">borne de musique M\u00e9lo<\/a> \u2013 sorte de jukebox des temps modernes- une petite grappe de r\u00e9sidents \u00e9coute religieusement le chanteur de Laisse-moi t\u2019aimer. \u00c0 quelques tables de l\u00e0, des t\u00eates grises s\u2019appliquent lors d\u2019une session coloriages quand d\u2019autres devisent en t\u00eate-\u00e0-t\u00eate. Ce lundi 21\u00a0juillet 2025, un joyeux brouhaha r\u00e8gne dans le grand rez-de-chauss\u00e9e de La Pirandelle que R\u00e9mi traverse de temps en temps pour profiter de la machine \u00e0 caf\u00e9. Le trentenaire pr\u00e9pare une th\u00e8se sur les directeurs d\u2019Ehpad. Il est l\u2019un des sept \u00ab\u2009coworkers\u2009\u00bb \u00e0 b\u00e9n\u00e9ficier d\u2019un bureau dans la r\u00e9sidence.<\/p>\n<p class=\" wall-content\">Depuis quelques ann\u00e9es, Arbitryum, une entreprise qui accompagne les Ehpad \u00ab\u2009sur leurs enjeux humains et organisationnels\u2009\u00bb, exp\u00e9rimentent l\u2019<strong>implantation de bureaux<\/strong> dans les maisons de retraite.<\/p>\n<p class=\" wall-content\">\u00ab\u2009Les cibles de nos espaces sont les entreprises qui travaillent dans la <strong>sant\u00e9,<\/strong> la<strong> silver \u00e9conomie <\/strong>ou <strong>l\u2019\u00e9conomie sociale et solidaire<\/strong>\u2009\u00bb, expose Mathilde Boulet, responsable du projet au sein d\u2019Arbitryum.<\/p>\n<p class=\" wall-content\">L\u2019id\u00e9e est d\u2019<strong>offrir un espace o\u00f9 travailler \u00e0 un prix raisonnable<\/strong>. Compter 300 euros par mois pour un espace de sept places dans le 13e ou 500 euros dans le 18e arrondissement, contre 690 euros par mois par poste en moyenne selon <a href=\"https:\/\/www.ubiq.fr\/\" target=\"_blank\" rel=\"noopener\">Ubiq<\/a>, plateforme sp\u00e9cialis\u00e9e dans la recherche de bureau flexible. Mais l\u00e0 n\u2019est pas le c\u0153ur de l\u2019initiative.<\/p>\n<p>Une int\u00e9gration pens\u00e9e et accompagn\u00e9e<\/p>\n<p class=\" wall-content\">\u00ab\u2009L\u2019Ehpad n\u2019est pas un lieu neutre et nous accompagnons les coworkers pour leur int\u00e9gration. Ils doivent notamment suivre une formation sur le quotidien dans ces \u00e9tablissements. On leur explique que le matin est souvent d\u00e9di\u00e9 aux soins. Par cons\u00e9quent, s\u2019ils s\u2019adressent aux \u00e9quipes elles peuvent \u00eatre plus press\u00e9es que d\u2019habitude. Certaines choses sont \u00e0 savoir comme les probl\u00e8mes de d\u00e9glutition des r\u00e9sidents et la n\u00e9cessit\u00e9 de leur donner de l\u2019eau gazeuse s\u2019ils r\u00e9clament un verre. On fait \u00e9galement un point sur les troubles cognitifs qu\u2019ils peuvent rencontrer\u2009\u00bb, d\u00e9taille Mathilde Boulet.<\/p>\n<p class=\" wall-content\">Arbitryum ne cherche<strong> pas des locataires \u00e0 la journ\u00e9e<\/strong> mais des entreprises pr\u00eates \u00e0 tisser un lien sur le long terme avec les r\u00e9sidents. Contrairement \u00e0 certaines <a href=\"https:\/\/actu.fr\/ile-de-france\/saint-ouen-sur-seine_93070\/c-est-le-luxe-emma-etudiante-a-la-sorbonne-vit-gratuitement-dans-une-residence-pour-seniors-a-saint-ouen_61541195.html\" target=\"_blank\" rel=\"noopener\">colocations interg\u00e9n\u00e9rationnelles<\/a> qui essaiment en \u00cele-de-France, aucun b\u00e9n\u00e9volat n\u2019est demand\u00e9 en contrepartie. \u00ab\u2009Ce n\u2019est pas n\u00e9cessaire, les \u00e9changes se font spontan\u00e9ment\u2009\u00bb, assure la charg\u00e9e de projet.<\/p>\n<p>    <img   decoding=\"async\" loading=\"lazy\" src=\"https:\/\/www.europesays.com\/fr\/wp-content\/uploads\/2025\/07\/20250721-150550-960x640.jpg\" alt=\"R\u00e9mi et Daniel \u00e0 l'Ehpad la Pirandelle, lundi 21 juillet 2025.\" width=\"960\" height=\"640\"\/><br \/>\n    R\u00e9mi et Daniel \u00e0 l\u2019Ehpad La Pirandelle, lundi 21\u00a0juillet 2025. (\u00a9MAM \/ actu Paris)<\/p>\n<p class=\" wall-content\">Pour Cromwell, aide-soignant de l\u2019\u00e9tablissement depuis 2003, l\u2019arriv\u00e9e des travailleurs a \u00e9t\u00e9 un petit \u00e9v\u00e9nement. \u00ab\u2009Au d\u00e9part \u00e7a a \u00e9veill\u00e9 la curiosit\u00e9 de tous les r\u00e9sidents puis, maintenant, ils font partie du paysage\u2009\u00bb, glisse-t-il.<\/p>\n<p class=\" wall-content\">\u00ab\u2009On discute, \u00e7a fait du bien\u2009\u00bb, livre tout sourire, Daniel, septuag\u00e9naire et ancien jardinier \u00e0 la ville de Paris. L\u2019occasion pour lui de raconter ses belles ann\u00e9es pass\u00e9es aux Buttes-Chaumont ou \u00e0 Montsouris \u00e0 une oreille attentive.<\/p>\n<p class=\" wall-content\">\u00ab\u2009Cette initiative est g\u00e9niale mais <strong>elle se pr\u00e9pare en amont<\/strong> avec les familles et les \u00e9quipes, avertit Carole Jublot, directrice de La Pirandelle. On peut aussi le voir comme une forme de message, d\u2019ouvrir les r\u00e9sidences \u00e0 des personnes ext\u00e9rieures.\u2009\u00bb Une transparence revendiqu\u00e9e alors que les \u00e9tablissements d\u2019h\u00e9bergement pour personnes \u00e2g\u00e9es d\u00e9pendantes traversent <a href=\"https:\/\/actu.fr\/societe\/carte-scandale-des-ehpad-la-liste-des-55-structures-qui-ont-ecope-de-sanctions-graves_62444733.html\" target=\"_blank\" rel=\"noopener\">une crise sans pr\u00e9c\u00e9dent<\/a> et souffrent d\u2019un <a href=\"https:\/\/actu.fr\/bretagne\/lannion_22113\/ehpad-il-y-a-le-feu-au-lac-ces-maires-bretons-tirent-la-sonnette-dalarme_59799074.html\" target=\"_blank\" rel=\"noopener\">manque de financement<\/a>.\u00a0<\/p>\n<p class=\" wall-content\">Pour le moment, seuls trois Ehpad parisiens proposent des places en coworking. Deux \u00e9tablissements rejoindront l\u2019initiative en ao\u00fbt au <a href=\"https:\/\/actu.fr\/ile-de-france\/le-perreux-sur-marne_94058\" target=\"_blank\" rel=\"noopener\">Perreux-sur-Marne<\/a> (Val-de-Marne) et en septembre (dans le 15e arrondissement de Paris). Arbitryum esp\u00e8re ensuite ouvrir d\u2019autres Ehpad dans le reste de la France.<\/p>\n<p class=\" wall-content\">Suivez toute l\u2019actualit\u00e9 de vos villes et m\u00e9dias favoris en vous inscrivant \u00e0 <a href=\"https:\/\/moncompte.actu.fr\" title=\"D\u00e9couvez Mon Actu\" rel=\"nofollow noopener\" data-trk=\"{&quot;cta&quot;:{&quot;action&quot;:&quot;https:\\\/\\\/moncompte.actu.fr&quot;,&quot;category&quot;:&quot;mon compte&quot;,&quot;from&quot;:&quot;article footer&quot;,&quot;name&quot;:&quot;Mon actu&quot;,&quot;type&quot;:&quot;cta&quot;}}\" target=\"_blank\">Mon Actu<\/a>.<\/p>\n","protected":false},"excerpt":{"rendered":"Par Marie Amelie Marchal Publi\u00e9 le 23 juil. 2025 \u00e0 6h04 Il faut oser s\u2019y aventurer. S\u2019affranchir de&hellip;\n","protected":false},"author":2,"featured_media":267235,"comment_status":"","ping_status":"","sticky":false,"template":"","format":"standard","meta":{"footnotes":""},"categories":[1888],"tags":[11,12216,1777,674,1011,27,12,626,25,104,3400],"class_list":{"0":"post-267234","1":"post","2":"type-post","3":"status-publish","4":"format-standard","5":"has-post-thumbnail","7":"category-paris","8":"tag-actualites","9":"tag-ehpad","10":"tag-eu","11":"tag-europe","12":"tag-fr","13":"tag-france","14":"tag-news","15":"tag-paris","16":"tag-republique-francaise","17":"tag-societe","18":"tag-solidarite"},"share_on_mastodon":{"url":"https:\/\/pubeurope.com\/@fr\/114900798358578415","error":""},"_links":{"self":[{"href":"https:\/\/www.europesays.com\/fr\/wp-json\/wp\/v2\/posts\/267234","targetHints":{"allow":["GET"]}}],"collection":[{"href":"https:\/\/www.europesays.com\/fr\/wp-json\/wp\/v2\/posts"}],"about":[{"href":"https:\/\/www.europesays.com\/fr\/wp-json\/wp\/v2\/types\/post"}],"author":[{"embeddable":true,"href":"https:\/\/www.europesays.com\/fr\/wp-json\/wp\/v2\/users\/2"}],"replies":[{"embeddable":true,"href":"https:\/\/www.europesays.com\/fr\/wp-json\/wp\/v2\/comments?post=267234"}],"version-history":[{"count":0,"href":"https:\/\/www.europesays.com\/fr\/wp-json\/wp\/v2\/posts\/267234\/revisions"}],"wp:featuredmedia":[{"embeddable":true,"href":"https:\/\/www.europesays.com\/fr\/wp-json\/wp\/v2\/media\/267235"}],"wp:attachment":[{"href":"https:\/\/www.europesays.com\/fr\/wp-json\/wp\/v2\/media?parent=267234"}],"wp:term":[{"taxonomy":"category","embeddable":true,"href":"https:\/\/www.europesays.com\/fr\/wp-json\/wp\/v2\/categories?post=267234"},{"taxonomy":"post_tag","embeddable":true,"href":"https:\/\/www.europesays.com\/fr\/wp-json\/wp\/v2\/tags?post=267234"}],"curies":[{"name":"wp","href":"https:\/\/api.w.org\/{rel}","templated":true}]}}