{"id":267242,"date":"2025-07-23T05:06:11","date_gmt":"2025-07-23T05:06:11","guid":{"rendered":"https:\/\/www.europesays.com\/fr\/267242\/"},"modified":"2025-07-23T05:06:11","modified_gmt":"2025-07-23T05:06:11","slug":"a-son-tour-le-japon-signe-un-accord-commercial-avec-les-etats-unis","status":"publish","type":"post","link":"https:\/\/www.europesays.com\/fr\/267242\/","title":{"rendered":"\u00e0 son tour, le Japon signe un accord commercial avec les \u00c9tats-Unis"},"content":{"rendered":"<p>Le pr\u00e9sident am\u00e9ricain <a href=\"https:\/\/www.ledauphine.com\/p\/donald-trump\" target=\"_blank\" rel=\"nofollow noopener\">Donald Trump<\/a> a annonc\u00e9 la conclusion d&rsquo;un accord commercial \u00ab \u00e9norme \u00bb avec le Japon, avec un all\u00e8gement significatif pour les automobiles nippones, alors m\u00eame qu&rsquo;un compromis reste encore incertain avec l&rsquo;UE, le Mexique ou le Canada d&rsquo;ici la date-butoir du 1er ao\u00fbt. \u00ab Nous venons juste de conclure un \u00e9norme accord commercial avec le Japon \u00bb, a indiqu\u00e9 mardi Donald Trump sur sa plateforme Truth Social, le qualifiant de \u00ab sans pr\u00e9c\u00e9dent \u00bb.<\/p>\n<p>\u00ab Le Japon paiera des droits de douane r\u00e9ciproques de 15% aux Etats-Unis \u00bb, a-t-il indiqu\u00e9, bien en-de\u00e7\u00e0 de la surtaxe de 25% dont l&rsquo;archipel \u00e9tait menac\u00e9 au 1er ao\u00fbt. Le Japon, bien qu&rsquo;alli\u00e9-cl\u00e9 des Etats-Unis, est actuellement soumis aux m\u00eames droits de douane am\u00e9ricains de base de 10% que la plupart des nations, ainsi qu&rsquo;\u00e0 des surtaxes de 25% sur les voitures et de 50% sur l&rsquo;acier et l&rsquo;aluminium.<\/p>\n<p>Une victoire commercial pour Trump ?<\/p>\n<p>Cet accord avec Tokyo va entra\u00eener la cr\u00e9ation de \u00ab centaines de milliers d&#8217;emplois \u00bb, a ajout\u00e9 Donald Trump, mentionnant des investissements japonais \u00e0 hauteur de \u00ab 550 milliards de dollars \u00bb sur le sol am\u00e9ricain, sans d\u00e9tail si ce n&rsquo;est que \u00ab 90% des b\u00e9n\u00e9fices seraient per\u00e7us par les Etats-Unis \u00bb.<\/p>\n<p>\u00ab Nous pensons que c&rsquo;est une grande r\u00e9ussite d&rsquo;avoir pu obtenir la plus grande r\u00e9duction (des surtaxes) parmi les pays ayant un exc\u00e9dent commercial avec les \u00c9tats-Unis \u00bb, s&rsquo;est f\u00e9licit\u00e9 le Premier ministre japonais Shigeru Ishiba. L&rsquo;annonce intervient alors que le n\u00e9gociateur Ryosei Akazawa effectuait son huiti\u00e8me voyage \u00e0 Washington. \u00ab Mission accomplie \u00bb, s&rsquo;est-il r\u00e9joui.<\/p>\n<p>Selon Donald Trump, le Japon a accept\u00e9 de s&rsquo;ouvrir \u00ab au commerce des voitures et des pick-ups, du riz et d&rsquo;un certain nombre d&rsquo;autres produits agricoles \u00bb venant des Etats-Unis. Sur l&rsquo;automobile, l&rsquo;enjeu \u00e9tait de taille: l&rsquo;automobile repr\u00e9sentait l&rsquo;an dernier presque 30% des exportations du Japon vers les Etats-Unis. Dans l&rsquo;archipel, l&rsquo;industrie automobile repr\u00e9sente 8% des emplois, bien au-del\u00e0 de Toyota, premier constructeur mondial.<\/p>\n<p>Or, suite aux surtaxes de 25% impos\u00e9es depuis avril sur l&rsquo;automobile, les exportations de voitures japonaises vers les Etats-Unis ont d\u00e9gringol\u00e9 d&rsquo;un quart sur un an en mai et en juin.<br \/>Selon Shigeru Ishiba, l&rsquo;accord conclu pr\u00e9voit que ces surtaxes soient divis\u00e9es par deux, et s&rsquo;ajoutent aux droits de douane pr\u00e9existants de 2,5% pour parvenir \u00e0 une taxation finale de 15%.<\/p>\n<p>La crainte des agriculteurs japonais<\/p>\n<p>Suite \u00e0 ces informations, La Bourse de Tokyo bondissait de plus de 3%.\u00a0L&rsquo;indice vedette Nikkei grimpait de 3,20% \u00e0 47 048 points, et l&rsquo;indice \u00e9largi Topix gagnait 3,10% \u00e0 2 924 points. L&rsquo;action du constructeur automobile Toyota s&rsquo;envolait de plus de 14% \u00e0 la Bourse de Tokyo vers 3h30 (heures locales), tandis que Nissan et Honda grimpait de 6%.<\/p>\n<p>\u00ab Je me f\u00e9licite vivement que cette \u00e9tape majeure ait \u00e9t\u00e9 franchie et dissipe l&rsquo;incertitude qui pr\u00e9occupait les entreprises priv\u00e9es \u00bb, a r\u00e9agi Tatsuo Yasunaga, pr\u00e9sident du Conseil du commerce ext\u00e9rieur r\u00e9unissant les firmes exportatrices nippones. Mais \u00ab sur la base des informations disponibles, il est difficile d&rsquo;\u00e9valuer clairement l&rsquo;impact (&#8230;). Nous souhaitons que le tableau g\u00e9n\u00e9ral soit clarifi\u00e9 au plus vite \u00bb, a-t-il pr\u00e9venu.<\/p>\n<p>Par ailleurs, gonfler les importations de riz \u00e9tait ces derniers mois un tabou pour Tokyo, qui assurait d\u00e9fendre les int\u00e9r\u00eats des agriculteurs locaux. \u00ab Nous avons poursuivi les n\u00e9gociations pour parvenir \u00e0 un accord r\u00e9pondant \u00e0 l&rsquo;int\u00e9r\u00eat national du Japon et des \u00c9tats-Unis \u00bb et \u00ab rien n&rsquo;impose des sacrices \u00e0 nos agriculteurs \u00bb, a affirm\u00e9 mercredi Shigeru\u00a0Ishiba.<\/p>\n<p>Le Japon importe actuellement jusqu&rsquo;\u00e0 770 000 tonnes de riz exempt\u00e9s de droits de douane et pourrait importer davantage de c\u00e9r\u00e9ales am\u00e9ricaines dans cette limite &#8211;au d\u00e9triment d&rsquo;autres origines&#8211;, a-t-il expliqu\u00e9. En revanche, les surtaxes am\u00e9ricaines de 50% sur l&rsquo;acier et l&rsquo;aluminium ne sont pas concern\u00e9es par l&rsquo;accord, pas davantage que les d\u00e9penses de d\u00e9fense du Japon dont le pr\u00e9sident am\u00e9ricain r\u00e9clame le renforcement, a pr\u00e9cis\u00e9 Ryosei Akazawa.<\/p>\n<p>En vigueur le 1er ao\u00fbt<\/p>\n<p>Washington entend imposer \u00e0 partir du 1er ao\u00fbt de massives surtaxes dites \u00ab r\u00e9ciproques \u00bb, initialement pr\u00e9vues au 1er avril puis suspendues, \u00e0 nombre de ses partenaires commerciaux, \u00e0 moins que ces derniers ne concluent d&rsquo;ici l\u00e0 des accords avec les Etats-Unis.<\/p>\n<p>L&rsquo;administration Trump compte pour l&rsquo;heure quatre de ces accords \u00e0 son actif: outre le Japon, le pr\u00e9sident am\u00e9ricain a annonc\u00e9 mardi en avoir conclu un avec les Philippines. Les Etats-Unis se sont par ailleurs d\u00e9j\u00e0 entendus avec le Royaume-Uni et le Vietnam. Et Donald Trump a d\u00e9taill\u00e9 mardi les conditions d&rsquo;un accord-cadre conclu avec Jakarta, ouvrant la voie \u00e0 un accord final encore \u00e0 construire.<\/p>\n<p>  D\u00e9sescalade avec la Chine<\/p>\n<p>\u00ab L&rsquo;Europe viendra demain et, le jour suivant, nous en avons d&rsquo;autres qui viennent \u00bb, a m\u00eame assur\u00e9 Donald Trump mardi devant des s\u00e9nateurs r\u00e9publicains.<\/p>\n<p>Donald Trump a d\u00e9cr\u00e9t\u00e9 des droits de douane de 30% sur toutes les importations venant de l&rsquo;UE et du Mexique \u00e0 compter du 1er ao\u00fbt. Le Canada encourt 35% de surtaxe et le Br\u00e9sil 50%.<\/p>\n<p>Les Etats-Unis se sont par ailleurs entendus sur une d\u00e9sescalade avec la Chine, apr\u00e8s une mont\u00e9e des tensions commerciales entre les deux premi\u00e8res puissances \u00e9conomiques mondiales.<\/p>\n","protected":false},"excerpt":{"rendered":"Le pr\u00e9sident am\u00e9ricain Donald Trump a annonc\u00e9 la conclusion d&rsquo;un accord commercial \u00ab \u00e9norme \u00bb avec le Japon,&hellip;\n","protected":false},"author":2,"featured_media":267243,"comment_status":"","ping_status":"","sticky":false,"template":"","format":"standard","meta":{"footnotes":""},"categories":[1589],"tags":[11,327,646,33,73,1866,107,329,12,316,1864,1865,1863,308],"class_list":{"0":"post-267242","1":"post","2":"type-post","3":"status-publish","4":"format-standard","5":"has-post-thumbnail","7":"category-etats-unis","8":"tag-actualites","9":"tag-agriculture","10":"tag-automobile","11":"tag-economie","12":"tag-etats-unis","13":"tag-etats-unis-damerique","14":"tag-fil-info","15":"tag-france-monde","16":"tag-news","17":"tag-politique","18":"tag-united-states","19":"tag-united-states-of-america","20":"tag-us","21":"tag-usa"},"share_on_mastodon":{"url":"https:\/\/pubeurope.com\/@fr\/114900813993136861","error":""},"_links":{"self":[{"href":"https:\/\/www.europesays.com\/fr\/wp-json\/wp\/v2\/posts\/267242","targetHints":{"allow":["GET"]}}],"collection":[{"href":"https:\/\/www.europesays.com\/fr\/wp-json\/wp\/v2\/posts"}],"about":[{"href":"https:\/\/www.europesays.com\/fr\/wp-json\/wp\/v2\/types\/post"}],"author":[{"embeddable":true,"href":"https:\/\/www.europesays.com\/fr\/wp-json\/wp\/v2\/users\/2"}],"replies":[{"embeddable":true,"href":"https:\/\/www.europesays.com\/fr\/wp-json\/wp\/v2\/comments?post=267242"}],"version-history":[{"count":0,"href":"https:\/\/www.europesays.com\/fr\/wp-json\/wp\/v2\/posts\/267242\/revisions"}],"wp:featuredmedia":[{"embeddable":true,"href":"https:\/\/www.europesays.com\/fr\/wp-json\/wp\/v2\/media\/267243"}],"wp:attachment":[{"href":"https:\/\/www.europesays.com\/fr\/wp-json\/wp\/v2\/media?parent=267242"}],"wp:term":[{"taxonomy":"category","embeddable":true,"href":"https:\/\/www.europesays.com\/fr\/wp-json\/wp\/v2\/categories?post=267242"},{"taxonomy":"post_tag","embeddable":true,"href":"https:\/\/www.europesays.com\/fr\/wp-json\/wp\/v2\/tags?post=267242"}],"curies":[{"name":"wp","href":"https:\/\/api.w.org\/{rel}","templated":true}]}}