{"id":267244,"date":"2025-07-23T05:07:11","date_gmt":"2025-07-23T05:07:11","guid":{"rendered":"https:\/\/www.europesays.com\/fr\/267244\/"},"modified":"2025-07-23T05:07:11","modified_gmt":"2025-07-23T05:07:11","slug":"tous-les-details-sur-sa-nouvelle-vie-tres-loin-de-donald-trump","status":"publish","type":"post","link":"https:\/\/www.europesays.com\/fr\/267244\/","title":{"rendered":"tous les d\u00e9tails sur sa nouvelle vie (tr\u00e8s) loin de Donald Trump"},"content":{"rendered":"<p>                                        <img decoding=\"async\" src=\"https:\/\/www.europesays.com\/fr\/wp-content\/uploads\/2025\/07\/0877b9847b0c7ec189422991a7baa62c2660f744c2ab8978c30c99eb610b485e.jpg\" alt=\"GALA VIDEO - Donald Trump\u00a0: ce qu'il faut conna\u00eetre (1)\" class=\"a11y-hidden\"\/><\/p>\n<p class=\"fig-standfirst\">Lorsque Donald Trump a \u00e9t\u00e9 r\u00e9\u00e9lu, Ellen DeGeneres a alors fait le choix de quitter les \u00c9tats-Unis pour le Royaume-Uni. O\u00f9 vit-elle\u00a0? Que pense-t-elle de son nouveau train de vie\u00a0? On vous dit tout\u00a0!<\/p>\n<p class=\"fig-paragraph\">Si elle a longtemps \u00e9t\u00e9\u00a0<a href=\"http:\/\/www.gala.fr\/royautes\/fini-hollywood-et-les-paillettes-le-prince-harry-aurait-eu-un-eclair-de-lucidite-20250718\" data-fig-type=\"Article\" data-gtm-custom-categorie=\"navigation\" data-gtm-custom-action=\"crossclick\" data-gtm-custom-label=\"Contextuel\" data-gtm-event=\"customEventSPE\" data-fig-domain=\"GALA\" target=\"_blank\" rel=\"noopener\">l\u2019un des visages de Hollywood<\/a>, Ellen DeGeneres s\u2019est, au cours de ces derni\u00e8res ann\u00e9es, faite beaucoup plus discr\u00e8te. Apr\u00e8s la fin de\u00a0<a href=\"https:\/\/www.gala.fr\/l_actu\/news_de_stars\/ellen-degeneres-en-larmes-les-adieux-emouvants-de-lanimatrice-la-plus-belle-experience-de-toute-ma-vie_494770\" data-fig-type=\"Article\" data-gtm-custom-categorie=\"navigation\" data-gtm-custom-action=\"crossclick\" data-gtm-custom-label=\"Contextuel\" data-gtm-event=\"customEventSPE\" data-fig-domain=\"GALA\" target=\"_blank\" rel=\"noopener\">son talk-show Ellen DeGeneres Show<\/a> \u00a0(arr\u00eat\u00e9 en mai 2022 suite aux accusations faites par ses employ\u00e9s \u2013 qui avaient jug\u00e9 le comportement de l\u2019animatrice comme \u00e9tant \u00ab toxique\u00a0\u00bb), l\u2019\u00e9pouse de Portia de Rossi a d\u00e9cid\u00e9 de plier bagage afin de s\u2019installer en pleine campagne, au Royaume-Uni. Un changement de vie drastique qui serait d\u2019ailleurs motiv\u00e9 par\u00a0<a href=\"http:\/\/www.gala.fr\/l_actu\/news_de_stars\/donald-trump-reelu-bowling-passage-souterrain-ces-pieces-secretes-de-la-maison-blanche-20241125\" data-fig-type=\"Article\" data-gtm-custom-categorie=\"navigation\" data-gtm-custom-action=\"crossclick\" data-gtm-custom-label=\"Contextuel\" data-gtm-event=\"customEventSPE\" data-fig-domain=\"GALA\" target=\"_blank\" rel=\"noopener\">la r\u00e9\u00e9lection de Donald Trump<\/a>.<\/p>\n<p class=\"fig-paragraph\">En novembre 2024, lorsque Donald Trump a \u00e9t\u00e9 r\u00e9\u00e9lu, Ellen DeGeneres et son \u00e9pouse se trouvaient d\u00e9j\u00e0 au Royaume-Uni. Formellement oppos\u00e9e aux id\u00e9ologies du pr\u00e9sident am\u00e9ricain, l\u2019animatrice a alors fait le choix de rester dans cette maison de campagne. Et le moins que l\u2019on puisse dire, c\u2019est qu\u2019elle ne regrette absolument pas cette d\u00e9cision. \u00ab C\u2019est absolument magnifique\u00a0\u00bb, a-t-elle d\u00e9clar\u00e9 \u00e0 la BBC plus t\u00f4t ce mois-ci, pr\u00e9cisant qu\u2019avec son \u00e9pouse, elles sont tomb\u00e9es sous le charme de leur nouveau cadre de vie. \u00ab Les villages, les villes et l\u2019architecture\u2026 tout est charmant et l\u2019on y retrouve un mode de vie plus simple\u00a0\u00bb, a-t-elle continu\u00e9, avant d\u2019ajouter\u00a0: \u00ab On adore cet endroit. Portia [de Rossi] a fait venir ses chevaux, j\u2019ai des poules et nous avons eu des moutons pendant environ deux semaines. Tout est mieux ici\u00a0: la fa\u00e7on dont les animaux sont trait\u00e9s, la politesse des gens. J\u2019adore cet endroit.\u00a0\u00bb Un quotidien en d\u00e9finitive bien loin des paillettes mais vraisemblablement plus reposant.<\/p>\n<p>                                    <a class=\"fig-a11y-skip a11y-hidden\" href=\"#fig-a11y-skip-main-inarticle\"><br \/>\n        Passer la publicit\u00e9<br \/>\n    <\/a><\/p>\n<p>Mais au fait, comment a r\u00e9agi Ellen DeGeneres lorsqu\u2019elle a \u00e9t\u00e9 vis\u00e9e par plusieurs accusations\u00a0?<\/p>\n<p class=\"fig-paragraph\">En juillet 2020, Buzzfeed avait r\u00e9v\u00e9l\u00e9 une enqu\u00eate sur Ellen DeGeneres, d\u00e9voilant par la m\u00eame occasion plusieurs t\u00e9moignages d\u00e9non\u00e7ant le comportement toxique de l\u2019animatrice. Et si elle n\u2019avait, dans un premier temps, pas parl\u00e9 publiquement de ces accusations, elle l\u2019a fait lors d\u2019une de ses pr\u00e9c\u00e9dentes repr\u00e9sentations. \u00ab La prochaine fois, je serai vir\u00e9e parce que je suis vieille. Vieille, gay et m\u00e9chante, la triple couronne\u00a0\u00bb, avait-elle r\u00e9agi sur sc\u00e8ne, non sans humour. Avant de poursuivre\u00a0: \u00ab Je peux \u00eatre exigeante, impatiente et dure. Je suis une femme forte. Je suis bien plus que \u00e7a, mais je ne suis pas m\u00e9chante. \u00bb Mais ce n\u2019est que lors d\u2019un entretien accord\u00e9 \u00e0 Oprah Winfrey, dans Today, que l\u2019int\u00e9ress\u00e9e avait v\u00e9ritablement d\u00e9voil\u00e9 le fond de sa pens\u00e9e. \u00ab Je n\u2019ai vraiment pas compris, et je ne comprends toujours pas\u00a0\u00bb, avait-elle d\u00e9plor\u00e9. Et de conclure, sur l\u2019impact qu\u2019a eu ce scandale\u00a0: \u00ab C\u2019\u00e9tait d\u00e9vastateur. Je suis une personne gentille\u2026 J\u2019aime rendre les gens heureux.\u00a0\u00bb<\/p>\n<p class=\"fig-paragraph\">Article \u00e9crit en collaboration avec 6M\u00e9dias.<\/p>\n","protected":false},"excerpt":{"rendered":"Lorsque Donald Trump a \u00e9t\u00e9 r\u00e9\u00e9lu, Ellen DeGeneres a alors fait le choix de quitter les \u00c9tats-Unis pour&hellip;\n","protected":false},"author":2,"featured_media":267245,"comment_status":"","ping_status":"","sticky":false,"template":"","format":"standard","meta":{"footnotes":""},"categories":[1588],"tags":[11,14477,75,40674,1777,674,2137,12,40673,473,1853,1851,1850,1852],"class_list":{"0":"post-267244","1":"post","2":"type-post","3":"status-publish","4":"format-standard","5":"has-post-thumbnail","7":"category-royaume-uni","8":"tag-actualites","9":"tag-demenagement","10":"tag-donald-trump","11":"tag-ellen-degeneres","12":"tag-eu","13":"tag-europe","14":"tag-hollywood","15":"tag-news","16":"tag-nouvelle-vie","17":"tag-royaume-uni","18":"tag-royaume-uni-de-grande-bretagne-et-dirlande-du-nord","19":"tag-uk","20":"tag-united-kingdom","21":"tag-united-kingdom-of-great-britain-and-northern-ireland"},"share_on_mastodon":{"url":"https:\/\/pubeurope.com\/@fr\/114900817938329911","error":""},"_links":{"self":[{"href":"https:\/\/www.europesays.com\/fr\/wp-json\/wp\/v2\/posts\/267244","targetHints":{"allow":["GET"]}}],"collection":[{"href":"https:\/\/www.europesays.com\/fr\/wp-json\/wp\/v2\/posts"}],"about":[{"href":"https:\/\/www.europesays.com\/fr\/wp-json\/wp\/v2\/types\/post"}],"author":[{"embeddable":true,"href":"https:\/\/www.europesays.com\/fr\/wp-json\/wp\/v2\/users\/2"}],"replies":[{"embeddable":true,"href":"https:\/\/www.europesays.com\/fr\/wp-json\/wp\/v2\/comments?post=267244"}],"version-history":[{"count":0,"href":"https:\/\/www.europesays.com\/fr\/wp-json\/wp\/v2\/posts\/267244\/revisions"}],"wp:featuredmedia":[{"embeddable":true,"href":"https:\/\/www.europesays.com\/fr\/wp-json\/wp\/v2\/media\/267245"}],"wp:attachment":[{"href":"https:\/\/www.europesays.com\/fr\/wp-json\/wp\/v2\/media?parent=267244"}],"wp:term":[{"taxonomy":"category","embeddable":true,"href":"https:\/\/www.europesays.com\/fr\/wp-json\/wp\/v2\/categories?post=267244"},{"taxonomy":"post_tag","embeddable":true,"href":"https:\/\/www.europesays.com\/fr\/wp-json\/wp\/v2\/tags?post=267244"}],"curies":[{"name":"wp","href":"https:\/\/api.w.org\/{rel}","templated":true}]}}