{"id":267250,"date":"2025-07-23T05:10:10","date_gmt":"2025-07-23T05:10:10","guid":{"rendered":"https:\/\/www.europesays.com\/fr\/267250\/"},"modified":"2025-07-23T05:10:10","modified_gmt":"2025-07-23T05:10:10","slug":"chronologie-des-tensions-commerciales-entre-lue-et-la-chine","status":"publish","type":"post","link":"https:\/\/www.europesays.com\/fr\/267250\/","title":{"rendered":"Chronologie des tensions commerciales entre l\u2019UE et la Chine"},"content":{"rendered":"<p>Les dirigeants chinois et de l\u2019Union europ\u00e9enne se r\u00e9uniront \u00e0 P\u00e9kin jeudi \u00e0 l\u2019occasion d\u2019un sommet marquant 50 ans de relations diplomatiques. Voici un r\u00e9capitulatif des principales frictions commerciales entre l\u2019UE et la Chine ces derni\u00e8res ann\u00e9es.<\/p>\n<ul>\n<li><strong>22 mars 2021<\/strong> \u2013 L\u2019UE sanctionne quatre responsables chinois pour des violations pr\u00e9sum\u00e9es des droits de l\u2019Homme au Xinjiang, ses premi\u00e8res sanctions d\u2019envergure contre la Chine depuis la r\u00e9pression de la place Tiananmen en 1989. En repr\u00e9sailles, la Chine sanctionne dix personnalit\u00e9s politiques europ\u00e9ennes et des groupes de r\u00e9flexion.<\/li>\n<li><strong>20 mai 2021<\/strong> \u2013 Le Parlement europ\u00e9en suspend la ratification d\u2019un vaste accord d\u2019investissement avec la Chine, suite aux sanctions impos\u00e9es par P\u00e9kin.<\/li>\n<li><strong>3 d\u00e9cembre 2021<\/strong> \u2013 La Chine d\u00e9cr\u00e8te un embargo non annonc\u00e9 sur les exportations lituaniennes, apr\u00e8s que Vilnius a autoris\u00e9 Ta\u00efwan \u00e0 ouvrir une ambassade de facto.<\/li>\n<li><strong>30 mars 2023<\/strong> \u2013 La pr\u00e9sidente de la Commission europ\u00e9enne, Ursula von der Leyen, d\u00e9clare que l\u2019UE doit \u00ab\u00a0r\u00e9duire les risques\u00a0\u00bb li\u00e9s \u00e0 sa d\u00e9pendance commerciale et aux cha\u00eenes d\u2019approvisionnement chinoises.<\/li>\n<li><strong>13 septembre 2023<\/strong> \u2013 L\u2019UE lance une enqu\u00eate antisubventions sur les exportations de v\u00e9hicules \u00e9lectriques chinois pour \u00e9valuer la pertinence de droits de douane punitifs.<\/li>\n<li><strong>5 janvier 2024<\/strong> \u2013 La Chine ouvre une enqu\u00eate antidumping sur les importations de cognac europ\u00e9en.<\/li>\n<li><strong>9 avril 2024<\/strong> \u2013 L\u2019UE annonce une enqu\u00eate sur les subventions accord\u00e9es aux fournisseurs chinois d\u2019\u00e9oliennes.<\/li>\n<li><strong>17 juin 2024<\/strong> \u2013 La Chine ouvre une enqu\u00eate antidumping sur la viande de porc et ses d\u00e9riv\u00e9s en provenance de l\u2019UE.<\/li>\n<li><strong>21 ao\u00fbt 2024<\/strong> \u2013 La Chine lance une enqu\u00eate antisubventions sur les importations de produits laitiers europ\u00e9ens.<\/li>\n<li><strong>8 octobre 2024<\/strong> \u2013 La Chine impose des droits antidumping provisoires sur le cognac europ\u00e9en, touchant notamment des marques comme Hennessy et R\u00e9my Martin.<\/li>\n<li><strong>29 octobre 2024<\/strong> \u2013 L\u2019UE approuve l\u2019imposition de droits suppl\u00e9mentaires pouvant atteindre 35,3\u00a0% sur les v\u00e9hicules \u00e9lectriques chinois pour une dur\u00e9e de cinq ans, bien que les n\u00e9gociations se poursuivent.<\/li>\n<li><strong>20 janvier 2025<\/strong> \u2013 Le jour de l\u2019investiture du pr\u00e9sident am\u00e9ricain Donald Trump, Ursula von der Leyen affirme que l\u2019UE doit \u00ab\u00a0\u00e9tendre ses liens commerciaux et d\u2019investissement\u00a0\u00bb avec la Chine dans la mesure du possible, marquant un apparent assouplissement de la position de Bruxelles.<\/li>\n<li><strong>30 avril 2025<\/strong> \u2013 La Chine l\u00e8ve certaines sanctions impos\u00e9es en 2021 contre des d\u00e9put\u00e9s europ\u00e9ens et des institutions de l\u2019UE.<\/li>\n<li><strong>20 juin 2025<\/strong> \u2013 L\u2019UE interdit aux entreprises chinoises de participer aux appels d\u2019offres publics pour l\u2019achat de dispositifs m\u00e9dicaux d\u2019une valeur sup\u00e9rieure \u00e0 cinq millions d\u2019euros.<\/li>\n<li><strong>4 juillet 2025<\/strong> \u2013 La Chine \u00e9pargne les principaux producteurs de cognac de droits pouvant aller jusqu\u2019\u00e0 34,9\u00a0% sur les importations europ\u00e9ennes.<\/li>\n<li><strong>6 juillet 2025<\/strong> \u2013 En repr\u00e9sailles, la Chine restreint les achats gouvernementaux de dispositifs m\u00e9dicaux europ\u00e9ens d\u2019une valeur sup\u00e9rieure \u00e0 45 millions de yuans (6,3 millions de dollars).<\/li>\n<li><strong>8 juillet 2025<\/strong> \u2013 Ursula von der Leyen accuse la Chine de saturer les march\u00e9s mondiaux par une surcapacit\u00e9 industrielle et de soutenir l\u2019\u00e9conomie de guerre russe, lors d\u2019un discours virulent au Parlement europ\u00e9en.<\/li>\n<\/ul>\n<p>(Reportage de Xiuhao Chen et Ryan Woo\u00a0; R\u00e9daction\u00a0: Aidan Lewis)<\/p>\n","protected":false},"excerpt":{"rendered":"Les dirigeants chinois et de l\u2019Union europ\u00e9enne se r\u00e9uniront \u00e0 P\u00e9kin jeudi \u00e0 l\u2019occasion d\u2019un sommet marquant 50&hellip;\n","protected":false},"author":2,"featured_media":267251,"comment_status":"","ping_status":"","sticky":false,"template":"","format":"standard","meta":{"footnotes":""},"categories":[1586],"tags":[11,340,1777,674,1779,1011,27,12,25,1778,364],"class_list":{"0":"post-267250","1":"post","2":"type-post","3":"status-publish","4":"format-standard","5":"has-post-thumbnail","7":"category-europe","8":"tag-actualites","9":"tag-bourse","10":"tag-eu","11":"tag-europe","12":"tag-european-union","13":"tag-fr","14":"tag-france","15":"tag-news","16":"tag-republique-francaise","17":"tag-ue","18":"tag-union-europeenne"},"share_on_mastodon":{"url":"https:\/\/pubeurope.com\/@fr\/114900829779376517","error":""},"_links":{"self":[{"href":"https:\/\/www.europesays.com\/fr\/wp-json\/wp\/v2\/posts\/267250","targetHints":{"allow":["GET"]}}],"collection":[{"href":"https:\/\/www.europesays.com\/fr\/wp-json\/wp\/v2\/posts"}],"about":[{"href":"https:\/\/www.europesays.com\/fr\/wp-json\/wp\/v2\/types\/post"}],"author":[{"embeddable":true,"href":"https:\/\/www.europesays.com\/fr\/wp-json\/wp\/v2\/users\/2"}],"replies":[{"embeddable":true,"href":"https:\/\/www.europesays.com\/fr\/wp-json\/wp\/v2\/comments?post=267250"}],"version-history":[{"count":0,"href":"https:\/\/www.europesays.com\/fr\/wp-json\/wp\/v2\/posts\/267250\/revisions"}],"wp:featuredmedia":[{"embeddable":true,"href":"https:\/\/www.europesays.com\/fr\/wp-json\/wp\/v2\/media\/267251"}],"wp:attachment":[{"href":"https:\/\/www.europesays.com\/fr\/wp-json\/wp\/v2\/media?parent=267250"}],"wp:term":[{"taxonomy":"category","embeddable":true,"href":"https:\/\/www.europesays.com\/fr\/wp-json\/wp\/v2\/categories?post=267250"},{"taxonomy":"post_tag","embeddable":true,"href":"https:\/\/www.europesays.com\/fr\/wp-json\/wp\/v2\/tags?post=267250"}],"curies":[{"name":"wp","href":"https:\/\/api.w.org\/{rel}","templated":true}]}}