{"id":267267,"date":"2025-07-23T05:22:11","date_gmt":"2025-07-23T05:22:11","guid":{"rendered":"https:\/\/www.europesays.com\/fr\/267267\/"},"modified":"2025-07-23T05:22:11","modified_gmt":"2025-07-23T05:22:11","slug":"changement-de-numero-pour-kylian-mbappe-au-real-madrid-espagne-real-madrid","status":"publish","type":"post","link":"https:\/\/www.europesays.com\/fr\/267267\/","title":{"rendered":"Changement de num\u00e9ro pour Kylian Mbapp\u00e9 au Real Madrid &#8211; Espagne &#8211; Real Madrid"},"content":{"rendered":"<p data-start=\"146\" data-end=\"523\">\u00ab\u202fKM9\u202f\u00bb, c\u2019est termin\u00e9.<\/p>\n<p data-start=\"146\" data-end=\"523\">Selon Radio Marca, <strong>Kylian Mbapp\u00e9 s\u2019appr\u00eate \u00e0 changer de num\u00e9ro au Real Madrid<\/strong>. Jusqu\u2019ici d\u00e9tenteur du num\u00e9ro 9, <strong>le champion du monde 2018 va h\u00e9riter du mythique num\u00e9ro 10<\/strong>, laiss\u00e9 vacant depuis le d\u00e9part de Luka Modri\u0107. L\u2019attaquant s\u2019aligne ainsi avec le num\u00e9ro qu\u2019il porte d\u00e9j\u00e0 depuis 2018 en \u00e9quipe de France.<\/p>\n<p data-start=\"525\" data-end=\"901\">Toujours selon le m\u00e9dia espagnol, ce changement ne serait pas une initiative de Mbapp\u00e9 lui-m\u00eame, mais une d\u00e9cision du club. L\u2019institution aux 15 Ligues des champions voit probablement l\u00e0 une belle opportunit\u00e9 commerciale pour vendre de nouveaux maillots, \u00e0 l\u2019image de ce qu\u2019elle avait fait avec Cristiano Ronaldo il y a quinze ans : le Portugais avait d\u00e9but\u00e9 avec le num\u00e9ro 9 alors de sa premi\u00e8re saison, avant de r\u00e9cup\u00e9rer le c\u00e9l\u00e8bre 7.<\/p>\n<p>Le troisi\u00e8me Fran\u00e7ais \u00e0 le porter<\/p>\n<p data-start=\"903\" data-end=\"1310\">\u00ab\u202fKyk\u2019s\u202f\u00bb ne sera pas le premier Fran\u00e7ais \u00e0 arborer le 10 madril\u00e8ne. L\u2019immense Lassana Diarra l\u2019avait en effet port\u00e9 lors de la saison 2010-2011. <a target=\"_blank\" href=\"https:\/\/www.transfermarkt.fr\/real-madrid\/rueckennummern\/verein\/418\" rel=\"nofollow noopener\">Selon Transfermarkt<\/a>, Raymond Kopa l\u2019avait \u00e9galement enfil\u00e9 lors de la saison 1956-1957. Avec ce num\u00e9ro, Mbapp\u00e9 s\u2019inscrit dans une tradition prestigieuse au Real Madrid, dans laquelle on retrouve \u00e9galement Lu\u00eds Figo, Clarence Seedorf, Michael Laudrup ou encore Ferenc Pusk\u00e1s.<\/p>\n<p data-start=\"903\" data-end=\"1310\">La bonne vieille \u00e9poque o\u00f9 <a target=\"_blank\" href=\"https:\/\/www.sofoot.com\/articles\/avec-lamine-yamal-nouveau-numero-10-du-fc-barcelone-les-numeros-ont-ils-encore-une-valeur-dans-le-football\" rel=\"nofollow noopener\">les num\u00e9ros de maillot signifiaient encore quelque chose<\/a>.<\/p>\n<p>\t\t\t\t\t\t\t\t\t\t<a class=\"lien-connexe\" href=\"https:\/\/www.sofoot.com\/breves\/malge-sa-blessure-le-real-madrid-croit-encore-en-endrick\" rel=\"nofollow noopener\" target=\"_blank\">Le Real Madrid croit encore en Endrick<\/a>\t\t\t\t\t<\/p>\n","protected":false},"excerpt":{"rendered":"\u00ab\u202fKM9\u202f\u00bb, c\u2019est termin\u00e9. Selon Radio Marca, Kylian Mbapp\u00e9 s\u2019appr\u00eate \u00e0 changer de num\u00e9ro au Real Madrid. Jusqu\u2019ici d\u00e9tenteur&hellip;\n","protected":false},"author":2,"featured_media":267268,"comment_status":"","ping_status":"","sticky":false,"template":"","format":"standard","meta":{"footnotes":""},"categories":[1410],"tags":[47,61,69,65,64,63,1011,27,68,66,62,70,67,60],"class_list":{"0":"post-267267","1":"post","2":"type-post","3":"status-publish","4":"format-standard","5":"has-post-thumbnail","7":"category-football","8":"tag-actualite","9":"tag-actus-football","10":"tag-bundesliga","11":"tag-championnats-europeens","12":"tag-equipe-de-france","13":"tag-football","14":"tag-fr","15":"tag-france","16":"tag-ligua","17":"tag-ligue-1","18":"tag-news-foot","19":"tag-premier-league","20":"tag-serie-a","21":"tag-sports"},"share_on_mastodon":{"url":"https:\/\/pubeurope.com\/@fr\/114900876929945790","error":""},"_links":{"self":[{"href":"https:\/\/www.europesays.com\/fr\/wp-json\/wp\/v2\/posts\/267267","targetHints":{"allow":["GET"]}}],"collection":[{"href":"https:\/\/www.europesays.com\/fr\/wp-json\/wp\/v2\/posts"}],"about":[{"href":"https:\/\/www.europesays.com\/fr\/wp-json\/wp\/v2\/types\/post"}],"author":[{"embeddable":true,"href":"https:\/\/www.europesays.com\/fr\/wp-json\/wp\/v2\/users\/2"}],"replies":[{"embeddable":true,"href":"https:\/\/www.europesays.com\/fr\/wp-json\/wp\/v2\/comments?post=267267"}],"version-history":[{"count":0,"href":"https:\/\/www.europesays.com\/fr\/wp-json\/wp\/v2\/posts\/267267\/revisions"}],"wp:featuredmedia":[{"embeddable":true,"href":"https:\/\/www.europesays.com\/fr\/wp-json\/wp\/v2\/media\/267268"}],"wp:attachment":[{"href":"https:\/\/www.europesays.com\/fr\/wp-json\/wp\/v2\/media?parent=267267"}],"wp:term":[{"taxonomy":"category","embeddable":true,"href":"https:\/\/www.europesays.com\/fr\/wp-json\/wp\/v2\/categories?post=267267"},{"taxonomy":"post_tag","embeddable":true,"href":"https:\/\/www.europesays.com\/fr\/wp-json\/wp\/v2\/tags?post=267267"}],"curies":[{"name":"wp","href":"https:\/\/api.w.org\/{rel}","templated":true}]}}