{"id":267285,"date":"2025-07-23T05:33:10","date_gmt":"2025-07-23T05:33:10","guid":{"rendered":"https:\/\/www.europesays.com\/fr\/267285\/"},"modified":"2025-07-23T05:33:10","modified_gmt":"2025-07-23T05:33:10","slug":"les-etats-unis-et-le-japon-signent-un-enorme-accord-commercial-donald-trump-sen-rejouit","status":"publish","type":"post","link":"https:\/\/www.europesays.com\/fr\/267285\/","title":{"rendered":"les \u00c9tats-Unis et le Japon signent un \u00ab\u00e9norme\u00bb accord commercial, Donald Trump s\u2019en r\u00e9jouit"},"content":{"rendered":"<p>Tokyo a obtenu une baisse \u00e0 15% des droits de douane sur l\u2019automobile et \u00e9chapp\u00e9 \u00e0 la surtaxe g\u00e9n\u00e9ralis\u00e9e de 25% dont il \u00e9tait menac\u00e9, celle-ci \u00e9tant ramen\u00e9e \u00e0 15%.<\/p>\n<p class=\"fig-paragraph\">La n\u00e9gociation a pay\u00e9. Le pr\u00e9sident am\u00e9ricain\u00a0<a href=\"https:\/\/www.lefigaro.fr\/tag\/donald-trump\" target=\"_blank\" rel=\"noopener\" data-gtm-custom-categorie=\"navigation\" data-gtm-custom-action=\"crossclick\" data-gtm-custom-label=\"Contextuel\" data-gtm-event=\"customEventSPE\">Donald Trump<\/a>\u00a0a annonc\u00e9 mardi 22 juillet la conclusion d\u2019un accord commercial \u00ab\u00e9norme\u00bb avec\u00a0<a href=\"http:\/\/www.lefigaro.fr\/conjoncture\/le-japon-veut-construire-son-premier-nouveau-reacteur-nucleaire-depuis-la-catastrophe-de-fukushima-20250722\" data-fig-type=\"NewsFlash\" data-gtm-custom-categorie=\"navigation\" data-gtm-custom-action=\"crossclick\" data-gtm-custom-label=\"Contextuel\" data-gtm-event=\"customEventSPE\" data-fig-domain=\"LEFIGARO\" target=\"_blank\" rel=\"noopener\">le Japon<\/a>, avec un all\u00e8gement significatif pour les automobiles nippones, alors m\u00eame qu\u2019un compromis reste encore incertain avec l\u2019UE, le Mexique ou le Canada d\u2019ici la date butoir du 1er ao\u00fbt. \u00abNous venons juste de conclure un \u00e9norme accord commercial avec le Japon\u00bb, a indiqu\u00e9 mardi Donald Trump sur sa plateforme\u00a0<a href=\"http:\/\/www.lefigaro.fr\/secteur\/high-tech\/la-revanche-annoncee-du-reseau-social-truth-social-megaphone-decomplexe-de-donald-trump-20250118\" data-fig-type=\"Article\" data-gtm-custom-categorie=\"navigation\" data-gtm-custom-action=\"crossclick\" data-gtm-custom-label=\"Contextuel\" data-gtm-event=\"customEventSPE\" data-fig-domain=\"LEFIGARO\" target=\"_blank\" rel=\"noopener\">Truth Social<\/a>, le qualifiant de \u00absans pr\u00e9c\u00e9dent\u00bb.<\/p>\n<p class=\"fig-paragraph\">\u00abLe Japon paiera des droits de douane r\u00e9ciproques de 15% aux \u00c9tats-Unis\u00bb, a-t-il indiqu\u00e9, bien en de\u00e7\u00e0 de la surtaxe de 25% dont l\u2019archipel \u00e9tait menac\u00e9 au 1er ao\u00fbt. Le Japon, bien qu\u2019alli\u00e9 cl\u00e9 des \u00c9tats-Unis, est actuellement soumis aux m\u00eames droits de douane am\u00e9ricains de base de 10% que la plupart des nations, ainsi qu\u2019\u00e0 des surtaxes de 25% sur les voitures et de 50% sur l\u2019acier et l\u2019aluminium.<\/p>\n<p>                                    <a class=\"fig-a11y-skip a11y-hidden\" href=\"#fig-a11y-skip-main-inarticle\"><br \/>\n        Passer la publicit\u00e9<br \/>\n    <\/a><\/p>\n<p class=\"fig-paragraph\">Cet accord avec Tokyo va entra\u00eener la cr\u00e9ation de \u00abcentaines de milliers d\u2019emplois\u00bb, a ajout\u00e9 Donald Trump, mentionnant des investissements japonais \u00e0 hauteur de \u00ab550 milliards de dollars\u00bb sur le sol am\u00e9ricain, sans d\u00e9tail si ce n\u2019est que \u00ab90% des b\u00e9n\u00e9fices seraient per\u00e7us par les \u00c9tats-Unis\u00bb. \u00abNous pensons que c\u2019est une grande r\u00e9ussite d\u2019avoir pu obtenir la plus grande r\u00e9duction (des surtaxes) parmi les pays ayant un exc\u00e9dent commercial avec les \u00c9tats-Unis\u00bb, s\u2019est f\u00e9licit\u00e9 le Premier ministre japonais Shigeru Ishiba. L\u2019annonce intervient alors que le n\u00e9gociateur Ryosei Akazawa effectuait son huiti\u00e8me voyage \u00e0 Washington. \u00abMission accomplie\u00bb, s\u2019est-il r\u00e9joui.<\/p>\n<p class=\"fig-body-link\">\n            \u00c0 lire aussi<br \/>\n        <a class=\"fig-body-link__link fig-premium-mark\" href=\"http:\/\/www.lefigaro.fr\/conjoncture\/jamais-je-ne-conseillerais-a-un-industriel-d-y-ouvrir-une-usine-pourquoi-le-japon-n-attire-pas-les-investissements-etrangers-20250717\" data-fig-type=\"Article\" data-gtm-custom-categorie=\"navigation\" data-gtm-custom-action=\"crossclick\" data-gtm-custom-label=\"Contextuel\" data-gtm-event=\"customEventSPE\" data-fig-domain=\"LEFIGARO\" target=\"_blank\" rel=\"noopener\">\u00abJamais je ne conseillerais \u00e0 un industriel d\u2019y ouvrir une usine\u00bb\u00a0: pourquoi le Japon n\u2019attire pas les investissements \u00e9trangers\u00a0?<br \/>\n    <\/a>\n<\/p>\n<p>L\u2019acier et l\u2019aluminium restent impos\u00e9s \u00e0 50%<\/p>\n<p class=\"fig-paragraph\">Le premier ministre japonais Shigeru Ishiba a toutefois affirm\u00e9 mercredi qu\u2019il devait encore examiner les d\u00e9tails de l\u2019accord avant de pouvoir livrer ses commentaires. \u00abQuant \u00e0 l\u2019interpr\u00e9tation de l\u2019issue des n\u00e9gociations, je ne pourrai en discuter qu\u2019apr\u00e8s avoir examin\u00e9 attentivement les d\u00e9tails des pourparlers et de l\u2019accord\u00bb, a-t-il indiqu\u00e9 \u00e0 la presse \u00e0 Tokyo apr\u00e8s l\u2019annonce de Donald Trump \u00e0 Washington. Les surtaxes am\u00e9ricaines de 50% actuellement impos\u00e9es aux exportations japonaises d\u2019acier et d\u2019aluminium ne sont par exemple pas concern\u00e9es par l\u2019accord, a pr\u00e9cis\u00e9 mercredi le n\u00e9gociateur nippon Ryosei Akazawa. \u00abSi vous me demandez si l\u2019accord s\u2019applique \u00e0 l\u2019acier et \u00e0 l\u2019aluminium, non ce n\u2019est pas le cas\u00bb, a-t-il indiqu\u00e9 \u00e0 la presse \u00e0 Washington.<\/p>\n<p class=\"fig-paragraph\">Les d\u00e9penses de d\u00e9fense n\u2019en font pas partie non plus. \u00abL\u2019accord ne contient rien concernant les d\u00e9penses de d\u00e9fense\u00bb, a d\u00e9clar\u00e9 Ryosei Akazawa aux journalistes. Le pr\u00e9sident am\u00e9ricain Donald Trump avait appel\u00e9 le Japon, proche alli\u00e9 des \u00c9tats-Unis, \u00e0 augmenter ses d\u00e9penses militaires, certains sp\u00e9culant sur l\u2019inclusion de cette exigence dans un accord commercial plus large.<\/p>\n<p class=\"fig-paragraph\">Le secr\u00e9taire am\u00e9ricain au Tr\u00e9sor Scott Bessent avait d\u00e9clar\u00e9 le 18 juillet qu\u2019un accord commercial avec le Japon restait \u00abpossible\u00bb, \u00e0 l\u2019issue d\u2019une r\u00e9union \u00e0 Tokyo avec de hauts responsables japonais. La date d\u2019entr\u00e9e des nouveaux droits de douane est pr\u00e9vue le 1er ao\u00fbt avec tous les pays, soit dans le cadre d\u2019un accord commercial si celui-ci intervient d\u2019ici l\u00e0, soit avec l\u2019application unilat\u00e9rale par Washington de droits de douane parfois tr\u00e8s \u00e9lev\u00e9s qui devaient initialement \u00eatre appliqu\u00e9s d\u00e9but avril. Concernant le Japon, le milliardaire r\u00e9publicain avait menac\u00e9 d\u2019imposer 25% sur toutes les importations japonaises, en plus des surtaxes d\u00e9j\u00e0 s\u00e9v\u00e8res appliqu\u00e9es aux importations de v\u00e9hicules, d\u2019acier et d\u2019aluminium.<\/p>\n<p>L\u2019industrie automobile soulag\u00e9e<\/p>\n<p class=\"fig-paragraph\">Cet accord permet surtout de sauver l\u2019industrie automobile, qui a imm\u00e9diatement retrouv\u00e9 des couleurs. Et l\u2019enjeu \u00e9tait de taille\u00a0: l\u2019automobile repr\u00e9sentait l\u2019an dernier presque 30% des exportations du Japon vers les \u00c9tats-Unis. Dans l\u2019archipel, l\u2019industrie automobile repr\u00e9sente 8% des emplois, bien au-del\u00e0 de Toyota, premier constructeur mondial. Or, suite aux surtaxes de 25% impos\u00e9es depuis avril sur l\u2019automobile, les exportations de voitures japonaises vers les \u00c9tats-Unis ont d\u00e9gringol\u00e9 d\u2019un quart sur un an en mai et en juin.<\/p>\n<p>                                    <a class=\"fig-a11y-skip a11y-hidden\" href=\"#fig-a11y-skip-main-inarticle_mtf\"><br \/>\n        Passer la publicit\u00e9<br \/>\n    <\/a><\/p>\n<p class=\"fig-paragraph\">Selon le premier japonais Shigeru Ishiba, l\u2019accord conclu pr\u00e9voit que ces surtaxes soient divis\u00e9es par deux, et s\u2019ajoutent aux droits de douane pr\u00e9existants de 2,5% pour parvenir \u00e0 une taxation finale de 15%. Imm\u00e9diatement dans la foul\u00e9e, l\u2019action Toyota s\u2019envolait de plus de 14% \u00e0 la Bourse de Tokyo vers 03h30 GMT. \u00abJe me f\u00e9licite vivement que cette \u00e9tape majeure ait \u00e9t\u00e9 franchie et dissipe l\u2019incertitude qui pr\u00e9occupait les entreprises priv\u00e9es\u00bb, a r\u00e9agi Tatsuo Yasunaga, pr\u00e9sident du Conseil du commerce ext\u00e9rieur r\u00e9unissant les firmes exportatrices nippones.<\/p>\n<p>Du riz import\u00e9 des \u00c9tats-Unis<\/p>\n<p class=\"fig-paragraph\">Selon Donald Trump, le Japon a accept\u00e9 de s\u2019ouvrir \u00abau commerce des voitures et des pick-ups, du riz et d\u2019un certain nombre d\u2019autres produits agricoles\u00bb venant des \u00c9tats-Unis. Gonfler les importations de riz \u00e9tait ces derniers mois un tabou pour Tokyo, qui assurait d\u00e9fendre les int\u00e9r\u00eats des agriculteurs locaux.<\/p>\n<p class=\"fig-paragraph\">\u00abNous avons poursuivi les n\u00e9gociations pour parvenir \u00e0 un accord r\u00e9pondant \u00e0 l\u2019int\u00e9r\u00eat national du Japon et des \u00c9tats-Unis\u00bb et \u00abrien n\u2019impose des sacrifices \u00e0 nos agriculteurs\u00bb, a affirm\u00e9 de son c\u00f4t\u00e9 Shigeru Ishiba mercredi. Le Japon importe actuellement jusqu\u2019\u00e0 770.000 tonnes de riz exempt\u00e9s de droits de douane et pourrait importer davantage de c\u00e9r\u00e9ales am\u00e9ricaines dans cette limite &#8211; au d\u00e9triment d\u2019autres origines -, a-t-il expliqu\u00e9.<\/p>\n<p>\u00abL\u2019Europe viendra demain\u00bb<\/p>\n<p class=\"fig-paragraph\">Washington entend imposer \u00e0 partir du 1er ao\u00fbt de massives surtaxes dites \u00abr\u00e9ciproques\u00bb, initialement pr\u00e9vues au 1er avril puis suspendues, \u00e0 nombre de ses partenaires commerciaux, \u00e0 moins que ces derniers ne concluent d\u2019ici l\u00e0 des accords avec les \u00c9tats-Unis. L\u2019administration Trump compte pour l\u2019heure quatre de ces accords \u00e0 son actif. Outre le Japon, le pr\u00e9sident am\u00e9ricain a annonc\u00e9 mardi en avoir conclu un avec les Philippines. Les \u00c9tats-Unis se sont par ailleurs d\u00e9j\u00e0 entendus avec le Royaume-Uni et le Vietnam. Et Donald Trump a d\u00e9taill\u00e9 mardi les conditions d\u2019un accord-cadre conclu avec Jakarta, ouvrant la voie \u00e0 un accord final encore \u00e0 construire.<\/p>\n<p class=\"fig-paragraph\">\u00abL\u2019Europe viendra demain et, le jour suivant, nous en avons d\u2019autres qui viennent\u00bb, a m\u00eame assur\u00e9 Donald Trump mardi devant des s\u00e9nateurs r\u00e9publicains. Le pr\u00e9sident am\u00e9ricain a d\u00e9cr\u00e9t\u00e9 des droits de douane de 30% sur toutes les importations venant de l\u2019UE et du Mexique \u00e0 compter du 1er ao\u00fbt. Le Canada encourt 35% de surtaxe et le Br\u00e9sil 50%. Les \u00c9tats-Unis se sont par ailleurs entendus sur une d\u00e9sescalade avec la Chine, apr\u00e8s une mont\u00e9e des tensions commerciales entre les deux premi\u00e8res puissances \u00e9conomiques mondiales.<\/p>\n","protected":false},"excerpt":{"rendered":"Tokyo a obtenu une baisse \u00e0 15% des droits de douane sur l\u2019automobile et \u00e9chapp\u00e9 \u00e0 la surtaxe&hellip;\n","protected":false},"author":2,"featured_media":267286,"comment_status":"","ping_status":"","sticky":false,"template":"","format":"standard","meta":{"footnotes":""},"categories":[6],"tags":[743,35,215,33,34,73,1011,27,2070],"class_list":{"0":"post-267285","1":"post","2":"type-post","3":"status-publish","4":"format-standard","5":"has-post-thumbnail","7":"category-economie","8":"tag-accord","9":"tag-business","10":"tag-commerce","11":"tag-economie","12":"tag-economy","13":"tag-etats-unis","14":"tag-fr","15":"tag-france","16":"tag-japon"},"share_on_mastodon":{"url":"https:\/\/pubeurope.com\/@fr\/114900920145474419","error":""},"_links":{"self":[{"href":"https:\/\/www.europesays.com\/fr\/wp-json\/wp\/v2\/posts\/267285","targetHints":{"allow":["GET"]}}],"collection":[{"href":"https:\/\/www.europesays.com\/fr\/wp-json\/wp\/v2\/posts"}],"about":[{"href":"https:\/\/www.europesays.com\/fr\/wp-json\/wp\/v2\/types\/post"}],"author":[{"embeddable":true,"href":"https:\/\/www.europesays.com\/fr\/wp-json\/wp\/v2\/users\/2"}],"replies":[{"embeddable":true,"href":"https:\/\/www.europesays.com\/fr\/wp-json\/wp\/v2\/comments?post=267285"}],"version-history":[{"count":0,"href":"https:\/\/www.europesays.com\/fr\/wp-json\/wp\/v2\/posts\/267285\/revisions"}],"wp:featuredmedia":[{"embeddable":true,"href":"https:\/\/www.europesays.com\/fr\/wp-json\/wp\/v2\/media\/267286"}],"wp:attachment":[{"href":"https:\/\/www.europesays.com\/fr\/wp-json\/wp\/v2\/media?parent=267285"}],"wp:term":[{"taxonomy":"category","embeddable":true,"href":"https:\/\/www.europesays.com\/fr\/wp-json\/wp\/v2\/categories?post=267285"},{"taxonomy":"post_tag","embeddable":true,"href":"https:\/\/www.europesays.com\/fr\/wp-json\/wp\/v2\/tags?post=267285"}],"curies":[{"name":"wp","href":"https:\/\/api.w.org\/{rel}","templated":true}]}}