{"id":267287,"date":"2025-07-23T05:34:10","date_gmt":"2025-07-23T05:34:10","guid":{"rendered":"https:\/\/www.europesays.com\/fr\/267287\/"},"modified":"2025-07-23T05:34:10","modified_gmt":"2025-07-23T05:34:10","slug":"si-elle-naimait-pas-les-adolescents-on-passe-pas-loin-du-derapage-entre-emmanuel-et-brigitte-macron","status":"publish","type":"post","link":"https:\/\/www.europesays.com\/fr\/267287\/","title":{"rendered":"\u201cSi elle n\u2019aimait pas les adolescents\u2026\u201d : on passe pas loin du d\u00e9rapage entre Emmanuel et Brigitte Macron"},"content":{"rendered":"<p>Devenu tr\u00e8s impopulaire en France, <a href=\"https:\/\/www.closermag.fr\/politique\/emmanuel-macron-fan-de-ses-propres-biceps-quil-prend-plaisir-a-malaxer-confidences-surprenantes-dun-celebre-temoin-3566176\" rel=\"nofollow noopener\" target=\"_blank\"><br \/>\nEmmanuel Macron<\/a> semble pourtant retrouver un second souffle sur<br \/>\nla sc\u00e8ne internationale. En d\u00e9placement in\u00e9dit au Groenland, juste<br \/>\navant le sommet du G7 au Canada, le pr\u00e9sident fran\u00e7ais a multipli\u00e9<br \/>\nles gestes symboliques : <strong>discours engag\u00e9 sur le<br \/>\nclimat<\/strong>, annonce de l\u2019ouverture d\u2019un consulat \u00e0 Nuuk et<br \/>\nprises de position fermes face aux ambitions de <a href=\"https:\/\/www.closermag.fr\/politique\/donald-trump-ces-marques-etranges-et-visibles-qui-inquietent-meme-les-experts-de-la-sante-3564572\" rel=\"nofollow noopener\" target=\"_blank\"><br \/>\nDonald Trump<\/a> dans l\u2019Arctique.<\/p>\n<p>\u00c0 Nuuk, le pr\u00e9sident fran\u00e7ais a conquis la population locale,<br \/>\nencha\u00eenant les \u00ab\u00a0Qujanaq\u00a0\u00bb<br \/>\n(\u201cmerci\u201d en groenlandais) et martelant que \u00ab\u00a0le Groenland n\u2019est<br \/>\nni \u00e0 vendre ni \u00e0 prendre\u00a0\u00bb. Mais <strong>il n\u2019est pas pass\u00e9<br \/>\ninaper\u00e7u<\/strong> non plus pour une remarque jug\u00e9e tr\u00e8s ind\u00e9licate<br \/>\nau sujet de sa femme.<\/p>\n<p>Emmanuel Macron fait une \u00e9norme bourde<\/p>\n<p data-start=\"521\" data-end=\"1240\">Cela aurait pu passer inaper\u00e7u.<br \/>\nPourtant, en quelques mots, Emmanuel Macron a relanc\u00e9 les<br \/>\nconversations sur son couple hors norme avec <a href=\"https:\/\/www.closermag.fr\/people\/emmanuel-macron-cheveux-au-vent-loin-de-brigitte-macron-cette-video-qui-surprend-3564922\" rel=\"nofollow noopener\" target=\"_blank\"><br \/>\nBrigitte Macron<\/a>. \u00c0 bord de l\u2019avion qui le ramenait du sommet du<br \/>\nG7 au Canada, le chef de l\u2019\u00c9tat s\u2019est laiss\u00e9 aller \u00e0 une remarque<br \/>\npleine d\u2019humour mais aussi de sous-entendus.<\/p>\n<p data-start=\"521\" data-end=\"1240\">\u00ab\u00a0Je n\u2019ai jamais \u00e9t\u00e9 adolescent, je n\u2019aime pas les<br \/>\nadolescents. Je ne les comprends pas\u2026 <strong>Ma femme, elle, les<br \/>\ncomprend. Si elle n\u2019aimait pas les adolescents, je ne serais sans<br \/>\ndoute pas ici aujourd\u2019hui<\/strong>\u00ab\u00a0. Une petite phrase l\u00e2ch\u00e9e<br \/>\nsur le ton de la plaisanterie, mais qui a tout de suite retenu<br \/>\nl\u2019attention de ses interlocuteurs, rappelant l\u2019\u00e9cart d\u2019\u00e2ge de 24<br \/>\nans qui s\u00e9pare le pr\u00e9sident de la Premi\u00e8re dame.<\/p>\n<p>Le<br \/>\npr\u00e9sident fran\u00e7ais ne fait pas dans la dentelle au G7<\/p>\n<p data-start=\"99\" data-end=\"926\">Depuis son arriv\u00e9e \u00e0 l\u2019\u00c9lys\u00e9e en<br \/>\n2017, Emmanuel Macron n\u2019a jamais cach\u00e9 son go\u00fbt pour le sport. Le<br \/>\n<a href=\"https:\/\/www.closermag.fr\/politique\/rachida-dati-part-en-guerre-contre-un-ex-poids-lourd-du-gouvernement-rififi-dans-lentourage-demmanuel-macron-3565169\" rel=\"nofollow noopener\" target=\"_blank\"><br \/>\npr\u00e9sident de la R\u00e9publique<\/a> veille \u00e0 rester en forme gr\u00e2ce \u00e0<br \/>\ndiverses activit\u00e9s physiques. Ces derni\u00e8res ann\u00e9es, il s\u2019est m\u00eame<br \/>\nmis \u00e0 la musculation, comme le rapporte Emmanuel Carr\u00e8re, qui l\u2019a<br \/>\naccompagn\u00e9 dans les coulisses d\u2019un d\u00e9placement au Groenland et du<br \/>\nG7 au Canada pour un article publi\u00e9 dans The Guardian. Dans ce reportage, l\u2019\u00e9crivain<br \/>\nconfie : \u00ab\u00a0Emmanuel Macron n\u2019a<br \/>\npas vraiment chang\u00e9, si ce n\u2019est qu\u2019il a manifestement pris<br \/>\nl\u2019habitude de faire de la <strong>musculation<\/strong>\u00ab\u00a0.<\/p>\n<p data-start=\"99\" data-end=\"926\">Il ajoute que le <a href=\"https:\/\/www.closermag.fr\/politique\/impermeable-au-charme-la-personnalite-demmanuel-macron-donne-du-fil-a-retordre-3560420\" rel=\"nofollow noopener\" target=\"_blank\"><br \/>\nchef de l\u2019\u00c9tat<\/a> s\u2019entra\u00eene r\u00e9guli\u00e8rement \u00ab\u00a0<strong>dans un T-shirt noir moulant<\/strong>\u00a0\u00bb<br \/>\net qu\u2019il arbore d\u00e9sormais \u00ab\u00a0des<br \/>\nbiceps assez impressionnants, qu\u2019il ne se contente pas<br \/>\n<strong>d\u2019exhiber mais qu\u2019il malaxe avec une satisfaction<br \/>\nvisible<\/strong>\u00ab\u00a0. Ce fameux T-shirt noir, Emmanuel Macron le<br \/>\nporte aussi pour ses footings, comme en t\u00e9moigne la photographe<br \/>\nofficielle Soazig de La Moissonni\u00e8re. Le 19 juillet, elle a partag\u00e9<br \/>\nde nouveaux clich\u00e9s du pr\u00e9sident, immortalis\u00e9 en pleine course lors<br \/>\ndu sommet du G7 au Canada en juin dernier, affichant une silhouette<br \/>\nathl\u00e9tique et d\u00e9tendue.<\/p>\n","protected":false},"excerpt":{"rendered":"Devenu tr\u00e8s impopulaire en France, Emmanuel Macron semble pourtant retrouver un second souffle sur la sc\u00e8ne internationale. En&hellip;\n","protected":false},"author":2,"featured_media":267288,"comment_status":"","ping_status":"","sticky":false,"template":"","format":"standard","meta":{"footnotes":""},"categories":[5],"tags":[11,548,986,1073,1011,27,14,12,28],"class_list":{"0":"post-267287","1":"post","2":"type-post","3":"status-publish","4":"format-standard","5":"has-post-thumbnail","7":"category-international","8":"tag-actualites","9":"tag-article-simple","10":"tag-brigitte-macron","11":"tag-emmanuel-macron","12":"tag-fr","13":"tag-france","14":"tag-international","15":"tag-news","16":"tag-world"},"share_on_mastodon":{"url":"https:\/\/pubeurope.com\/@fr\/114900924132203037","error":""},"_links":{"self":[{"href":"https:\/\/www.europesays.com\/fr\/wp-json\/wp\/v2\/posts\/267287","targetHints":{"allow":["GET"]}}],"collection":[{"href":"https:\/\/www.europesays.com\/fr\/wp-json\/wp\/v2\/posts"}],"about":[{"href":"https:\/\/www.europesays.com\/fr\/wp-json\/wp\/v2\/types\/post"}],"author":[{"embeddable":true,"href":"https:\/\/www.europesays.com\/fr\/wp-json\/wp\/v2\/users\/2"}],"replies":[{"embeddable":true,"href":"https:\/\/www.europesays.com\/fr\/wp-json\/wp\/v2\/comments?post=267287"}],"version-history":[{"count":0,"href":"https:\/\/www.europesays.com\/fr\/wp-json\/wp\/v2\/posts\/267287\/revisions"}],"wp:featuredmedia":[{"embeddable":true,"href":"https:\/\/www.europesays.com\/fr\/wp-json\/wp\/v2\/media\/267288"}],"wp:attachment":[{"href":"https:\/\/www.europesays.com\/fr\/wp-json\/wp\/v2\/media?parent=267287"}],"wp:term":[{"taxonomy":"category","embeddable":true,"href":"https:\/\/www.europesays.com\/fr\/wp-json\/wp\/v2\/categories?post=267287"},{"taxonomy":"post_tag","embeddable":true,"href":"https:\/\/www.europesays.com\/fr\/wp-json\/wp\/v2\/tags?post=267287"}],"curies":[{"name":"wp","href":"https:\/\/api.w.org\/{rel}","templated":true}]}}