{"id":267297,"date":"2025-07-23T05:39:09","date_gmt":"2025-07-23T05:39:09","guid":{"rendered":"https:\/\/www.europesays.com\/fr\/267297\/"},"modified":"2025-07-23T05:39:09","modified_gmt":"2025-07-23T05:39:09","slug":"le-grand-nancy-propose-des-aides-financieres-pour-les-passionnes-de-jardinage","status":"publish","type":"post","link":"https:\/\/www.europesays.com\/fr\/267297\/","title":{"rendered":"le Grand Nancy propose des aides financi\u00e8res pour les passionn\u00e9s de jardinage"},"content":{"rendered":"<p>            Par<br \/>\n        <strong><br \/>\n            <a href=\"https:\/\/actu.fr\/auteur\/amandine-mehl\" title=\"Consulter tous les articles de Amandine Mehl\" target=\"_blank\" rel=\"noopener\">Amandine Mehl<\/a><br \/>\n        <\/strong><\/p>\n<p>        Publi\u00e9 le<\/p>\n<p>            23 juil. 2025 \u00e0 7h02        <\/p>\n<p>La M\u00e9tropole du <a href=\"https:\/\/actu.fr\/tag\/grand-nancy\" target=\"_blank\" rel=\"noopener\">Grand Nancy<\/a>, dans le cadre du <strong>Programme local de pr\u00e9vention des d\u00e9chets m\u00e9nagers et assimil\u00e9s<\/strong>, lance une <strong>exp\u00e9rimentation<\/strong> qui s\u2019adresse aux <strong>habitants jardiniers<\/strong>, aux <strong>copropri\u00e9t\u00e9s<\/strong> et aux <strong>associations<\/strong>.<\/p>\n<p class=\" wall-content\">Jusqu\u2019au <strong>31\u00a0d\u00e9cembre 2025<\/strong>, afin de \u00ab\u2009r\u00e9duire les trajets en d\u00e9chetterie et de pr\u00e9server les ressources naturelles\u2009\u00bb, elle propose de <strong>nouvelles subventions<\/strong> dans le but d\u2019encourager des pratiques de <a href=\"https:\/\/actu.fr\/tag\/jardinage\" target=\"_blank\" rel=\"noopener\">jardinage<\/a> plus durables.<\/p>\n<p>Une subvention pour l\u2019achat ou la location d\u2019un broyeur \u00e0 d\u00e9chets verts<\/p>\n<p class=\" wall-content\">La premi\u00e8re subvention porte sur l\u2019<strong>achat d\u2019un broyeur \u00e0 d\u00e9chets verts<\/strong> pour les groupes de particuliers et les associations. Pour l\u2019obtenir, <strong>un groupe de deux foyers minimum<\/strong> doit en faire la demande. Cette aide financi\u00e8re s\u2019\u00e9l\u00e8ve \u00e0 <strong>50\u2009% du co\u00fbt d\u2019achat avec un maximum de 50\u00a0euros par demandeur et un plafond \u00e0 200\u00a0euros<\/strong>.<\/p>\n<p class=\" wall-content\">S\u2019agissant des <strong>associations<\/strong>, qui doivent s\u2019inscrire dans le domaine de la promotion du d\u00e9veloppement durable, de l\u2019environnement ou du jardinage, le soutien est de <strong>50\u2009% par rapport au co\u00fbt d\u2019achat pour un plafond de 200\u00a0euros<\/strong>.<\/p>\n<p class=\" wall-content\">\u00c0 noter que les particuliers et les copropri\u00e9t\u00e9s qui souhaitent <strong>louer<\/strong> et non pas acheter un broyeur peuvent \u00e9galement obtenir une aide \u00e0 <strong>50\u2009% du co\u00fbt de location avec un plafond \u00e0 100\u00a0euros<\/strong>.<\/p>\n<p>Une aide pour l\u2019achat d\u2019un kit ou d\u2019une tondeuse mulching et l\u2019achat de plants<\/p>\n<p class=\" wall-content\">La seconde concerne <strong>l\u2019achat d\u2019un kit ou d\u2019une tondeuse mulching<\/strong>. Cette aide, qui s\u2019adresse aux habitants du Grand Nancy qui disposent d\u2019un jardin privatif, est fix\u00e9e \u00e0 <strong>50\u2009% du co\u00fbt d\u2019achat avec un plafond \u00e0 50\u00a0euros<\/strong>.<\/p>\n<p class=\" wall-content\">Enfin, le Grand Nancy propose aux particuliers et aux copropri\u00e9t\u00e9s une subvention pour <strong>l\u2019achat de plants d\u00e9di\u00e9s \u00e0 la plantation d\u2019une haie diversifi\u00e9e<\/strong>. Elle s\u2019\u00e9l\u00e8ve \u00e0 <strong>50\u2009% du co\u00fbt d\u2019achat avec un plafond \u00e0 200\u00a0euros et une facture d\u2019au moins 100\u00a0euros<\/strong>.<\/p>\n<p>Pour en savoir plus ou demander une subvention, cliquez <a href=\"https:\/\/mhdd.grandnancy.eu\/actus-agenda\/d\/nouvelles-subventions-pour-reduire-les-dechets-verts-du-jardin\" target=\"_blank\" rel=\"noopener\">ici<\/a>.<\/p>\n<p class=\" wall-content\">Suivez toute l\u2019actualit\u00e9 de vos villes et m\u00e9dias favoris en vous inscrivant \u00e0 <a href=\"https:\/\/moncompte.actu.fr\" title=\"D\u00e9couvez Mon Actu\" rel=\"nofollow noopener\" data-trk=\"{&quot;cta&quot;:{&quot;action&quot;:&quot;https:\\\/\\\/moncompte.actu.fr&quot;,&quot;category&quot;:&quot;mon compte&quot;,&quot;from&quot;:&quot;article footer&quot;,&quot;name&quot;:&quot;Mon actu&quot;,&quot;type&quot;:&quot;cta&quot;}}\" target=\"_blank\">Mon Actu<\/a>.<\/p>\n","protected":false},"excerpt":{"rendered":"Par Amandine Mehl Publi\u00e9 le 23 juil. 2025 \u00e0 7h02 La M\u00e9tropole du Grand Nancy, dans le cadre&hellip;\n","protected":false},"author":2,"featured_media":267298,"comment_status":"","ping_status":"","sticky":false,"template":"","format":"standard","meta":{"footnotes":""},"categories":[9635],"tags":[1111,11,11226,33,1777,674,1011,27,775,10375,2575,1702,12,25],"class_list":{"0":"post-267297","1":"post","2":"type-post","3":"status-publish","4":"format-standard","5":"has-post-thumbnail","7":"category-nancy","8":"tag-actu","9":"tag-actualites","10":"tag-bons-plans-a-nancy","11":"tag-economie","12":"tag-eu","13":"tag-europe","14":"tag-fr","15":"tag-france","16":"tag-grand-est","17":"tag-grand-nancy","18":"tag-jardinage","19":"tag-nancy","20":"tag-news","21":"tag-republique-francaise"},"share_on_mastodon":{"url":"https:\/\/pubeurope.com\/@fr\/114900943673136167","error":""},"_links":{"self":[{"href":"https:\/\/www.europesays.com\/fr\/wp-json\/wp\/v2\/posts\/267297","targetHints":{"allow":["GET"]}}],"collection":[{"href":"https:\/\/www.europesays.com\/fr\/wp-json\/wp\/v2\/posts"}],"about":[{"href":"https:\/\/www.europesays.com\/fr\/wp-json\/wp\/v2\/types\/post"}],"author":[{"embeddable":true,"href":"https:\/\/www.europesays.com\/fr\/wp-json\/wp\/v2\/users\/2"}],"replies":[{"embeddable":true,"href":"https:\/\/www.europesays.com\/fr\/wp-json\/wp\/v2\/comments?post=267297"}],"version-history":[{"count":0,"href":"https:\/\/www.europesays.com\/fr\/wp-json\/wp\/v2\/posts\/267297\/revisions"}],"wp:featuredmedia":[{"embeddable":true,"href":"https:\/\/www.europesays.com\/fr\/wp-json\/wp\/v2\/media\/267298"}],"wp:attachment":[{"href":"https:\/\/www.europesays.com\/fr\/wp-json\/wp\/v2\/media?parent=267297"}],"wp:term":[{"taxonomy":"category","embeddable":true,"href":"https:\/\/www.europesays.com\/fr\/wp-json\/wp\/v2\/categories?post=267297"},{"taxonomy":"post_tag","embeddable":true,"href":"https:\/\/www.europesays.com\/fr\/wp-json\/wp\/v2\/tags?post=267297"}],"curies":[{"name":"wp","href":"https:\/\/api.w.org\/{rel}","templated":true}]}}