{"id":267301,"date":"2025-07-23T05:42:11","date_gmt":"2025-07-23T05:42:11","guid":{"rendered":"https:\/\/www.europesays.com\/fr\/267301\/"},"modified":"2025-07-23T05:42:11","modified_gmt":"2025-07-23T05:42:11","slug":"futsal-le-calendrier-de-nantes-metropole-d1-et-nantes-doulon-d2-devoile-sport","status":"publish","type":"post","link":"https:\/\/www.europesays.com\/fr\/267301\/","title":{"rendered":"Futsal. Le calendrier de Nantes M\u00e9tropole (D1) et Nantes Doulon (D2) d\u00e9voil\u00e9 . Sport"},"content":{"rendered":"<p>La FFF a publi\u00e9 les calendriers des comp\u00e9titions nationales de futsal. En Division 1, Nantes M\u00e9tropole Futsal se d\u00e9placera \u00e0 Toulon pour d\u00e9buter le 6\u00a0septembre. Le derby contre l\u2019Etoile Lavalloise est pr\u00e9vu le 8\u00a0novembre 2025 et le 28\u00a0mars 2026. De retour en Division 2, un an apr\u00e8s avoir \u00e9t\u00e9 r\u00e9trograd\u00e9 en championnat r\u00e9gional, Nantes Doulon Bott\u00e8re d\u00e9butera \u00e0 domicile le 27\u00a0septembre face \u00e0 Marcouville City.<\/p>\n<p>En ce qui concerne le premier derby, le Nantes M\u00e9tropole futsal va devoir patienter jusqu\u2019au 8\u00a0novembre avant de croiser le chemin de l\u2019\u00c9toile Lavalloise Futsal, qui r\u00e8gne en ma\u00eetre sur le championnat de France depuis trois ans. En mai dernier, les hommes de Fabrice Gacougnolle a<a href=\"https:\/\/nantes.maville.com\/sport\/detail_-futsal-d1.-nantes-n-a-pas-gache-sa-fete-face-a-l-etoile-lavalloise-_8-6801837_actu.Htm\" target=\"_blank\" rel=\"noopener\">vaient r\u00e9ussi \u00e0 s\u2019imposer 4 \u00e0 3\u00a0face aux Lavallois.<\/a><\/p>\n<p>NANTES M\u00c9TROPOLE FUTSAL (Division 1)<\/p>\n<p>J1 (6\u00a0septembre 2025)\u00a0: va \u00e0 Toulon M\u00e9tropole Futsal<\/p>\n<p>J2 (13\u00a0septembre 2025)\u00a0: re\u00e7oit AS Avion Futsal<\/p>\n<p>J3 (27\u00a0septembre 2025)\u00a0: va au FC Kingersheim<\/p>\n<p>J4 (4\u00a0octobre 2025)\u00a0: re\u00e7oit UJS Toulouse<\/p>\n<p>J5 (11\u00a0octobre 2025)\u00a0: va \u00e0 AC Ajaccio<\/p>\n<p>J6 (25\u00a0octobre 2025)\u00a0: re\u00e7oit Sporting Club Paris<\/p>\n<p>J7 (8\u00a0novembre 2025)\u00a0: va \u00e0 \u00c9toile Lavalloise Futsal<\/p>\n<p>J8 (15\u00a0novembre 2025)\u00a0: va \u00e0 Paris Acasa Futsal<\/p>\n<p>J9 (22\u00a0novembre 2025)\u00a0: re\u00e7oit GOAL Futsal Club<\/p>\n<p>J10 (29\u00a0novembre 2025)\u00a0: va \u00e0 Montpelier M\u00e9diterran\u00e9e Futsal<\/p>\n<p>J11 (6\u00a0d\u00e9cembre 2025)\u00a0: re\u00e7oit Nice Futsal Club<\/p>\n<p>J12 (13\u00a0d\u00e9cembre 2025)\u00a0: va \u00e0 AS Avion Futsal<\/p>\n<p>J13 (21\u00a0f\u00e9vrier 2026)\u00a0: re\u00e7oit FC Kingersheim<\/p>\n<p>J14 (28\u00a0f\u00e9vrier 2026)\u00a0: va \u00e0 UJS Toulouse<\/p>\n<p>J15 (7\u00a0mars 2026)\u00a0: re\u00e7oit AC Ajaccio<\/p>\n<p>J16 (21\u00a0mars 2026)\u00a0: va \u00e0 Sporting Club Paris<\/p>\n<p>J17 (28\u00a0mars 2026)\u00a0: re\u00e7oit \u00c9toile Lavalloise Futsal<\/p>\n<p>J18 (18\u00a0avril 2026)\u00a0: re\u00e7oit Paris Acasa Futsal<\/p>\n<p>J19 (2\u00a0mai 2026)\u00a0: va \u00e0 GOAL Futsal Club<\/p>\n<p>J20 (9\u00a0mai 2026)\u00a0: re\u00e7oit Montpellier M\u00e9diterran\u00e9e Futsal<\/p>\n<p>J21 (23\u00a0mai 2025)\u00a0: va \u00e0 Nice Futsal Club<\/p>\n<p>J22 (30\u00a0mai 2026)\u00a0: re\u00e7oit Toulon M\u00e9tropole Futsal<\/p>\n<p>NANTES DOULON BOTTI\u00c8RE FUTSAL (Division 2)<\/p>\n<p>J1 (27\u00a0septembre 2025)\u00a0: re\u00e7oit Marcouville City CP<\/p>\n<p>J2 (4\u00a0octobre 2025)\u00a0: va \u00e0 B\u00e9thune Essars Futsal<\/p>\n<p>J3 (11\u00a0octobre 2025)\u00a0: re\u00e7oit Valenciennes FC<\/p>\n<p>J4 (25\u00a0octobre 2025)\u00a0: va \u00e0 TA Rennes<\/p>\n<p>J5 (8\u00a0novembre 2025)\u00a0: re\u00e7oit Reims M\u00e9tropole Futsal<\/p>\n<p>J6 (15\u00a0novembre 2025)\u00a0: re\u00e7oit Ascali Hainaut Futsal<\/p>\n<p>J7 (29\u00a0novembre 2025)\u00a0: va \u00e0 Garges Djibson Futsal<\/p>\n<p>J8 (6\u00a0d\u00e9cembre 2025)\u00a0: re\u00e7oit AS Saint-Jacques Rennes<\/p>\n<p>J9 (10\u00a0janvier 2026)\u00a0: va \u00e0 H\u00e9rouville Futsal<\/p>\n<p>J10 (24\u00a0janvier 2026)\u00a0: re\u00e7oit\u00a0B\u00e9thune Essars Futsal<\/p>\n<p>J11 (7\u00a0f\u00e9vrier 2026)\u00a0: va \u00e0 Valenciennes FC<\/p>\n<p>J12 (21\u00a0f\u00e9vrier 2026)\u00a0: re\u00e7oit TA Rennes<\/p>\n<p>J13 (28\u00a0f\u00e9vrier 2026)\u00a0: va \u00e0\u00a0Reims M\u00e9tropole Futsal<\/p>\n<p>J14 (7\u00a0mars 2026)\u00a0: re\u00e7oit Ascali Hainaut Futsal<\/p>\n<p>J15 (21\u00a0mars 2026)\u00a0: va \u00e0 Garges Djibson Futsal<\/p>\n<p>J16 (28\u00a0mars 2026)\u00a0: re\u00e7oit AS Saint-Jacques Rennes<\/p>\n<p>J17 (18\u00a0avril 2026)\u00a0: va \u00e0 H\u00e9rouville Futsal<\/p>\n<p>J18 (2\u00a0mai 2026)\u00a0: va \u00e0 Marcouville City CP<\/p>\n<p>\u00a0<\/p>\n","protected":false},"excerpt":{"rendered":"La FFF a publi\u00e9 les calendriers des comp\u00e9titions nationales de futsal. En Division 1, Nantes M\u00e9tropole Futsal se&hellip;\n","protected":false},"author":2,"featured_media":267302,"comment_status":"","ping_status":"","sticky":false,"template":"","format":"standard","meta":{"footnotes":""},"categories":[9619],"tags":[1111,11,3809,1465,1777,674,63,1011,27,1792,1922,12,882,25,479,517,2310,1470],"class_list":{"0":"post-267301","1":"post","2":"type-post","3":"status-publish","4":"format-standard","5":"has-post-thumbnail","7":"category-toulon","8":"tag-actu","9":"tag-actualites","10":"tag-ball","11":"tag-basket","12":"tag-eu","13":"tag-europe","14":"tag-football","15":"tag-fr","16":"tag-france","17":"tag-handball","18":"tag-info","19":"tag-news","20":"tag-provence-alpes-cote-dazur","21":"tag-republique-francaise","22":"tag-rugby","23":"tag-sport","24":"tag-toulon","25":"tag-volley"},"share_on_mastodon":{"url":"https:\/\/pubeurope.com\/@fr\/114900955545240459","error":""},"_links":{"self":[{"href":"https:\/\/www.europesays.com\/fr\/wp-json\/wp\/v2\/posts\/267301","targetHints":{"allow":["GET"]}}],"collection":[{"href":"https:\/\/www.europesays.com\/fr\/wp-json\/wp\/v2\/posts"}],"about":[{"href":"https:\/\/www.europesays.com\/fr\/wp-json\/wp\/v2\/types\/post"}],"author":[{"embeddable":true,"href":"https:\/\/www.europesays.com\/fr\/wp-json\/wp\/v2\/users\/2"}],"replies":[{"embeddable":true,"href":"https:\/\/www.europesays.com\/fr\/wp-json\/wp\/v2\/comments?post=267301"}],"version-history":[{"count":0,"href":"https:\/\/www.europesays.com\/fr\/wp-json\/wp\/v2\/posts\/267301\/revisions"}],"wp:featuredmedia":[{"embeddable":true,"href":"https:\/\/www.europesays.com\/fr\/wp-json\/wp\/v2\/media\/267302"}],"wp:attachment":[{"href":"https:\/\/www.europesays.com\/fr\/wp-json\/wp\/v2\/media?parent=267301"}],"wp:term":[{"taxonomy":"category","embeddable":true,"href":"https:\/\/www.europesays.com\/fr\/wp-json\/wp\/v2\/categories?post=267301"},{"taxonomy":"post_tag","embeddable":true,"href":"https:\/\/www.europesays.com\/fr\/wp-json\/wp\/v2\/tags?post=267301"}],"curies":[{"name":"wp","href":"https:\/\/api.w.org\/{rel}","templated":true}]}}