{"id":267311,"date":"2025-07-23T05:50:14","date_gmt":"2025-07-23T05:50:14","guid":{"rendered":"https:\/\/www.europesays.com\/fr\/267311\/"},"modified":"2025-07-23T05:50:14","modified_gmt":"2025-07-23T05:50:14","slug":"voici-les-villages-qui-vont-etre-traverses-par-le-peloton","status":"publish","type":"post","link":"https:\/\/www.europesays.com\/fr\/267311\/","title":{"rendered":"voici les villages qui vont \u00eatre travers\u00e9s par le peloton"},"content":{"rendered":"<p>            Par<br \/>\n        <strong><br \/>\n            <a href=\"https:\/\/actu.fr\/auteur\/lisa-rodrigues\" title=\"Consulter tous les articles de Lisa Rodrigues\" target=\"_blank\" rel=\"noopener\">Lisa Rodrigues<\/a><br \/>\n        <\/strong><\/p>\n<p>        Publi\u00e9 le<\/p>\n<p>            23 juil. 2025 \u00e0 6h32        <\/p>\n<p>\u00c0 l\u2019occasion de la 18\u1d49 \u00e9tape du <a href=\"https:\/\/actu.fr\/tag\/tour-de-france\" target=\"_blank\" rel=\"noopener\">Tour de France<\/a> 2025, jeudi 24 juillet, c\u2019est la petite commune de Vif \u2013 un peu plus de 8 000 habitants au compteur \u2013 au sud de <a href=\"https:\/\/actu.fr\/auvergne-rhone-alpes\/grenoble_38185\" target=\"_blank\" rel=\"noopener\">Grenoble<\/a>, qui a \u00e9t\u00e9 choisie comme village d\u00e9part.<br \/>Les coureurs s\u2019\u00e9lanceront <strong>aux environs de<\/strong> <strong>12h10<\/strong> en direction du Col de la Loze \u00e0 Courchevel (<a href=\"https:\/\/actu.fr\/savoie\/\" target=\"_blank\" rel=\"noopener\">Savoie<\/a>). Avant d\u2019en arriver l\u00e0, les concurrents traverseront <strong>12 communes<\/strong> en <a href=\"https:\/\/actu.fr\/auvergne-rhone-alpes\/isere_38\" target=\"_blank\" rel=\"noopener\">Is\u00e8re<\/a>. Voici lesquelles.<\/p>\n<p>Les communes is\u00e9roises sur le parcours du Tour<\/p>\n<p class=\" wall-content\">Voici, dans l\u2019ordre, les communes is\u00e9roises que va traverser le peloton :<\/p>\n<ul class=\" wall-content\">\n<li><a href=\"https:\/\/actu.fr\/auvergne-rhone-alpes\/vif_38545\" target=\"_blank\" rel=\"noopener\">Vif\u00a0<\/a><\/li>\n<li>Saint-Georges-de-Commiers<\/li>\n<li>Champ-sur-Drac<\/li>\n<li><a href=\"https:\/\/actu.fr\/auvergne-rhone-alpes\/jarrie_38200\" target=\"_blank\" rel=\"noopener\">Jarrie<\/a><\/li>\n<li>Montchaboud<\/li>\n<li><a href=\"https:\/\/actu.fr\/auvergne-rhone-alpes\/vizille_38562\" target=\"_blank\" rel=\"noopener\">Vizille<\/a><\/li>\n<li>Saint-Barth\u00e9l\u00e9my-de-S\u00e9chilienne<\/li>\n<li>Livet-et-Gavet<\/li>\n<li>Bourg d\u2019Oisans<\/li>\n<li><a href=\"https:\/\/actu.fr\/auvergne-rhone-alpes\/allemond_38005\" target=\"_blank\" rel=\"noopener\">Allemond<\/a><\/li>\n<li>Oz-en-Oisans,<\/li>\n<li>Vaujany<\/li>\n<\/ul>\n<p class=\" wall-content\">Les coureurs emprunteront donc la D63 entre Vif et Saint-Georges-de-Commiers, la D529 puis la N85 jusqu\u2019\u00e0 Vizille, et la D1091 jusqu\u2019\u00e0 Rochetaill\u00e9e.<\/p>\n<p class=\" wall-content\">Ils passeront ainsi pr\u00e8s du <a href=\"https:\/\/actu.fr\/auvergne-rhone-alpes\/vizille_38562\/ce-sublime-chateau-au-jardin-remarquable-se-trouve-a-cote-de-grenoble_58539114.html\" target=\"_blank\" rel=\"noopener\">ch\u00e2teau de Vizille<\/a>, monument le plus visit\u00e9 du d\u00e9partement, avant d\u2019entamer un peu plus loin le sprint interm\u00e9diaire \u00e0 hauteur de Rioup\u00e9roux, puis de monter jusqu\u2019au barrage de Grand\u2019Maison \u00e0 1 722 m\u00e8tres d\u2019altitude.<\/p>\n<p>    <a href=\"https:\/\/www.facebook.com\/plugins\/post.php?href=https%3A%2F%2Fwww.facebook.com%2Fisere.le.departement%2Fposts%2Fpfbid028W38eT7R4ywdbWZ6ieSf9BKMUYHeSebwyNjmJsJ74RWhWAKfbA7kiwEAKtNEFbCAl&amp;show_text=true&amp;width=350\" title=\"Ouvrie le lien\" target=\"_blank\" rel=\"noopener\">Cliquez ici pour visualiser le contenu<\/a><\/p>\n<p>Les r\u00e8gles \u00e0 respecter sur le bord de la route<\/p>\n<p class=\" wall-content\">Si vous voulez vous positionner au bord de la route pour \u00eatre au plus pr\u00e8s du peloton, la pr\u00e9fecture de l\u2019Is\u00e8re rappelle les <strong>r\u00e8gles de s\u00e9curit\u00e9<\/strong> essentielles :<\/p>\n<ul class=\" wall-content\">\n<li>Il est interdit de \u00ab\u00a0s\u2019installer \u00e0 la sortie d\u2019un virage o\u00f9 la visibilit\u00e9 pour les v\u00e9hicules et les<br \/>cyclistes est plus faible\u00a0\u00bb,<\/li>\n<li>Rester vigilants au passage des voitures de l\u2019organisation, en particulier en l\u2019absence de trottoir,<\/li>\n<li>Garder un \u0153il sur les enfants,<\/li>\n<li>\u00c9viter \u00ab\u00a0les jeux de balle ou de ballon \u00e0 proximit\u00e9 du parcours\u00a0\u00bb,<\/li>\n<li>Rester derri\u00e8re les barri\u00e8res de s\u00e9curit\u00e9,<\/li>\n<li>Respecter les consignes des forces de l\u2019ordre et signaleurs pr\u00e9sents sur la course.<\/li>\n<\/ul>\n<p class=\" wall-content\">\n<p>    <img   decoding=\"async\" loading=\"lazy\" src=\"https:\/\/www.europesays.com\/fr\/wp-content\/uploads\/2025\/07\/c7ddc9794e78656edc9794e78e60ecv-960x640.jpg\" alt=\"Les v\u00e9hicules du syndicat FO ont diffus\u00e9 de la musique durant quasiment toute la procession, encourageant le public \u00e0 se d\u00e9hancher.\" width=\"960\" height=\"640\"\/><br \/>\n    La pr\u00e9fecture de l\u2019Is\u00e8re rappelle les bons gestes \u00e0 adopter sur le bord des routes du Tour de France, \u00e0 l\u2019occasion du passage de peloton dans le d\u00e9partement. (\u00a9Illustration \/ Ang\u00e9lique Passebosc \u2013 Voix du Midi Lauragais)<\/p>\n<p class=\" wall-content\">Enfin, pendant le passage du peloton, \u00ab\u00a0<strong>ne courez pas<\/strong>, notamment \u00e0 c\u00f4t\u00e9 des coureurs ; n\u2019aspergez pas les coureurs ; n\u2019agitez pas de banderoles au-dessus des coureurs ; tenez vos animaux domestiques en laisse et loin du bord de la route et faites vos prises de vue en retrait de la chauss\u00e9e\u00a0\u00bb, ajoutent les services de l\u2019\u00c9tat.<\/p>\n<p class=\" wall-content\">Suivez toute l\u2019actualit\u00e9 de vos villes et m\u00e9dias favoris en vous inscrivant \u00e0 <a href=\"https:\/\/moncompte.actu.fr\" title=\"D\u00e9couvez Mon Actu\" rel=\"nofollow noopener\" data-trk=\"{&quot;cta&quot;:{&quot;action&quot;:&quot;https:\\\/\\\/moncompte.actu.fr&quot;,&quot;category&quot;:&quot;mon compte&quot;,&quot;from&quot;:&quot;article footer&quot;,&quot;name&quot;:&quot;Mon actu&quot;,&quot;type&quot;:&quot;cta&quot;}}\" target=\"_blank\">Mon Actu<\/a>.<\/p>\n<ul class=\"ac-article-tag wall-content\">\n<li><a href=\"https:\/\/actu.fr\/tag\/tour-de-france\" data-trk=\"{&quot;cta&quot;:{&quot;action&quot;:&quot;Tour de France&quot;,&quot;category&quot;:&quot;tag&quot;,&quot;from&quot;:&quot;article footer&quot;,&quot;name&quot;:&quot;Tour de France&quot;,&quot;type&quot;:&quot;cta&quot;}}\" target=\"_blank\" rel=\"noopener\">#Tour de France<\/a><\/li>\n<li><a href=\"https:\/\/actu.fr\/tag\/tour-de-france-2025\" data-trk=\"{&quot;cta&quot;:{&quot;action&quot;:&quot;Tour de France 2025&quot;,&quot;category&quot;:&quot;tag&quot;,&quot;from&quot;:&quot;article footer&quot;,&quot;name&quot;:&quot;Tour de France 2025&quot;,&quot;type&quot;:&quot;cta&quot;}}\" target=\"_blank\" rel=\"noopener\">#Tour de France 2025<\/a><\/li>\n<\/ul>\n","protected":false},"excerpt":{"rendered":"Par Lisa Rodrigues Publi\u00e9 le 23 juil. 2025 \u00e0 6h32 \u00c0 l\u2019occasion de la 18\u1d49 \u00e9tape du Tour&hellip;\n","protected":false},"author":2,"featured_media":267312,"comment_status":"","ping_status":"","sticky":false,"template":"","format":"standard","meta":{"footnotes":""},"categories":[9566],"tags":[1111,11,2430,207,1777,674,1011,27,2731,12,25,60,210,2116],"class_list":{"0":"post-267311","1":"post","2":"type-post","3":"status-publish","4":"format-standard","5":"has-post-thumbnail","7":"category-grenoble","8":"tag-actu","9":"tag-actualites","10":"tag-auvergne-rhone-alpes","11":"tag-cyclisme","12":"tag-eu","13":"tag-europe","14":"tag-fr","15":"tag-france","16":"tag-grenoble","17":"tag-news","18":"tag-republique-francaise","19":"tag-sports","20":"tag-tour-de-france","21":"tag-tour-de-france-2025"},"share_on_mastodon":{"url":"https:\/\/pubeurope.com\/@fr\/114900986991187709","error":""},"_links":{"self":[{"href":"https:\/\/www.europesays.com\/fr\/wp-json\/wp\/v2\/posts\/267311","targetHints":{"allow":["GET"]}}],"collection":[{"href":"https:\/\/www.europesays.com\/fr\/wp-json\/wp\/v2\/posts"}],"about":[{"href":"https:\/\/www.europesays.com\/fr\/wp-json\/wp\/v2\/types\/post"}],"author":[{"embeddable":true,"href":"https:\/\/www.europesays.com\/fr\/wp-json\/wp\/v2\/users\/2"}],"replies":[{"embeddable":true,"href":"https:\/\/www.europesays.com\/fr\/wp-json\/wp\/v2\/comments?post=267311"}],"version-history":[{"count":0,"href":"https:\/\/www.europesays.com\/fr\/wp-json\/wp\/v2\/posts\/267311\/revisions"}],"wp:featuredmedia":[{"embeddable":true,"href":"https:\/\/www.europesays.com\/fr\/wp-json\/wp\/v2\/media\/267312"}],"wp:attachment":[{"href":"https:\/\/www.europesays.com\/fr\/wp-json\/wp\/v2\/media?parent=267311"}],"wp:term":[{"taxonomy":"category","embeddable":true,"href":"https:\/\/www.europesays.com\/fr\/wp-json\/wp\/v2\/categories?post=267311"},{"taxonomy":"post_tag","embeddable":true,"href":"https:\/\/www.europesays.com\/fr\/wp-json\/wp\/v2\/tags?post=267311"}],"curies":[{"name":"wp","href":"https:\/\/api.w.org\/{rel}","templated":true}]}}