{"id":267314,"date":"2025-07-23T05:54:09","date_gmt":"2025-07-23T05:54:09","guid":{"rendered":"https:\/\/www.europesays.com\/fr\/267314\/"},"modified":"2025-07-23T05:54:09","modified_gmt":"2025-07-23T05:54:09","slug":"decouvrez-les-films-qui-vont-etre-diffuses-gratuitement-cet-ete","status":"publish","type":"post","link":"https:\/\/www.europesays.com\/fr\/267314\/","title":{"rendered":"d\u00e9couvrez les films qui vont \u00eatre diffus\u00e9s gratuitement\u00a0cet\u00a0\u00e9t\u00e9"},"content":{"rendered":"<p>            Par<br \/>\n        <strong><br \/>\n            <a href=\"https:\/\/actu.fr\/auteur\/redaction-strasbourg\" title=\"Consulter tous les articles de R\u00e9daction Strasbourg\" rel=\"nofollow noopener\" target=\"_blank\">R\u00e9daction Strasbourg<\/a><br \/>\n        <\/strong><\/p>\n<p>        Publi\u00e9 le<\/p>\n<p>            23 juil. 2025 \u00e0 7h02        <\/p>\n<p>Le Chat Pott\u00e9 2, La M\u00e9thode Williams ou encore Big Fish. Durant tout l\u2019\u00e9t\u00e9, les \u00e9quipes du <strong>festival europ\u00e9en du film fantastique<\/strong> (FEFFS) proposent tous les vendredis jusqu\u2019au 29\u00a0ao\u00fbt une <strong>s\u00e9ance gratuite de cin\u00e9ma en plein air<\/strong> dans diff\u00e9rents quartiers de <strong>Strasbourg<\/strong> (<a href=\"https:\/\/actu.fr\/strasbourg\/\" rel=\"nofollow noopener\" target=\"_blank\">Bas-Rhin<\/a>).<\/p>\n<p class=\" wall-content\">D\u00e9couvrez le programme.<\/p>\n<p>Un film diff\u00e9rent tous les vendredis<\/p>\n<p class=\" wall-content\">D\u00e8s 18\u2009h, un avant programme est organis\u00e9 pour profiter des derniers rayons de soleil au son des DJ sets de la sc\u00e8ne locale. Animations, jeux, buvette et food trucks sont au menu. \u00c0 la nuit tomb\u00e9e, le film de la semaine sera diffus\u00e9 sur un \u00e9cran g\u00e9ant.<\/p>\n<ul class=\" wall-content\">\n<li>Vendredi 25\u00a0juillet \u00e0 l\u2019\u00e9cole Ariane Icare au Neuhof\u2009: Le Chat Pott\u00e9 2\u2009: la derni\u00e8re qu\u00eate de Joel Crawford et Januel Mercado (VF)<\/li>\n<li>Vendredi 1er\u00a0ao\u00fbt place Henri Will au Neudorf\u2009: Le Magnifique, de Philippe de Broca<\/li>\n<li>Vendredi 8 ao\u00fbt au parc des Sports de Hautepierre, La M\u00e9thode Williams (King Richard) de Reinaldo Marcus Green (VF)<\/li>\n<li>Vendredi 15\u00a0ao\u00fbt au jardin des Deux-Rives au Port du Rhin, L\u2019Homme qui en savait trop (The Man Who Knew Too Much) d\u2019Alfred Hitchcock<\/li>\n<li>Vendredi 22\u00a0ao\u00fbt au parc Albert Schweitzer \u00e0 Koenigshoffen, Le Comte de Monte-Cristo de Matthieu Delaporte et Alexandre De La Patelli\u00e8re (VF)<\/li>\n<li>Vendredi 29\u00a0ao\u00fbt au parc du Heyritz au centre-ville, Big Fish de Tim Burton (VOST)<\/li>\n<\/ul>\n<p class=\" wall-content\">La 18e \u00e9dition du Festival europ\u00e9en du film fantastique de Strasbourg se d\u00e9roulera lui du vendredi 26\u00a0septembre au dimanche 5\u00a0octobre 2025.<\/p>\n<p class=\" wall-content\">Suivez toute l\u2019actualit\u00e9 de vos villes et m\u00e9dias favoris en vous inscrivant \u00e0 <a href=\"https:\/\/moncompte.actu.fr\" title=\"D\u00e9couvez Mon Actu\" rel=\"nofollow noopener\" data-trk=\"{&quot;cta&quot;:{&quot;action&quot;:&quot;https:\\\/\\\/moncompte.actu.fr&quot;,&quot;category&quot;:&quot;mon compte&quot;,&quot;from&quot;:&quot;article footer&quot;,&quot;name&quot;:&quot;Mon actu&quot;,&quot;type&quot;:&quot;cta&quot;}}\" target=\"_blank\">Mon Actu<\/a>.<\/p>\n","protected":false},"excerpt":{"rendered":"Par R\u00e9daction Strasbourg Publi\u00e9 le 23 juil. 2025 \u00e0 7h02 Le Chat Pott\u00e9 2, La M\u00e9thode Williams ou&hellip;\n","protected":false},"author":2,"featured_media":267315,"comment_status":"","ping_status":"","sticky":false,"template":"","format":"standard","meta":{"footnotes":""},"categories":[2820],"tags":[1111,11,650,1777,674,1011,27,775,1652,12,25,640],"class_list":{"0":"post-267314","1":"post","2":"type-post","3":"status-publish","4":"format-standard","5":"has-post-thumbnail","7":"category-strasbourg","8":"tag-actu","9":"tag-actualites","10":"tag-cinema","11":"tag-eu","12":"tag-europe","13":"tag-fr","14":"tag-france","15":"tag-grand-est","16":"tag-loisirs-culture","17":"tag-news","18":"tag-republique-francaise","19":"tag-strasbourg"},"share_on_mastodon":{"url":"https:\/\/pubeurope.com\/@fr\/114901002921517667","error":""},"_links":{"self":[{"href":"https:\/\/www.europesays.com\/fr\/wp-json\/wp\/v2\/posts\/267314","targetHints":{"allow":["GET"]}}],"collection":[{"href":"https:\/\/www.europesays.com\/fr\/wp-json\/wp\/v2\/posts"}],"about":[{"href":"https:\/\/www.europesays.com\/fr\/wp-json\/wp\/v2\/types\/post"}],"author":[{"embeddable":true,"href":"https:\/\/www.europesays.com\/fr\/wp-json\/wp\/v2\/users\/2"}],"replies":[{"embeddable":true,"href":"https:\/\/www.europesays.com\/fr\/wp-json\/wp\/v2\/comments?post=267314"}],"version-history":[{"count":0,"href":"https:\/\/www.europesays.com\/fr\/wp-json\/wp\/v2\/posts\/267314\/revisions"}],"wp:featuredmedia":[{"embeddable":true,"href":"https:\/\/www.europesays.com\/fr\/wp-json\/wp\/v2\/media\/267315"}],"wp:attachment":[{"href":"https:\/\/www.europesays.com\/fr\/wp-json\/wp\/v2\/media?parent=267314"}],"wp:term":[{"taxonomy":"category","embeddable":true,"href":"https:\/\/www.europesays.com\/fr\/wp-json\/wp\/v2\/categories?post=267314"},{"taxonomy":"post_tag","embeddable":true,"href":"https:\/\/www.europesays.com\/fr\/wp-json\/wp\/v2\/tags?post=267314"}],"curies":[{"name":"wp","href":"https:\/\/api.w.org\/{rel}","templated":true}]}}