{"id":267320,"date":"2025-07-23T05:57:20","date_gmt":"2025-07-23T05:57:20","guid":{"rendered":"https:\/\/www.europesays.com\/fr\/267320\/"},"modified":"2025-07-23T05:57:20","modified_gmt":"2025-07-23T05:57:20","slug":"une-jeune-femme-violee-apres-une-tentative-de-suicide","status":"publish","type":"post","link":"https:\/\/www.europesays.com\/fr\/267320\/","title":{"rendered":"une jeune femme viol\u00e9e apr\u00e8s une tentative de suicide"},"content":{"rendered":"<p>La victime, \u00e2g\u00e9e de 22 ans, a \u00e9t\u00e9 retrouv\u00e9e place Garibaldi alors qu\u2019elle \u00e9tait dans un \u00e9tat second, lundi, \u00e0 l\u2019aube. Un homme de 48 ans, d\u00e9j\u00e0 condamn\u00e9 pour des faits de nature sexuelle, est soup\u00e7onn\u00e9 d\u2019avoir abus\u00e9 d\u2019elle.<\/p>\n<p class=\"fig-paragraph\">Dans la nuit de dimanche \u00e0 lundi, une jeune femme de 22 ans a \u00e9t\u00e9 victime d\u2019un viol place Garibaldi, en plein c\u0153ur de\u00a0<a href=\"http:\/\/www.lefigaro.fr\/nice\/a-nice-un-commissariat-bientot-transforme-en-hotel-de-luxe-la-gauche-s-insurge-contre-l-hypocrisie-d-estrosi-20250719\" data-fig-type=\"NewsFlash\" data-gtm-custom-categorie=\"navigation\" data-gtm-custom-action=\"crossclick\" data-gtm-custom-label=\"Contextuel\" data-gtm-event=\"customEventSPE\" data-fig-domain=\"LEFIGARO\" target=\"_blank\" rel=\"noopener\">Nice\u00a0<\/a>(Alpes-Maritimes), peu apr\u00e8s avoir tent\u00e9 de mettre fin \u00e0 ses jours, a-t-on appris mardi de source polici\u00e8re, confirmant une information de Nice-Matin.<\/p>\n<p class=\"fig-paragraph\">Un homme de 48 ans, de nationalit\u00e9 fran\u00e7aise, a \u00e9t\u00e9 interpell\u00e9 par la police municipale vers 6h30 du matin dans les ruelles du Vieux Nice. D\u2019apr\u00e8s les premiers \u00e9l\u00e9ments de l\u2019enqu\u00eate, confi\u00e9e au service local de police judiciaire (SLPJ), c\u2019est un t\u00e9moin de la sc\u00e8ne qui a alert\u00e9 les forces de l\u2019ordre. Les secours sont intervenus vers 4 heures du matin sur la place Garibaldi,\u00a0<a href=\"http:\/\/www.lefigaro.fr\/nice\/alcool-bagarres-migrants-a-nice-la-place-garibaldi-davantage-minee-par-l-insalubrite-que-l-insecurite-20231012\" data-fig-type=\"NewsFlash\" data-gtm-custom-categorie=\"navigation\" data-gtm-custom-action=\"crossclick\" data-gtm-custom-label=\"Contextuel\" data-gtm-event=\"customEventSPE\" data-fig-domain=\"LEFIGARO\" target=\"_blank\" rel=\"noopener\">r\u00e9guli\u00e8rement squatt\u00e9e<\/a>\u00a0par une faune de marginaux que la municipalit\u00e9 a bien du mal \u00e0 chasser.<\/p>\n<p>                                    <a class=\"fig-a11y-skip a11y-hidden\" href=\"#fig-a11y-skip-main-inarticle\"><br \/>\n        Passer la publicit\u00e9<br \/>\n    <\/a><\/p>\n<p>Une condamnation pour \u00abexhibition sexuelle\u00bb<\/p>\n<p class=\"fig-paragraph\">La jeune femme, transport\u00e9e \u00e0 l\u2019h\u00f4pital par les sapeurs-pompiers, \u00e9tait dans un \u00e9tat second au moment de sa prise en charge, probablement sous l\u2019effet de m\u00e9dicaments aval\u00e9s en nombre. Son agresseur aurait ainsi profit\u00e9 de sa d\u00e9tresse psychologique pour la violer avant de prendre la fuite \u00e0 pied.<\/p>\n<p class=\"fig-paragraph\">La victime s\u2019est plainte de douleurs au moment de sa prise en charge, ce qui a conduit \u00e0 la r\u00e9alisation d\u2019un examen m\u00e9dico-l\u00e9gal \u00e0 l\u2019h\u00f4pital Pasteur 2. Le mis en cause, d\u00e9j\u00e0 condamn\u00e9 en 2022 pour des faits d\u2019\u00abexhibition sexuelle\u00bb, a \u00e9t\u00e9 conduit \u00e0\u00a0<a href=\"http:\/\/www.lefigaro.fr\/nice\/a-nice-le-commissariat-central-sera-t-il-transforme-en-complexe-sportif-20250515\" data-fig-type=\"NewsFlash\" data-gtm-custom-categorie=\"navigation\" data-gtm-custom-action=\"crossclick\" data-gtm-custom-label=\"Contextuel\" data-gtm-event=\"customEventSPE\" data-fig-domain=\"LEFIGARO\" target=\"_blank\" rel=\"noopener\">la caserne Auvare\u00a0<\/a>et plac\u00e9 en garde \u00e0 vue. Contact\u00e9, le procureur de la R\u00e9publique de Nice,\u00a0<a href=\"http:\/\/www.lefigaro.fr\/nice\/a-nice-le-procureur-de-la-republique-alerte-sur-l-explosion-de-la-delinquance-des-mineurs-depuis-janvier-20241008\" data-fig-type=\"NewsFlash\" data-gtm-custom-categorie=\"navigation\" data-gtm-custom-action=\"crossclick\" data-gtm-custom-label=\"Contextuel\" data-gtm-event=\"customEventSPE\" data-fig-domain=\"LEFIGARO\" target=\"_blank\" rel=\"noopener\">Damien Martinelli<\/a>, indique que le suspect sera d\u00e9f\u00e9r\u00e9 mardi apr\u00e8s-midi dans le cadre de l\u2019ouverture d\u2019une information judiciaire pour des faits de \u00abviol sur personne vuln\u00e9rable\u00bb. \u00abDes r\u00e9quisitions de placement en d\u00e9tention provisoire seront prises\u00bb, d\u00e9taille le magistrat.<\/p>\n","protected":false},"excerpt":{"rendered":"La victime, \u00e2g\u00e9e de 22 ans, a \u00e9t\u00e9 retrouv\u00e9e place Garibaldi alors qu\u2019elle \u00e9tait dans un \u00e9tat second,&hellip;\n","protected":false},"author":2,"featured_media":267321,"comment_status":"","ping_status":"","sticky":false,"template":"","format":"standard","meta":{"footnotes":""},"categories":[2819],"tags":[1111,11,1777,674,6017,1011,27,12,2401,882,25,1265],"class_list":{"0":"post-267320","1":"post","2":"type-post","3":"status-publish","4":"format-standard","5":"has-post-thumbnail","7":"category-nice","8":"tag-actu","9":"tag-actualites","10":"tag-eu","11":"tag-europe","12":"tag-fait-divers","13":"tag-fr","14":"tag-france","15":"tag-news","16":"tag-nice","17":"tag-provence-alpes-cote-dazur","18":"tag-republique-francaise","19":"tag-viol"},"share_on_mastodon":{"url":"https:\/\/pubeurope.com\/@fr\/114901014517718166","error":""},"_links":{"self":[{"href":"https:\/\/www.europesays.com\/fr\/wp-json\/wp\/v2\/posts\/267320","targetHints":{"allow":["GET"]}}],"collection":[{"href":"https:\/\/www.europesays.com\/fr\/wp-json\/wp\/v2\/posts"}],"about":[{"href":"https:\/\/www.europesays.com\/fr\/wp-json\/wp\/v2\/types\/post"}],"author":[{"embeddable":true,"href":"https:\/\/www.europesays.com\/fr\/wp-json\/wp\/v2\/users\/2"}],"replies":[{"embeddable":true,"href":"https:\/\/www.europesays.com\/fr\/wp-json\/wp\/v2\/comments?post=267320"}],"version-history":[{"count":0,"href":"https:\/\/www.europesays.com\/fr\/wp-json\/wp\/v2\/posts\/267320\/revisions"}],"wp:featuredmedia":[{"embeddable":true,"href":"https:\/\/www.europesays.com\/fr\/wp-json\/wp\/v2\/media\/267321"}],"wp:attachment":[{"href":"https:\/\/www.europesays.com\/fr\/wp-json\/wp\/v2\/media?parent=267320"}],"wp:term":[{"taxonomy":"category","embeddable":true,"href":"https:\/\/www.europesays.com\/fr\/wp-json\/wp\/v2\/categories?post=267320"},{"taxonomy":"post_tag","embeddable":true,"href":"https:\/\/www.europesays.com\/fr\/wp-json\/wp\/v2\/tags?post=267320"}],"curies":[{"name":"wp","href":"https:\/\/api.w.org\/{rel}","templated":true}]}}