{"id":267328,"date":"2025-07-23T06:03:14","date_gmt":"2025-07-23T06:03:14","guid":{"rendered":"https:\/\/www.europesays.com\/fr\/267328\/"},"modified":"2025-07-23T06:03:14","modified_gmt":"2025-07-23T06:03:14","slug":"on-a-recu-plus-de-50-candidatures-en-15-jours","status":"publish","type":"post","link":"https:\/\/www.europesays.com\/fr\/267328\/","title":{"rendered":"On a re\u00e7u plus de 50 candidatures en 15 jours"},"content":{"rendered":"<p>            Par<br \/>\n        <strong><br \/>\n            <a href=\"https:\/\/actu.fr\/auteur\/mareva-laville-actu-fr\" title=\"Consulter tous les articles de Mar\u00e9va Laville\" target=\"_blank\" rel=\"noopener\">Mar\u00e9va Laville<\/a><br \/>\n        <\/strong><\/p>\n<p>        Publi\u00e9 le<\/p>\n<p>            23 juil. 2025 \u00e0 7h12        <\/p>\n<p>Si on le leur avait dit plus t\u00f4t, ils n\u2019auraient peut-\u00eatre jamais quitt\u00e9 le m\u00e9tier. \u00c0 <a href=\"http:\/\/www.actu.fr\/toulouse\" target=\"_blank\" rel=\"noopener\"><strong>Toulouse<\/strong><\/a>, une <strong>nouvelle formule<\/strong> gagne du terrain chez les restaurateurs, et elle a de quoi s\u00e9duire\u2009! \u00ab\u2009On a eu <strong>une cinquantaine de candidatures<\/strong> en 15 jours sur le poste de chef de rang. Pour nous, c\u2019\u00e9tait \u00e9norme\u2009\u00bb, confie <strong>Corentin Leblanc, <\/strong>cog\u00e9rant de <a href=\"https:\/\/actu.fr\/occitanie\/toulouse_31555\/un-couple-reprend-cette-ancienne-institution-de-toulouse-un-restaurant-avec-une-specialite-gourmande-ouvrira_62579628.html\" target=\"_blank\" rel=\"noopener\"><strong>P\u00e9p\u00e8re<\/strong>, le nouveau restaurant qu\u2019il a ouvert fin mai\u00a02025<\/a> en lieu et place de l\u2019ancien Bouchon Lyonnais. En plus de dix ans de m\u00e9tier, recruter facilement (et bien), \u00e7a marque. Surtout dans le milieu de la restauration\u2026 Mais quelle est la recette de leur succ\u00e8s ?<\/p>\n<p>Des restaurants ferm\u00e9s le week-end \u00e0 Toulouse<\/p>\n<p class=\" wall-content\">Il suffit de quelques ingr\u00e9dients. Travailler <strong>du lundi au vendredi<\/strong>, uniquement. <strong>Week-end non compris.<\/strong> Un luxe qui aurait ais\u00e9ment convaincu Adam, ex-serveur d\u2019un bar de la place de la Bourse de Toulouse, \u00e0 poursuivre dans cette voie professionnelle. Mais comme bien d\u2019autres, \u00ab\u2009j\u2019en avais marre de ne pas pouvoir passer du temps avec mes amis et de ne pas boire des coups avec eux le week-end\u2009\u00bb, t\u00e9moigne-t-il \u00e0 Actu Toulouse.<\/p>\n<p class=\" wall-content\">Un sentiment de plus en plus partag\u00e9 par les patrons. \u00ab\u00a0Quand j\u2019ai commenc\u00e9 dans le m\u00e9tier, apr\u00e8s une reconversion professionnelle, je travaillais beaucoup en coupures. <strong>Je me suis coup\u00e9 de tout le monde<\/strong>, c\u2019\u00e9tait vraiment difficile. J\u2019ai m\u00eame pens\u00e9 \u00e0 m\u2019arr\u00eater, je doutais\u00a0\u00bb, raconte <strong>Guillaume Boixo,<\/strong> le propri\u00e9taire du restaurant<strong> T\u00eate en l\u2019air <\/strong>aux Minimes. \u00ab\u00a0Mais je me suis dit que j\u2019allais lancer mon affaire en fermant tous les week-ends\u00a0\u00bb.<\/p>\n<p>    <img   decoding=\"async\" loading=\"lazy\" src=\"https:\/\/www.europesays.com\/fr\/wp-content\/uploads\/2025\/07\/guillaume-labai-terrasse-1-960x640.jpeg\" alt=\"Place du Salin, Guillaume Laba\u00ef a ouvert son restaurant en 2022 en misant essentiellement sur l'ouverture, les midis, en semaine.\" width=\"960\" height=\"640\"\/><br \/>\n    Place du Parlement, Guillaume Laba\u00ef a ouvert son restaurant en 2022 : il est ouvert uniquement \u00e0 midi et en semaine. (\u00a9Mar\u00e9va Laville \/ Actu Toulouse)Une formule in\u00e9dite pour s\u2019offrir les sacro-saints week-ends<\/p>\n<p class=\" wall-content\">Affaire conclue en 2020\u2009! Guillaume devient l\u2019un des pr\u00e9curseurs, \u00e0 Toulouse, de la <strong>restauration de semaine<\/strong>, uniquement. Dans la Ville rose, Actu Toulouse\u00a0n\u2019en a recens\u00e9<strong> qu\u2019une petite poign\u00e9e.<\/strong> Moins de 10 dans la commune (hors p\u00e9riph\u00e9rie). T\u00eate en l\u2019air n\u2019ouvre que les midis et pour ce qui est du soir, il faut attendre le jeudi et vendredi. Week-end interdit, pas m\u00eame le samedi\u2009! Les deux sacro-saints jours restent destin\u00e9s<strong> au repos<\/strong> en famille ou entre amis.<\/p>\n<p class=\" wall-content\">Un indispensable aussi pour <strong>Corentin Leblanc<\/strong> et sa compagne<strong> Ir\u00e8ne Inacio<\/strong>. \u00ab\u2009C\u2019\u00e9tait notre objectif\u2009\u00bb, glisse \u00e0 Actu Toulouse le couple qui vient de lancer P\u00e9p\u00e8re dans le quartier Saint-Aubin. \u00ab\u2009On a presque tout le temps eu les dimanches et lundi en repos. Alors, quand il se passait des choses avec nos amis le week-end, on arrivait le soir \u00e0 2 heures du matin, ou bien on n\u2019y allait pas du tout.\u2009\u00bb<\/p>\n<p class=\" wall-content\">En se formant \u00e0 la <strong>viticulture<\/strong> et <strong>l\u2019\u0153nologie<\/strong>, Corentin d\u00e9couvre alors les joies d\u2019une <strong>vie sociale\u2026 et familiale<\/strong>. La naissance de leur petit gar\u00e7on, il y a deux ans, fut le d\u00e9clic. \u00c0 la prochaine opportunit\u00e9, ils dirigeront un restaurant leur permettant de conserver le pr\u00e9cieux temps libre des samedi et dimanche avec leur enfant.<\/p>\n<p>\u00ab\u2009Les banques nous ont dit que ce serait risqu\u00e9\u2009\u00bb<\/p>\n<p class=\" wall-content\">Mais le d\u00e9fi est de taille. Comment r\u00e9ussir \u00e0 faire tourner un restaurant uniquement la semaine\u2009? Comment <strong>gagner sa vie \u00e0 contre-courant<\/strong> du sch\u00e9ma ordinaire d\u2019ouverture le week-end ou a minima le samedi\u2009? Comment attirer cette client\u00e8le\u2026 le lundi\u2009?<\/p>\n<blockquote class=\"ac-article-quote wall-content\">\n<p>Les banques nous ont dit que ce serait risqu\u00e9, que normalement le jour o\u00f9 on travaille le plus c\u2019est le samedi. C\u2019\u00e9tait un risque qu\u2019on avait envie de prendre et en faisant le pari du lundi qui remplacerait un bon samedi.<\/p>\n<p>    <strong>Corentin Leblanc<\/strong><br \/>\n        Cog\u00e9rant de P\u00e9p\u00e8re, nouveau restaurant \u00e0 Toulouse    <\/p><\/blockquote>\n<p class=\" wall-content\"><strong>Olivier Bouscatel, <\/strong>pr\u00e9sident du Groupement national des ind\u00e9pendants (GNI) de l\u2019h\u00f4tellerie-restauration en Haute-Garonne, n\u2019est pas tout \u00e0 fait du m\u00eame avis que les donneurs de cr\u00e9dits\u2026<\/p>\n<p>    <img   decoding=\"async\" loading=\"lazy\" src=\"https:\/\/www.europesays.com\/fr\/wp-content\/uploads\/2025\/07\/corentin-leblanc-restaurant-pepere-toulouse-960x640.jpg\" alt=\"Corentin Leblanc de P\u00e9p\u00e8re, a aussi recrut\u00e9 un cuisinier pour l'\u00e9pauler derri\u00e8re les fourneaux\" width=\"960\" height=\"640\"\/><br \/>\n    Corentin Leblanc de P\u00e9p\u00e8re, a aussi recrut\u00e9 un cuisinier pour l\u2019\u00e9pauler derri\u00e8re les fourneaux (\u00a9Mar\u00e9va Laville \/ Actu Toulouse)Un business plan diff\u00e9rent selon les quartiers<\/p>\n<p class=\" wall-content\">Pour lui, ouvrir un restaurant uniquement la semaine, \u00e9conomiquement, c\u2019est jouable. <strong>\u00ab\u2009\u00c7a d\u00e9pend des quartiers.<\/strong> Il y a des restos qui marchent plus le week-end et d\u2019autres restos qui fonctionnent les midis en semaine. Ils ont fait <strong>un business plan diff\u00e9rent<\/strong>.\u2009\u00bb<\/p>\n<p class=\" wall-content\">Guillaume Boixo, par exemple, est persuad\u00e9 que son resto (T\u00eate en l\u2019air, NDLR) fonctionne bien \u00ab\u2009parce qu\u2019il se trouve aux Minimes, dans <strong>une petite ruelle<\/strong> proche du Conseil d\u00e9partemental, d\u2019Airbus et des centres d\u2019affaires\u2009\u00bb, et non dans des zones comme la place du Capitole \u00ab\u2009o\u00f9 ce serait compliqu\u00e9 de fermer le week-end\u2009\u00bb. \u00ab\u2009J\u2019ai une client\u00e8le habituelle de quartier et de professionnels, d\u2019entreprises\u2009\u00bb, dit-il.<\/p>\n<p class=\" wall-content\">Un avis partag\u00e9 par<strong> Guillaume Laba\u00ef, <\/strong>propri\u00e9taire du restaurant<strong> Le Petit Salin,<\/strong> ouvert depuis 2022 sur la place du Parlement, entre le palais de Justice et la place du Salin. L\u2019emplacement id\u00e9al pour capter <strong>les magistrats et avocats<\/strong>. \u00ab\u2009J\u2019ai toujours \u00e9t\u00e9 ouvert du lundi au vendredi, j\u2019avais tout mis\u00e9 sur le midi\u2009\u00bb, explique-t-il. Et \u00e7a marche. Les tables sont vites remplies, <a href=\"https:\/\/actu.fr\/occitanie\/toulouse_31555\/toulouse-a-peine-achevee-cette-nouvelle-place-connait-deja-son-succes-dans-un-quartier-jusque-la-peu-vivant_62752474.html\" target=\"_blank\" rel=\"noopener\">d\u2019autant plus apr\u00e8s l\u2019embellissement de la place et l\u2019extension de sa terrasse.<\/a><\/p>\n<p>    <img   decoding=\"async\" loading=\"lazy\" src=\"https:\/\/www.europesays.com\/fr\/wp-content\/uploads\/2025\/07\/place-du-parlement-terrasse-1-960x640.jpg\" alt=\"Place du Parlement, Guillaume Laba\u00ef a ouvert son restaurant Le Petit Salin, en 2022 en misant essentiellement sur l'ouverture, les midis, en semaine.\" width=\"960\" height=\"640\"\/><br \/>\n    Place du Parlement, Guillaume Laba\u00ef a ouvert son restaurant Le Petit Salin, en 2022 en misant essentiellement sur l\u2019ouverture, les midis, en semaine. (\u00a9Mar\u00e9va Laville \/ Actu Toulouse)\u00ab\u2009Des profils plus int\u00e9ressants\u2009\u00bb et exp\u00e9riment\u00e9s \u00e0 recruter<\/p>\n<p class=\" wall-content\">Mais la cl\u00e9 du business model r\u00e9side surtout dans la proposition d\u2019un <strong>emploi du temps en or<\/strong> dans le tr\u00e8s tendu secteur de la restauration, mis \u00e0 mal par les diff\u00e9rents \u00e9pisodes de confinement durant le Covid. <strong>\u00ab\u2009Le nerf de la guerre, c\u2019est la masse salariale\u2009\u00bb<\/strong>, assure Olivier Bouscatel, propri\u00e9taire de multiples restaurants \u00e0 Toulouse. Et c\u2019est vrai que \u00ab\u2009fermer les week-ends permet d\u2019avoir une <strong>\u00e9quipe plut\u00f4t stable\u2009\u00bb.<\/strong> Solide, motiv\u00e9e et exp\u00e9riment\u00e9e.<\/p>\n<p class=\" wall-content\">Si les \u00e9tudiants ne manquent g\u00e9n\u00e9ralement pas \u00e0 l\u2019appel des extras, travailler du lundi au vendredi sans les week-ends, \u00ab\u2009\u00e7a aide \u00e9norm\u00e9ment en termes de recrutement\u2009\u00bb, souligne Guillaume Boixo de T\u00eate en l\u2019air. Sa serveuse travaille pour lui depuis maintenant deux ans.<\/p>\n<blockquote class=\"ac-article-quote wall-content\">\n<p>J&rsquo;ai toujours eu beaucoup de candidatures, de passionn\u00e9s qui souhaitent avoir une vie \u00e0 c\u00f4t\u00e9 de leur m\u00e9tier. Ils sont donc super contents, surtout que chez moi, il y a trois soirs de la semaine ferm\u00e9s. J&rsquo;ai donc assez peu de turnover.<\/p>\n<p>    <strong>Guillaume Boixo<\/strong><br \/>\n        propri\u00e9taire de T\u00eate en l&rsquo;air    <\/p><\/blockquote>\n<p class=\" wall-content\">La formule permet aussi d\u2019avoir l\u2019embarras du choix. \u00ab\u2009\u00c7a\u00a0permet de s\u00e9lectionner <strong>des profils plus int\u00e9ressants, avec de l\u2019exp\u00e9rience.<\/strong> \u00c7a \u00e9vite les trop jeunes qui se testent au m\u00e9tier et changent souvent. On cherchait quelqu\u2019un de confirm\u00e9. Notre serveuse a deux ans et demi d\u2019exp\u00e9rience par exemple\u2009\u00bb, glisse Corentin Leblanc de P\u00e9p\u00e8re.<\/p>\n<p class=\" wall-content\">Une \u00e9paule sur laquelle il peut compter pour, en parall\u00e8le, d\u00e9velopper \u00ab\u2009plus tard\u2009\u00bb, de <strong>la formation en alternance<\/strong>. Histoire de redonner le go\u00fbt perdu de ce <strong>joli m\u00e9tier<\/strong>, au rythme de vie peut-\u00eatre plus si impossible\u2026<\/p>\n<p class=\" wall-content\">Suivez toute l\u2019actualit\u00e9 de vos villes et m\u00e9dias favoris en vous inscrivant \u00e0 <a href=\"https:\/\/moncompte.actu.fr\" title=\"D\u00e9couvez Mon Actu\" rel=\"nofollow noopener\" data-trk=\"{&quot;cta&quot;:{&quot;action&quot;:&quot;https:\\\/\\\/moncompte.actu.fr&quot;,&quot;category&quot;:&quot;mon compte&quot;,&quot;from&quot;:&quot;article footer&quot;,&quot;name&quot;:&quot;Mon actu&quot;,&quot;type&quot;:&quot;cta&quot;}}\" target=\"_blank\">Mon Actu<\/a>.<\/p>\n","protected":false},"excerpt":{"rendered":"Par Mar\u00e9va Laville Publi\u00e9 le 23 juil. 2025 \u00e0 7h12 Si on le leur avait dit plus t\u00f4t,&hellip;\n","protected":false},"author":2,"featured_media":267329,"comment_status":"","ping_status":"","sticky":false,"template":"","format":"standard","meta":{"footnotes":""},"categories":[2816],"tags":[1111,11,1777,674,1011,27,12,2680,25,2850,104,2312],"class_list":{"0":"post-267328","1":"post","2":"type-post","3":"status-publish","4":"format-standard","5":"has-post-thumbnail","7":"category-toulouse","8":"tag-actu","9":"tag-actualites","10":"tag-eu","11":"tag-europe","12":"tag-fr","13":"tag-france","14":"tag-news","15":"tag-occitanie","16":"tag-republique-francaise","17":"tag-restaurants-de-toulouse","18":"tag-societe","19":"tag-toulouse"},"share_on_mastodon":{"url":"https:\/\/pubeurope.com\/@fr\/114901038129195294","error":""},"_links":{"self":[{"href":"https:\/\/www.europesays.com\/fr\/wp-json\/wp\/v2\/posts\/267328","targetHints":{"allow":["GET"]}}],"collection":[{"href":"https:\/\/www.europesays.com\/fr\/wp-json\/wp\/v2\/posts"}],"about":[{"href":"https:\/\/www.europesays.com\/fr\/wp-json\/wp\/v2\/types\/post"}],"author":[{"embeddable":true,"href":"https:\/\/www.europesays.com\/fr\/wp-json\/wp\/v2\/users\/2"}],"replies":[{"embeddable":true,"href":"https:\/\/www.europesays.com\/fr\/wp-json\/wp\/v2\/comments?post=267328"}],"version-history":[{"count":0,"href":"https:\/\/www.europesays.com\/fr\/wp-json\/wp\/v2\/posts\/267328\/revisions"}],"wp:featuredmedia":[{"embeddable":true,"href":"https:\/\/www.europesays.com\/fr\/wp-json\/wp\/v2\/media\/267329"}],"wp:attachment":[{"href":"https:\/\/www.europesays.com\/fr\/wp-json\/wp\/v2\/media?parent=267328"}],"wp:term":[{"taxonomy":"category","embeddable":true,"href":"https:\/\/www.europesays.com\/fr\/wp-json\/wp\/v2\/categories?post=267328"},{"taxonomy":"post_tag","embeddable":true,"href":"https:\/\/www.europesays.com\/fr\/wp-json\/wp\/v2\/tags?post=267328"}],"curies":[{"name":"wp","href":"https:\/\/api.w.org\/{rel}","templated":true}]}}