{"id":267349,"date":"2025-07-23T06:16:11","date_gmt":"2025-07-23T06:16:11","guid":{"rendered":"https:\/\/www.europesays.com\/fr\/267349\/"},"modified":"2025-07-23T06:16:11","modified_gmt":"2025-07-23T06:16:11","slug":"les-valeurs-a-suivre-a-paris-et-en-europe-actualise-23-07-2025-a-0802","status":"publish","type":"post","link":"https:\/\/www.europesays.com\/fr\/267349\/","title":{"rendered":"Les valeurs \u00e0 suivre \u00e0 Paris et en Europe (actualis\u00e9) &#8211; 23\/07\/2025 \u00e0 08:02"},"content":{"rendered":"<p>\n (Actualis\u00e9 avec Renault, Alstom, Thales, Edenred, Unicredit,<br \/>\nBanco BPM, Eurofins, ASMI, Equinor, SSAB, Nokia, Randstad,<br \/>\nIberdrola, Lonza, Stora Enso)\n<\/p>\n<p>\n *\n<\/p>\n<p>\n Variation des futures sur indice CAC 40  0#FCE:\n<\/p>\n<p>\n *\n<\/p>\n<p>\n Variation des futures sur indice Stoxx 600  0#FXXP:\n<\/p>\n<p>\n *\n<\/p>\n<p>\n Valeurs qui se traitent ex-dividende  .EX.PA\n<\/p>\n<p>\n *\n<\/p>\n<p>\n Le point sur les march\u00e9s europ\u00e9ens  .EUFR\n<\/p>\n<p>\n PARIS, 23 juillet &#8211; Les valeurs \u00e0 suivre mercredi \u00e0 la<br \/>\nBourse de Paris et en Europe :\n<\/p>\n<p>\n * RENAULT<br \/>\n <a href=\"https:\/\/www.boursorama.com\/cours\/1rPRNO\/\" rel=\"nofollow noopener\" target=\"_blank\"><br \/>\n  RENA.PA<br \/>\n <\/a><br \/>\n a fait \u00e9tat mercredi d&rsquo;une baisse de<br \/>\n0,1% de ses ventes mondiales au deuxi\u00e8me trimestre, alors<br \/>\nqu&rsquo;elles \u00e9taient encore en hausse sur la premi\u00e8re partie de<br \/>\nl&rsquo;ann\u00e9e, reflet d&rsquo;une d\u00e9gradation du march\u00e9 europ\u00e9en des<br \/>\nfourgons sur fond d&rsquo;incertitudes \u00e9conomiques.\n<\/p>\n<p>\n * ALSTOM<br \/>\n <a href=\"https:\/\/www.boursorama.com\/cours\/1rPALO\/\" rel=\"nofollow noopener\" target=\"_blank\"><br \/>\n  ALSO.PA<br \/>\n <\/a><br \/>\n a fait \u00e9tat mercredi d&rsquo;un chiffre<br \/>\nd&rsquo;affaires meilleur que pr\u00e9vu au premier trimestre de son<br \/>\nexercice fiscal, port\u00e9 notamment par le d\u00e9collage de ses projets<br \/>\nen Allemagne, ainsi que l&rsquo;ex\u00e9cution d&rsquo;autres projets en France,<br \/>\naux Etats-Unis et en Italie.\n<\/p>\n<p>\n *\n<\/p>\n<p>\n THALES\n<\/p>\n<p>\n <a href=\"https:\/\/www.boursorama.com\/cours\/1rPHO\/\" rel=\"nofollow noopener\" target=\"_blank\"><br \/>\n  TCFP.PA<br \/>\n <\/a><br \/>\n a relev\u00e9 mercredi la pr\u00e9vision de croissance<br \/>\norganique de son chiffre d&rsquo;affaires annuel, citant la demande<br \/>\nsolide en mati\u00e8re de d\u00e9fense en France et en Europe, en d\u00e9pit de<br \/>\nventes l\u00e9g\u00e8rement inf\u00e9rieures aux attentes au premier semestre.\n<\/p>\n<p>\n *\n<\/p>\n<p>\n EDENRED\n<\/p>\n<p>\n <a href=\"https:\/\/www.boursorama.com\/cours\/1rPEDEN\/\" rel=\"nofollow noopener\" target=\"_blank\"><br \/>\n  EDEN.PA<br \/>\n <\/a><br \/>\n a fait \u00e9tat mercredi d&rsquo;une hausse de 14,4% de son<br \/>\nEbitda en donn\u00e9es comparables au titre du premier semestre,<br \/>\ncitant la mise en oeuvre de son plan d&rsquo;efficacit\u00e9 op\u00e9rationnelle<br \/>\net la rationalisation de son portefeuille d\u2019activit\u00e9s.\n<\/p>\n<p>\n * DASSAULT AVIATION<br \/>\n <a href=\"https:\/\/www.boursorama.com\/cours\/1rPAM\/\" rel=\"nofollow noopener\" target=\"_blank\"><br \/>\n  AM.PA<br \/>\n <\/a><br \/>\n a fait \u00e9tat mardi d&rsquo;une l\u00e9g\u00e8re<br \/>\nam\u00e9lioration de son chiffre d&rsquo;affaires et de son b\u00e9n\u00e9fice au<br \/>\npremier semestre, port\u00e9s par les nouvelles commandes de Rafale<br \/>\nobtenues dans le cadre d&rsquo;un accord avec l&rsquo;Inde.\n<\/p>\n<p>\n * UBISOFT<br \/>\n <a href=\"https:\/\/www.boursorama.com\/cours\/1rPUBI\/\" rel=\"nofollow noopener\" target=\"_blank\"><br \/>\n  UBIP.PA<br \/>\n <\/a><br \/>\n a pr\u00e9sent\u00e9 mardi \u00e0 l&rsquo;occasion de la<br \/>\npublication de ses r\u00e9sultats au premier trimestre une nouvelle<br \/>\n\u00e9tape de sa transformation strat\u00e9gique, le groupe fran\u00e7ais de<br \/>\njeux vid\u00e9o souhaitant se r\u00e9organiser autour de nouvelles unit\u00e9s<br \/>\nd\u2019affaires baptis\u00e9es \u00ab\u00a0creative houses\u00a0\u00bb.\n<\/p>\n<p>\n * SOITEC<br \/>\n <a href=\"https:\/\/www.boursorama.com\/cours\/1rPSOI\/\" rel=\"nofollow noopener\" target=\"_blank\"><br \/>\n  SOIT.PA<br \/>\n <\/a><br \/>\n a fait \u00e9tat mardi d&rsquo;un chiffre d&rsquo;affaires<br \/>\nen baisse de 16% au premier trimestre, \u00e0 92 millions d&rsquo;euros,<br \/>\nl\u00e9g\u00e8rement en-dessous des attentes des analystes qui tablaient<br \/>\nsur 93 millions d&rsquo;euros selon un consensus Vara Research.\n<\/p>\n<p>\n *\n<\/p>\n<p>\n EUROFINS SCIENTIFIC\n<\/p>\n<p>\n <a href=\"https:\/\/www.boursorama.com\/cours\/1rPERF\/\" rel=\"nofollow noopener\" target=\"_blank\"><br \/>\n  EUFI.PA<br \/>\n <\/a><br \/>\n a fait \u00e9tat mercredi d&rsquo;une hausse de 7% de son<br \/>\nEbitda au premier semestre, le groupe fran\u00e7ais citant les<br \/>\nefforts r\u00e9alis\u00e9s pour am\u00e9liorer sa performance financi\u00e8re en<br \/>\nmati\u00e8re de prix, de co\u00fbts et de d\u00e9penses en capital.\n<\/p>\n<p>\n * NOKIA  NOKIA.HE  a abaiss\u00e9 mardi ses pr\u00e9visions de<br \/>\nb\u00e9n\u00e9fice d&rsquo;exploitation pour 2025, citant l&rsquo;impact de<br \/>\nl&rsquo;affaiblissement du dollar am\u00e9ricain et des droits de douane.\n<\/p>\n<p>\n Le fabricant d&rsquo;\u00e9quipements de r\u00e9seau pr\u00e9voit d\u00e9sormais<br \/>\nun b\u00e9n\u00e9fice d&rsquo;exploitation pour 2025 compris entre 1,6 milliard<br \/>\net 2,1 milliards d&rsquo;euros en donn\u00e9es comparables, au lieu des 1,9<br \/>\n\u00e0 2,4 milliards d&rsquo;euros pr\u00e9c\u00e9demment estim\u00e9s.\n<\/p>\n<p>\n * UNICREDIT<br \/>\n <a href=\"https:\/\/www.boursorama.com\/cours\/1gUCG\/\" rel=\"nofollow noopener\" target=\"_blank\"><br \/>\n  CRDI.MI<br \/>\n <\/a><br \/>\n , BANCO BPM<br \/>\n <a href=\"https:\/\/www.boursorama.com\/cours\/1gBAMI\/\" rel=\"nofollow noopener\" target=\"_blank\"><br \/>\n  BAMI.MI<br \/>\n <\/a><br \/>\n &#8211; UniCredit a<br \/>\nannonc\u00e9 mardi en fin de journ\u00e9e qu&rsquo;elle retirait son offre<br \/>\npublique d&rsquo;achat sur sa rivale Banco BPM, accusant le<br \/>\ngouvernement italien d&rsquo;avoir alt\u00e9r\u00e9 le processus et d&rsquo;avoir<br \/>\npriv\u00e9 les actionnaires de sa cible, ainsi que l&rsquo;\u00e9conomie<br \/>\nitalienne, d&rsquo;une bonne opportunit\u00e9.\n<\/p>\n<p>\n La deuxi\u00e8me banque italienne a par ailleurs fait \u00e9tat<br \/>\nmercredi d&rsquo;un b\u00e9n\u00e9fice net trimestriel bien plus \u00e9lev\u00e9 que pr\u00e9vu<br \/>\net a revu \u00e0 la hausse ses perspectives pour 2025.\n<\/p>\n<p>\n * ASM INTERNATIONAL (ASMI)<br \/>\n <a href=\"https:\/\/www.boursorama.com\/cours\/1rAASM\/\" rel=\"nofollow noopener\" target=\"_blank\"><br \/>\n  ASMI.AS<br \/>\n <\/a><br \/>\n a fait \u00e9tat mardi d&rsquo;un<br \/>\nchiffre d&rsquo;affaires inf\u00e9rieur aux attentes pour le deuxi\u00e8me<br \/>\ntrimestre, le fabricant n\u00e9erlandais de puces \u00e9lectroniques<br \/>\ncitant des retards de commandes de la part des fabricants de<br \/>\nsemi-conducteurs.\n<\/p>\n<p>\n * EQUINOR<br \/>\n <a href=\"https:\/\/www.boursorama.com\/cours\/2u0M2Z.LQ\/\" rel=\"nofollow noopener\" target=\"_blank\"><br \/>\n  EQNR.OL<br \/>\n <\/a><br \/>\n &#8211; Le b\u00e9n\u00e9fice du groupe a recul\u00e9 comme<br \/>\npr\u00e9vu de 13% au deuxi\u00e8me trimestre par rapport \u00e0 la m\u00eame p\u00e9riode<br \/>\nl&rsquo;ann\u00e9e pr\u00e9c\u00e9dente, la baisse des prix du p\u00e9trole l&#8217;emportant<br \/>\nsur l&rsquo;augmentation du prix du gaz.\n<\/p>\n<p>\n Le groupe norv\u00e9gien a par ailleurs annonc\u00e9 mercredi une<br \/>\nd\u00e9pr\u00e9ciation de 955 millions de dollars sur un projet \u00e9olien<br \/>\noffshore aux \u00c9tats-Unis, malgr\u00e9 la lev\u00e9e d&rsquo;une pr\u00e9c\u00e9dente<br \/>\ninterdiction de sa construction par l&rsquo;administration du<br \/>\npr\u00e9sident Donald Trump.\n<\/p>\n<p>\n * SSAB<br \/>\n <a href=\"https:\/\/www.boursorama.com\/cours\/2u0KII.LQ\/\" rel=\"nofollow noopener\" target=\"_blank\"><br \/>\n  SSABa.ST<br \/>\n <\/a><br \/>\n &#8211; Le sid\u00e9rurgiste su\u00e9dois a fait \u00e9tat<br \/>\nmercredi d&rsquo;une baisse plus importante que pr\u00e9vu de son b\u00e9n\u00e9fice<br \/>\nd&rsquo;exploitation au deuxi\u00e8me trimestre, citant le recul des prix<br \/>\nde l&rsquo;acier et de l&rsquo;affaiblissement du march\u00e9 europ\u00e9en.\n<\/p>\n<p>\n * RANDSTAD<br \/>\n <a href=\"https:\/\/www.boursorama.com\/cours\/1rARAND\/\" rel=\"nofollow noopener\" target=\"_blank\"><br \/>\n  RAND.AS<br \/>\n <\/a><br \/>\n &#8211; Le recruteur n\u00e9erlandais a annonc\u00e9<br \/>\nmercredi un b\u00e9n\u00e9fice conforme aux attentes pour son deuxi\u00e8me<br \/>\ntrimestre, citant des am\u00e9liorations sur certains march\u00e9s cl\u00e9s,<br \/>\nune demande accrue d&rsquo;externalisation du recrutement et de<br \/>\nnouvelles r\u00e9ductions de co\u00fbts.\n<\/p>\n<p>\n * LONZA<br \/>\n <a href=\"https:\/\/www.boursorama.com\/cours\/2aLONN\/\" rel=\"nofollow noopener\" target=\"_blank\"><br \/>\n  LONN.S<br \/>\n <\/a><br \/>\n &#8211; Le groupe suisse a fait \u00e9tat mercredi<br \/>\nd&rsquo;une croissance de 23% de son b\u00e9n\u00e9fice semestriel, d\u00e9passant<br \/>\nles attentes du march\u00e9, gr\u00e2ce \u00e0 une solide performance de ses<br \/>\nactivit\u00e9s de fabrication de m\u00e9dicaments sous contrat(CDMO) et<br \/>\naux contributions de son site de Vacaville aux \u00c9tats-Unis.\n<\/p>\n<p>\n * IBERDROLA<br \/>\n <a href=\"https:\/\/www.boursorama.com\/cours\/FF55-IBE\/\" rel=\"nofollow noopener\" target=\"_blank\"><br \/>\n  IBE.MC<br \/>\n <\/a><br \/>\n &#8211; L&rsquo;\u00e9nerg\u00e9ticien espagnol a publi\u00e9<br \/>\nmercredi un b\u00e9n\u00e9fice net en baisse de 14% sur un an au titre du<br \/>\npremier semestre.\n<\/p>\n<p>\n * STORA ENSO<br \/>\n <a href=\"https:\/\/www.boursorama.com\/cours\/2u0CXC.LQ\/\" rel=\"nofollow noopener\" target=\"_blank\"><br \/>\n  STERV.HE<br \/>\n <\/a><br \/>\n &#8211; Le groupe forestier finlandais a<br \/>\npubli\u00e9 mercredi un b\u00e9n\u00e9fice d&rsquo;exploitation trimestriel sup\u00e9rieur<br \/>\naux pr\u00e9visions, tout en avertissant qu&rsquo;il s&rsquo;attendait \u00e0 ce que<br \/>\nla demande reste faible et volatile jusqu&rsquo;\u00e0 la fin de l&rsquo;ann\u00e9e<br \/>\n2025.\n<\/p>\n<p>\n L&rsquo;AGENDA FRANCE &amp; INTERNATIONAL \u00c0 7 JOURS:<\/p>\n<p> nL8N3TE0EH\n<\/p>\n<p>\n (R\u00e9dig\u00e9 par Kate Entringer et Diana Mandia)<\/p>\n","protected":false},"excerpt":{"rendered":"(Actualis\u00e9 avec Renault, Alstom, Thales, Edenred, Unicredit, Banco BPM, Eurofins, ASMI, Equinor, SSAB, Nokia, Randstad, Iberdrola, Lonza, Stora&hellip;\n","protected":false},"author":2,"featured_media":64038,"comment_status":"","ping_status":"","sticky":false,"template":"","format":"standard","meta":{"footnotes":""},"categories":[1888],"tags":[400,11,398,408,405,1777,674,1011,27,403,402,399,404,12,626,25,401,406,407],"class_list":{"0":"post-267349","1":"post","2":"type-post","3":"status-publish","4":"format-standard","5":"has-post-thumbnail","7":"category-paris","8":"tag-action-cac-40","9":"tag-actualites","10":"tag-bourse-de-paris","11":"tag-boursorama","12":"tag-cotations","13":"tag-eu","14":"tag-europe","15":"tag-fr","16":"tag-france","17":"tag-indices-devises","18":"tag-investir","19":"tag-investissement","20":"tag-marche-boursier","21":"tag-news","22":"tag-paris","23":"tag-republique-francaise","24":"tag-sicav","25":"tag-trackers","26":"tag-warrants"},"share_on_mastodon":{"url":"https:\/\/pubeurope.com\/@fr\/114901089233796907","error":""},"_links":{"self":[{"href":"https:\/\/www.europesays.com\/fr\/wp-json\/wp\/v2\/posts\/267349","targetHints":{"allow":["GET"]}}],"collection":[{"href":"https:\/\/www.europesays.com\/fr\/wp-json\/wp\/v2\/posts"}],"about":[{"href":"https:\/\/www.europesays.com\/fr\/wp-json\/wp\/v2\/types\/post"}],"author":[{"embeddable":true,"href":"https:\/\/www.europesays.com\/fr\/wp-json\/wp\/v2\/users\/2"}],"replies":[{"embeddable":true,"href":"https:\/\/www.europesays.com\/fr\/wp-json\/wp\/v2\/comments?post=267349"}],"version-history":[{"count":0,"href":"https:\/\/www.europesays.com\/fr\/wp-json\/wp\/v2\/posts\/267349\/revisions"}],"wp:featuredmedia":[{"embeddable":true,"href":"https:\/\/www.europesays.com\/fr\/wp-json\/wp\/v2\/media\/64038"}],"wp:attachment":[{"href":"https:\/\/www.europesays.com\/fr\/wp-json\/wp\/v2\/media?parent=267349"}],"wp:term":[{"taxonomy":"category","embeddable":true,"href":"https:\/\/www.europesays.com\/fr\/wp-json\/wp\/v2\/categories?post=267349"},{"taxonomy":"post_tag","embeddable":true,"href":"https:\/\/www.europesays.com\/fr\/wp-json\/wp\/v2\/tags?post=267349"}],"curies":[{"name":"wp","href":"https:\/\/api.w.org\/{rel}","templated":true}]}}