{"id":267350,"date":"2025-07-23T06:17:10","date_gmt":"2025-07-23T06:17:10","guid":{"rendered":"https:\/\/www.europesays.com\/fr\/267350\/"},"modified":"2025-07-23T06:17:10","modified_gmt":"2025-07-23T06:17:10","slug":"le-jour-ou-le-jusquau-boutisme-de-vladimir-poutine-sera-teste-lexpress","status":"publish","type":"post","link":"https:\/\/www.europesays.com\/fr\/267350\/","title":{"rendered":"le jour o\u00f9 le \u00ab\u00a0jusqu\u2019au-boutisme\u00a0\u00bb de Vladimir Poutine sera test\u00e9 \u2013 L&rsquo;Express"},"content":{"rendered":"<p class=\"paragraph article-body-paragraph article__item   article-body-paragraph--first \">Retenez la date du 2 septembre 2025. Ce jour-l\u00e0 expire en effet l\u2019ultimatum adress\u00e9 par Donald Trump \u00e0 son homologue russe pour mettre fin \u00e0 <a href=\"\" rel=\"\" title=\"\">sa guerre contre l\u2019Ukraine<\/a>. Si, d\u2019ici l\u00e0, Vladimir Poutine n\u2019a pas obtemp\u00e9r\u00e9, il subira des \u00ab\u00a0sanctions \u00e9conomiques s\u00e9v\u00e8res\u00a0\u00bb. Les pays qui importent des hydrocarbures russes seront p\u00e9nalis\u00e9s, ce qui porterait un coup tr\u00e8s dur \u00e0 une \u00e9conomie russe d\u00e9j\u00e0 mal en point. Ainsi, le fonds de la Richesse nationale &#8211; le bas de laine russe &#8211; pourrait \u00eatre \u00e0 sec en 2026, selon des \u00e9conomistes de l\u2019Acad\u00e9mie pr\u00e9sidentielle russe d\u2019\u00e9conomie nationale et d&rsquo;administration publique, et de l\u2019Institut Gaidar, cit\u00e9s par le Moscow Times.<\/p>\n<p><strong class=\"article-body-link-list__item text-gray-800 article-body-link-list__item--one-item\">LIRE AUSSI : <a class=\"article-body-link-list__item-link\" href=\"https:\/\/www.lexpress.fr\/monde\/europe\/michel-niqueux-dans-le-vocabulaire-poutinien-loccident-satanique-est-devenu-un-lieu-commun-HG6S36F44RAK7LWWFGUDBSUQNQ\/\" target=\"_blank\" rel=\"noreferrer nofollow noopener\">Michel Niqueux : \u00ab\u00a0Dans le vocabulaire poutinien, l\u2019Occident satanique est devenu un lieu commun\u00a0\u00bb<\/a><\/strong><\/p>\n<p class=\"paragraph article-body-paragraph article__item   \">Ceux qui tablent sur un effondrement du pays risquent toutefois d\u2019en \u00eatre pour leurs frais. D\u00e9j\u00e0, parce qu\u2019il n\u2019est pas certain que Trump, qui, au fond, appr\u00e9cie Poutine, mette ses menaces \u00e0 ex\u00e9cution. Ensuite, parce que la priorit\u00e9 absolue du chef du Kremlin reste l\u2019an\u00e9antissement de l\u2019Ukraine et qu\u2019il faudra plus qu\u2019un <a href=\"\" rel=\"\" title=\"\">risque de banqueroute<\/a> pour le faire reculer. Le porte-parole du Kremlin l\u2019a r\u00e9p\u00e9t\u00e9 r\u00e9cemment : \u00ab\u00a0L\u2019essentiel pour nous est d\u2019atteindre nos objectifs.\u00a0\u00bb Quoi qu\u2019il en co\u00fbte en vies humaines et en points de PIB. <\/p>\n<p class=\"paragraph article-body-paragraph article__item    article__text__endpicto\">A cet \u00e9gard, pour le chef du Kremlin, dont la ligne jusqu\u2019au-boutiste ne montre aucun fl\u00e9chissement. \u00ab\u00a0Poutine joue son va-tout. Il va tout faire pour l\u2019emporter durant ces cinquante jours d\u2019ultimatum, analyse l\u2019historienne Fran\u00e7oise Thom. Il r\u00eave d\u2019une victoire \u00e0 la Staline en 1945, qui pourrait lui permettre d\u2019effacer tous ses crimes. S\u2019il \u00e9choue, il risque d\u2019avoir des comptes \u00e0 rendre et de conna\u00eetre le sort d\u2019un Kerenski, chass\u00e9 du pouvoir en 1917 apr\u00e8s sa d\u00e9faite contre l\u2019Allemagne.\u00a0\u00bb Le 2 septembre, donc ?<\/p>\n","protected":false},"excerpt":{"rendered":"Retenez la date du 2 septembre 2025. Ce jour-l\u00e0 expire en effet l\u2019ultimatum adress\u00e9 par Donald Trump \u00e0&hellip;\n","protected":false},"author":2,"featured_media":267351,"comment_status":"","ping_status":"","sticky":false,"template":"","format":"standard","meta":{"footnotes":""},"categories":[1591],"tags":[11,1887,74,12,1885,1886,132],"class_list":{"0":"post-267350","1":"post","2":"type-post","3":"status-publish","4":"format-standard","5":"has-post-thumbnail","7":"category-russie","8":"tag-actualites","9":"tag-federation-de-russie","10":"tag-monde","11":"tag-news","12":"tag-russia","13":"tag-russian-federation","14":"tag-russie"},"share_on_mastodon":{"url":"https:\/\/pubeurope.com\/@fr\/114901093202870441","error":""},"_links":{"self":[{"href":"https:\/\/www.europesays.com\/fr\/wp-json\/wp\/v2\/posts\/267350","targetHints":{"allow":["GET"]}}],"collection":[{"href":"https:\/\/www.europesays.com\/fr\/wp-json\/wp\/v2\/posts"}],"about":[{"href":"https:\/\/www.europesays.com\/fr\/wp-json\/wp\/v2\/types\/post"}],"author":[{"embeddable":true,"href":"https:\/\/www.europesays.com\/fr\/wp-json\/wp\/v2\/users\/2"}],"replies":[{"embeddable":true,"href":"https:\/\/www.europesays.com\/fr\/wp-json\/wp\/v2\/comments?post=267350"}],"version-history":[{"count":0,"href":"https:\/\/www.europesays.com\/fr\/wp-json\/wp\/v2\/posts\/267350\/revisions"}],"wp:featuredmedia":[{"embeddable":true,"href":"https:\/\/www.europesays.com\/fr\/wp-json\/wp\/v2\/media\/267351"}],"wp:attachment":[{"href":"https:\/\/www.europesays.com\/fr\/wp-json\/wp\/v2\/media?parent=267350"}],"wp:term":[{"taxonomy":"category","embeddable":true,"href":"https:\/\/www.europesays.com\/fr\/wp-json\/wp\/v2\/categories?post=267350"},{"taxonomy":"post_tag","embeddable":true,"href":"https:\/\/www.europesays.com\/fr\/wp-json\/wp\/v2\/tags?post=267350"}],"curies":[{"name":"wp","href":"https:\/\/api.w.org\/{rel}","templated":true}]}}