{"id":267357,"date":"2025-07-23T06:21:09","date_gmt":"2025-07-23T06:21:09","guid":{"rendered":"https:\/\/www.europesays.com\/fr\/267357\/"},"modified":"2025-07-23T06:21:09","modified_gmt":"2025-07-23T06:21:09","slug":"en-trois-mois-a-la-tete-de-lallemagne-friedrich-merz-est-devenu-le-chancelier-de-la-politique-etrangere","status":"publish","type":"post","link":"https:\/\/www.europesays.com\/fr\/267357\/","title":{"rendered":"En trois mois \u00e0 la t\u00eate de l\u2019Allemagne, Friedrich Merz est devenu le \u00abchancelier de la politique \u00e9trang\u00e8re\u00bb"},"content":{"rendered":"<p>    R\u00e9sum\u00e9 en 20 secondes<\/p>\n<p>        En savoir plus sur ce type de contenu<\/p>\n<p>Ce r\u00e9sum\u00e9 peut avoir \u00e9t\u00e9 \u00e9crit avec l&rsquo;assistance d\u2019une IA g\u00e9n\u00e9rative. <a href=\"https:\/\/www.letemps.ch\/cyber\/l-usage-de-l-ia-generative-par-les-journalistes-du-temps\" target=\"_blank\" rel=\"noopener\">En savoir plus<\/a><\/p>\n<p class=\"article__abstract-call-to-action\" data-ariato=\"TrackableElement\" data-trackable-element-type=\"article_abstract_cta\" data-trackable-element-location=\"article_header\" data-trackable-element-id=\"501096\">\n        <a data-event=\"click-&gt;clicked\" href=\"https:\/\/www.letemps.ch\/abonnements\" target=\"_blank\" rel=\"noopener\">Abonnez-vous<\/a> pour acc\u00e9der au r\u00e9sum\u00e9 en 20 secondes.\n      <\/p>\n<p>Encore dix jours et Friedrich Merz pourra prendre ses premi\u00e8res vacances en tant que chancelier, presque trois mois apr\u00e8s son \u00e9lection \u00e0 la t\u00eate d\u2019une nouvelle \u00abgrande coalition\u00bb. Mais avant cela, il re\u00e7oit ce mercredi le pr\u00e9sident fran\u00e7ais, Emmanuel Macron, \u00e0 Berlin, pour une visite de travail visant \u00e0 pr\u00e9parer leur conseil minist\u00e9riel franco-allemand de la fin ao\u00fbt. Les dossiers \u00e0 \u00e9voquer sont pl\u00e9thores, entre le conflit douanier avec Washington, la politique vis-\u00e0-vis de la Chine, l\u2019aide \u00e0 l\u2019Ukraine et la synchronisation de l\u2019agenda franco-allemand sur les questions de comp\u00e9titivit\u00e9 et de d\u00e9fense europ\u00e9enne.<\/p>\n<p>Avec cette visite pr\u00e9sidentielle et l\u2019arriv\u00e9e prochaine des vacances se cl\u00f4turera une premi\u00e8re s\u00e9quence gouvernementale marqu\u00e9e, pour Friedrich Merz, par un tr\u00e8s fort accent mis sur la politique \u00e9trang\u00e8re. Il a ainsi multipli\u00e9 les visites, \u00e0 Paris, Varsovie, Kiev, Helsinki, Londres, Bruxelles, au Canada pour le sommet du G7, et \u00e0 Washington pour une rencontre avec Donald Trump. Certes, ses pr\u00e9d\u00e9cesseurs au poste de chancelier ont, eux aussi, \u00e9t\u00e9 actifs sur la sc\u00e8ne internationale mais rarement avec une telle intensit\u00e9 d\u00e8s le d\u00e9but de leurs mandats. Cons\u00e9quence, Friedrich Merz est qualifi\u00e9 de \u00abchancelier des affaires \u00e9trang\u00e8res\u00bb, un surnom qu\u2019il goutterait peu.<\/p>\n","protected":false},"excerpt":{"rendered":"R\u00e9sum\u00e9 en 20 secondes En savoir plus sur ce type de contenu Ce r\u00e9sum\u00e9 peut avoir \u00e9t\u00e9 \u00e9crit&hellip;\n","protected":false},"author":2,"featured_media":267358,"comment_status":"","ping_status":"","sticky":false,"template":"","format":"standard","meta":{"footnotes":""},"categories":[1587],"tags":[11,672,1804,1805,1803,1777,674,27,1801,12,301,1802],"class_list":{"0":"post-267357","1":"post","2":"type-post","3":"status-publish","4":"format-standard","5":"has-post-thumbnail","7":"category-allemagne","8":"tag-actualites","9":"tag-allemagne","10":"tag-bundesrepublik-deutschland","11":"tag-de","12":"tag-deutschland","13":"tag-eu","14":"tag-europe","15":"tag-france","16":"tag-germany","17":"tag-news","18":"tag-premium","19":"tag-republique-federale-dallemagne"},"share_on_mastodon":{"url":"https:\/\/pubeurope.com\/@fr\/114901108871663961","error":""},"_links":{"self":[{"href":"https:\/\/www.europesays.com\/fr\/wp-json\/wp\/v2\/posts\/267357","targetHints":{"allow":["GET"]}}],"collection":[{"href":"https:\/\/www.europesays.com\/fr\/wp-json\/wp\/v2\/posts"}],"about":[{"href":"https:\/\/www.europesays.com\/fr\/wp-json\/wp\/v2\/types\/post"}],"author":[{"embeddable":true,"href":"https:\/\/www.europesays.com\/fr\/wp-json\/wp\/v2\/users\/2"}],"replies":[{"embeddable":true,"href":"https:\/\/www.europesays.com\/fr\/wp-json\/wp\/v2\/comments?post=267357"}],"version-history":[{"count":0,"href":"https:\/\/www.europesays.com\/fr\/wp-json\/wp\/v2\/posts\/267357\/revisions"}],"wp:featuredmedia":[{"embeddable":true,"href":"https:\/\/www.europesays.com\/fr\/wp-json\/wp\/v2\/media\/267358"}],"wp:attachment":[{"href":"https:\/\/www.europesays.com\/fr\/wp-json\/wp\/v2\/media?parent=267357"}],"wp:term":[{"taxonomy":"category","embeddable":true,"href":"https:\/\/www.europesays.com\/fr\/wp-json\/wp\/v2\/categories?post=267357"},{"taxonomy":"post_tag","embeddable":true,"href":"https:\/\/www.europesays.com\/fr\/wp-json\/wp\/v2\/tags?post=267357"}],"curies":[{"name":"wp","href":"https:\/\/api.w.org\/{rel}","templated":true}]}}