{"id":267363,"date":"2025-07-23T06:24:10","date_gmt":"2025-07-23T06:24:10","guid":{"rendered":"https:\/\/www.europesays.com\/fr\/267363\/"},"modified":"2025-07-23T06:24:10","modified_gmt":"2025-07-23T06:24:10","slug":"ces-autres-points-de-la-loi-duplomb-eclipses-par-la-reintroduction-de-lacetamipride","status":"publish","type":"post","link":"https:\/\/www.europesays.com\/fr\/267363\/","title":{"rendered":"Ces autres points de la loi Duplomb \u00e9clips\u00e9s par la r\u00e9introduction de l\u2019ac\u00e9tamipride"},"content":{"rendered":"<p>        <img decoding=\"async\" loading=\"lazy\" src=\"https:\/\/www.europesays.com\/fr\/wp-content\/uploads\/2025\/07\/1d83784_sirius-fs-upload-1-pxguqgumq3a1-1748248791127-000-484m3zb.jpg\"  width=\"728\" height=\"485\" alt=\"Des tracteurs occupent une partie de la route devant l\u2019Assembl\u00e9e nationale dans le cadre d\u2019un rassemblement d\u2019agriculteurs organis\u00e9 par les syndicats FNSEA et JA, en amont d\u2019un d\u00e9bat des d\u00e9put\u00e9s sur le projet de loi Duplomb.\"\/>  <\/p>\n<p>THOMAS SAMSON \/ AFP<\/p>\n<p>Des tracteurs occupent une partie de la route devant l\u2019Assembl\u00e9e nationale dans le cadre d\u2019un rassemblement d\u2019agriculteurs organis\u00e9 par les syndicats FNSEA et JA, en amont d\u2019un d\u00e9bat des d\u00e9put\u00e9s sur le projet de loi Duplomb.<\/p>\n<p class=\"asset asset-text\">POLITIQUE &#8211; Pl\u00e9biscit\u00e9e par une partie du monde agricole, d\u00e9nonc\u00e9e par la gauche et les \u00e9cologistes, <a href=\"https:\/\/www.huffingtonpost.fr\/politique\/article\/la-petition-contre-la-loi-duplomb-depasse-le-million-de-signatures-a-quoi-cela-va-t-il-mener_252802.html\" rel=\"nofollow noopener\" target=\"_blank\">la loi Duplomb<\/a> est souvent r\u00e9duite \u00e0 l\u2019un de ses articles autorisant la r\u00e9introduction encadr\u00e9e et d\u00e9rogatoire de <a href=\"https:\/\/www.huffingtonpost.fr\/france\/video\/loi-duplomb-c-est-quoi-l-acetamipride-ce-pesticide-controverse-au-c-ur-de-l-opposition-au-texte_252809.html\" rel=\"nofollow noopener\" target=\"_blank\">l\u2019ac\u00e9tamipride<\/a>, un n\u00e9onicotino\u00efde qui \u00e9tait interdit en France depuis 2018.<\/p>\n<p class=\"asset asset-text\">Pourtant, le texte de loi comporte d\u2019autres mesures qui ne font, elles non plus, pas toujours l\u2019unanimit\u00e9. Tour d\u2019horizon des points phares de cette loi dont vous allez encore entendre beaucoup parler.<\/p>\n<ul class=\"asset asset-bulletedList\">\n<li><strong>La l\u00e9gitimation des \u00ab\u00a0m\u00e9ga-bassines\u00a0\u00bb<\/strong><\/li>\n<\/ul>\n<p class=\"asset asset-text\">Elle aurait pu \u00eatre la mesure la plus irritante du texte. L\u2019article\u00a05 pr\u00e9voit une pr\u00e9somption d\u2019\u00ab\u00a0int\u00e9r\u00eat g\u00e9n\u00e9ral majeur\u00a0\u00bb pour les ouvrages de stockage d\u2019eau utilis\u00e9s pour l\u2019irrigation des cultures. Une disposition qui doit faciliter les proc\u00e9dures pour obtenir des autorisations de construction.<\/p>\n<p class=\"asset asset-text\">Mise en lumi\u00e8re par la mobilisation \u00e0 <a href=\"https:\/\/www.huffingtonpost.fr\/justice\/article\/sainte-soline-la-justice-juge-cette-bassine-controversee-des-deux-sevres-illegale_243746.html\" rel=\"nofollow noopener\" target=\"_blank\">Sainte-Soline<\/a> en 2023, la construction de ces \u00ab\u00a0m\u00e9ga-bassines\u00a0\u00bb qui pompent l\u2019eau dans les nappes phr\u00e9atiques, est de plus en plus demand\u00e9e par une partie du monde agricole. Les agriculteurs restent cependant divis\u00e9s sur leur nombre et la surface que ces m\u00e9ga-bassines doivent repr\u00e9senter. La gauche et les \u00e9cologistes y sont profond\u00e9ment oppos\u00e9s, et d\u00e9noncent un accaparement des ressources au profit de l\u2019agriculture intensive.<\/p>\n<ul class=\"asset asset-bulletedList\">\n<li><strong>Des proc\u00e9dures simplifi\u00e9es pour l\u2019\u00e9levage intensif<\/strong><\/li>\n<\/ul>\n<p class=\"asset asset-text\">Le texte facilite l\u2019agrandissement ou la cr\u00e9ation de b\u00e2timents d\u2019\u00e9levage intensif. Il permet notamment, lors de l\u2019enqu\u00eate publique, de remplacer la r\u00e9union publique par une permanence en mairie. Les \u00e9valuations environnementales et autorisations n\u00e9cessaires \u00e0 l\u2019\u00e9tablissement de plus grands cheptels seront aussi facilit\u00e9es, via une directive plus permissive que le texte europ\u00e9en sur lequel elles reposaient jusqu\u2019ici.<\/p>\n<p class=\"asset asset-text\">Par exemple, comme le d\u00e9taille l\u2019AFP, \u00e0 partir de fin 2026, un poulailler ne devra demander une autorisation qu\u2019\u00e0 partir de 85\u00a0000 poulets contre 40\u00a0000. Pour une porcherie, le seuil passera de 2\u00a0000\u00a0\u00e0 3\u00a0000 cochons.<\/p>\n<ul class=\"asset asset-bulletedList\">\n<li><strong>Un recadrage de l\u2019Anses<\/strong><\/li>\n<\/ul>\n<p class=\"asset asset-text\">La proposition de loi pr\u00e9voyait initialement la possibilit\u00e9 pour le gouvernement d\u2019imposer des \u00ab\u00a0priorit\u00e9s\u00a0\u00bb dans les travaux de <a href=\"https:\/\/www.huffingtonpost.fr\/environnement\/article\/l-anses-lance-quatre-alertes-inedites-sur-les-effets-des-pesticides-sur-la-sante_249171.html\" rel=\"nofollow noopener\" target=\"_blank\">l\u2019Agence nationale de s\u00e9curit\u00e9 sanitaire<\/a> (ANSES) qui est notamment charg\u00e9e d\u2019\u00e9valuer la dangerosit\u00e9 des pesticides, mais aussi autoriser leur mise sur le march\u00e9. La version du S\u00e9nat proposait ainsi de cr\u00e9er un \u00ab\u00a0conseil d\u2019orientation\u00a0\u00bb, sous surveillance du minist\u00e8re de l\u2019Agriculture, comme le rappelle Natura Sciences.<\/p>\n<p class=\"asset asset-text\">Une \u00ab\u00a0mise sous tutelle\u00a0\u00bb inacceptable pour la gauche, mais aussi pour la Macronie. Les parlementaires ont trouv\u00e9 un compromis en \u00e9vacuant largement cette disposition pour garantir l\u2019ind\u00e9pendance de l\u2019agence. Le texte pr\u00e9cise cependant qu\u2019elle devra tenir compte \u00ab\u00a0des circonstances agronomiques, phytosanitaires, et environnementales, y compris climatiques qui pr\u00e9valent sur le territoire national\u00a0\u00bb.<\/p>\n<p class=\"asset asset-text\">Or, si elle est finalement relativement \u00e9pargn\u00e9e par la loi Duplomb, l\u2019agence est parall\u00e8lement vis\u00e9e par un d\u00e9cret du gouvernement qui reprend en substance la mesure initiale du projet de loi. Le texte pr\u00e9voir ainsi que l\u2019agence doit prendre en compte les priorit\u00e9s du minist\u00e8re de l\u2019Agriculture pour \u00e9tablir \u00ab\u00a0le calendrier d\u2019examen des demandes d\u2019autorisation de mise sur le march\u00e9 (AMM) des produits phytopharmaceutiques\u00a0\u00bb. Un \u00ab\u00a0passage en force\u00a0\u00bb d\u00e9nonc\u00e9 par des ONG dont Agir pour l\u2019environnement qui a d\u00e9pos\u00e9 un recours au Conseil d\u2019\u00c9tat lundi 21\u00a0juillet.<\/p>\n","protected":false},"excerpt":{"rendered":"THOMAS SAMSON \/ AFP Des tracteurs occupent une partie de la route devant l\u2019Assembl\u00e9e nationale dans le cadre&hellip;\n","protected":false},"author":2,"featured_media":267364,"comment_status":"","ping_status":"","sticky":false,"template":"","format":"standard","meta":{"footnotes":""},"categories":[2],"tags":[11,327,1011,27,25754,12,2091,316,25],"class_list":{"0":"post-267363","1":"post","2":"type-post","3":"status-publish","4":"format-standard","5":"has-post-thumbnail","7":"category-actualites","8":"tag-actualites","9":"tag-agriculture","10":"tag-fr","11":"tag-france","12":"tag-loi-duplomb","13":"tag-news","14":"tag-pesticides","15":"tag-politique","16":"tag-republique-francaise"},"share_on_mastodon":{"url":"https:\/\/pubeurope.com\/@fr\/114901120721929073","error":""},"_links":{"self":[{"href":"https:\/\/www.europesays.com\/fr\/wp-json\/wp\/v2\/posts\/267363","targetHints":{"allow":["GET"]}}],"collection":[{"href":"https:\/\/www.europesays.com\/fr\/wp-json\/wp\/v2\/posts"}],"about":[{"href":"https:\/\/www.europesays.com\/fr\/wp-json\/wp\/v2\/types\/post"}],"author":[{"embeddable":true,"href":"https:\/\/www.europesays.com\/fr\/wp-json\/wp\/v2\/users\/2"}],"replies":[{"embeddable":true,"href":"https:\/\/www.europesays.com\/fr\/wp-json\/wp\/v2\/comments?post=267363"}],"version-history":[{"count":0,"href":"https:\/\/www.europesays.com\/fr\/wp-json\/wp\/v2\/posts\/267363\/revisions"}],"wp:featuredmedia":[{"embeddable":true,"href":"https:\/\/www.europesays.com\/fr\/wp-json\/wp\/v2\/media\/267364"}],"wp:attachment":[{"href":"https:\/\/www.europesays.com\/fr\/wp-json\/wp\/v2\/media?parent=267363"}],"wp:term":[{"taxonomy":"category","embeddable":true,"href":"https:\/\/www.europesays.com\/fr\/wp-json\/wp\/v2\/categories?post=267363"},{"taxonomy":"post_tag","embeddable":true,"href":"https:\/\/www.europesays.com\/fr\/wp-json\/wp\/v2\/tags?post=267363"}],"curies":[{"name":"wp","href":"https:\/\/api.w.org\/{rel}","templated":true}]}}