{"id":267368,"date":"2025-07-23T06:27:18","date_gmt":"2025-07-23T06:27:18","guid":{"rendered":"https:\/\/www.europesays.com\/fr\/267368\/"},"modified":"2025-07-23T06:27:18","modified_gmt":"2025-07-23T06:27:18","slug":"tiger-woods-essaie-de-remonter-le-temps-a-lu-s-junior-amateur","status":"publish","type":"post","link":"https:\/\/www.europesays.com\/fr\/267368\/","title":{"rendered":"Tiger Woods essaie de remonter le temps \u00e0 l\u2019U.S. Junior Amateur"},"content":{"rendered":"<p>\t\t\t\t\t\t<img width=\"770\" height=\"556\" src=\"https:\/\/www.europesays.com\/fr\/wp-content\/uploads\/2025\/07\/afp__20250722__2226484504__v1__highres__2026usjunioramateurdaytwo-770x556.jpg\" class=\"img-responsive wp-post-image\" alt=\"Photo by Tim Heitman \/ GETTY IMAGES NORTH AMERICA \/ Getty Images via AFP\" decoding=\"async\" fetchpriority=\"high\"  \/>\t\t\t\t\t<\/p>\n<p>\t\t\t\t\t\t Partager cet article <\/p>\n<p class=\"screen-reader-text juiz_sps_maybe_hidden_text\">Partager la publication \u00ab\u00a0Tiger Woods essaie de remonter le temps \u00e0 l\u2019U.S. Junior Amateur\u00a0\u00bb<\/p>\n<p><strong>Pr\u00e9sent au bord des fairways pour soutenir son fils Charley lors de l\u2019U.S. Junior Amateur, Tiger Woods a raviv\u00e9 de nombreux souvenirs et rassur\u00e9 ses fans.<\/strong><\/p>\n<p>\t\t\t\t\t<a id=\"178017\" href=\"https:\/\/www.formigolf.fr\/voyage-pays~jardin-de-tecina-4etoiles-la-gomera~75~canaries\" target=\"_blank\" rel=\"sponsorised nofollow noopener\"><img decoding=\"async\" src=\"data:image\/svg+xml,%3Csvg%20xmlns=\" http:=\"\" class=\"img-responsive\" alt=\"\" data-lazy-src=\"https:\/\/www.europesays.com\/fr\/wp-content\/uploads\/2025\/07\/formigolf-e07-canaries-gomera-1170x275-1.gif\"\/><\/a><\/p>\n<p>Ce lundi et mardi \u00e0 Dallas, <strong>Tiger Woods<\/strong> \u00e9tait aux premi\u00e8res loges pour suivre Charley, 16 ans, lors du prestigieux <strong>U.S. Junior Amateur<\/strong>.<\/p>\n<p>Encore en r\u00e9\u00e9ducation apr\u00e8s <a href=\"https:\/\/www.golfplanete.com\/actualites\/est-ce-la-fin-pour-tiger-woods\/\" rel=\"nofollow noopener\" target=\"_blank\">sa derni\u00e8re blessure en date<\/a>, la l\u00e9gende du golf a vu son fils conna\u00eetre une entame compliqu\u00e9e sur les fairways du <strong>Trinity Forest Golf Club<\/strong> : Charley a rendu une premi\u00e8re carte de 81 (+11), terminant 242e apr\u00e8s un premier tour \u00e9maill\u00e9 de cinq bogeys et quatre doubles bogeys. Son 2e tour boucl\u00e9 en 74 (+3) ne lui a pas permis de franchir le cut.<\/p>\n<p>Retour en 1991 : Tiger Woods remportait le premier de ses trois titres \u00e0 l\u2019U.S. Junior Amateur sous les yeux de son propre p\u00e8re. \u00c0 l\u2019\u00e9poque, l\u2019adolescent de 15 ans, grand et sec, impressionnait d\u00e9j\u00e0 par sa puissance et sa concentration.<\/p>\n<p>\t\t\t\t\t<a id=\"174987\" href=\"https:\/\/www.sudfrancegolf.com\/fr\/\" target=\"_blank\" rel=\"sponsorised nofollow noopener\"><img decoding=\"async\" src=\"data:image\/svg+xml,%3Csvg%20xmlns=\" http:=\"\" class=\"img-responsive\" alt=\"\" data-lazy-src=\"https:\/\/www.europesays.com\/fr\/wp-content\/uploads\/2025\/06\/giesudfrancegolf-e02-egolf-pass-2025-v2-1170x275-1.gif\"\/><\/a><\/p>\n<p>\t\t\t\t\t<a id=\"179399\" href=\"https:\/\/www.terre-blanche.com\/landing\/summer-deals?mtm_campaign=summer_deals_golf_planet_juil_2025&amp;mtm_medium=display&amp;mtm_source=golf_planet&amp;mtm_content=_CTA_&amp;mtm_group=trafic\" target=\"_blank\" rel=\"sponsorised nofollow noopener\"><img decoding=\"async\" src=\"data:image\/svg+xml,%3Csvg%20xmlns=\" http:=\"\" class=\"img-responsive\" alt=\"\" data-lazy-src=\"https:\/\/www.europesays.com\/fr\/wp-content\/uploads\/2025\/07\/terreblanche-e01-summer-deals-1170x275-1.gif\"\/><\/a><br \/>\nDes fans rassur\u00e9s<\/p>\n<p>La silhouette affich\u00e9e par Tiger Woods lors de ses derni\u00e8res apparitions en public a plut\u00f4t eu tendance \u00e0 inqui\u00e9ter certains de ses fans, qui ont observ\u00e9 une vraie diff\u00e9rence avec le physique qui a jadis d\u00e9fi\u00e9 l\u2019histoire du golf.<\/p>\n<p>Tiger avait \u00e9t\u00e9 vu en train d\u2019utiliser une voiturette de golf, sans aucune protection sp\u00e9ciale pour sa jambe bless\u00e9e, il y a quelques semaines \u00e0 l\u2019occasion de la participation de Charlie au championnat amateur de Floride. Certains l\u2019avaient aussi trouv\u00e9 particuli\u00e8rement bouffi sur <a href=\"https:\/\/x.com\/SkySportsGolf\/status\/1909348220485927290\" rel=\"nofollow\">une vid\u00e9o<\/a> annon\u00e7ant qu\u2019il allait concevoir un nouveau parcours \u00e0 Augusta.<\/p>\n<p>Mais il avait l\u2019air en excellente forme \u00e0 l\u2019U.S. Junior Amateur. Le m\u00eame jour, Tiger Woods a publi\u00e9 sur ses r\u00e9seaux sociaux <a href=\"https:\/\/x.com\/TigerWoods\/status\/1947349617529786740\" rel=\"nofollow\">une vid\u00e9o<\/a> dans laquelle on le voit marcher normalement lors d\u2019une visite au <strong>Marcella Club<\/strong>, dans l\u2019Utah. Il s\u2019agit d\u2019un parcours que sa soci\u00e9t\u00e9, TGR Design, est en train d\u2019y construire.<\/p>\n<p>\t\t\t\t\t<a id=\"179385\" href=\"https:\/\/tickets.europeantour.com\/eut\/#\/c6906933-bb43-434b-a22d-0ae172a572d4\/shop\/custom-pack?fac=EUT&amp;locale=fr&amp;skin=pgaetodf&amp;utm_campaign=ODF&amp;utm_content=Ticketing&amp;utm_medium=Web&amp;utm_source=Partner&amp;utm_term=PavonGolfPlanete\" target=\"_blank\" rel=\"sponsorised nofollow noopener\"><img decoding=\"async\" src=\"data:image\/svg+xml,%3Csvg%20xmlns=\" http:=\"\" class=\"img-responsive\" alt=\"\" data-lazy-src=\"https:\/\/www.europesays.com\/fr\/wp-content\/uploads\/2025\/07\/opendefrance-e03-plateau-1407-1170x275-1.jpg\"\/><\/a><\/p>\n<p>Photo\u00a0: Tim Heitman \/ Getty Images via AFP<\/p>\n","protected":false},"excerpt":{"rendered":"Partager cet article Partager la publication \u00ab\u00a0Tiger Woods essaie de remonter le temps \u00e0 l\u2019U.S. Junior Amateur\u00a0\u00bb Pr\u00e9sent&hellip;\n","protected":false},"author":2,"featured_media":267369,"comment_status":"","ping_status":"","sticky":false,"template":"","format":"standard","meta":{"footnotes":""},"categories":[1418],"tags":[1011,27,1472,60],"class_list":{"0":"post-267368","1":"post","2":"type-post","3":"status-publish","4":"format-standard","5":"has-post-thumbnail","7":"category-golf","8":"tag-fr","9":"tag-france","10":"tag-golf","11":"tag-sports"},"share_on_mastodon":{"url":"https:\/\/pubeurope.com\/@fr\/114901132485292457","error":""},"_links":{"self":[{"href":"https:\/\/www.europesays.com\/fr\/wp-json\/wp\/v2\/posts\/267368","targetHints":{"allow":["GET"]}}],"collection":[{"href":"https:\/\/www.europesays.com\/fr\/wp-json\/wp\/v2\/posts"}],"about":[{"href":"https:\/\/www.europesays.com\/fr\/wp-json\/wp\/v2\/types\/post"}],"author":[{"embeddable":true,"href":"https:\/\/www.europesays.com\/fr\/wp-json\/wp\/v2\/users\/2"}],"replies":[{"embeddable":true,"href":"https:\/\/www.europesays.com\/fr\/wp-json\/wp\/v2\/comments?post=267368"}],"version-history":[{"count":0,"href":"https:\/\/www.europesays.com\/fr\/wp-json\/wp\/v2\/posts\/267368\/revisions"}],"wp:featuredmedia":[{"embeddable":true,"href":"https:\/\/www.europesays.com\/fr\/wp-json\/wp\/v2\/media\/267369"}],"wp:attachment":[{"href":"https:\/\/www.europesays.com\/fr\/wp-json\/wp\/v2\/media?parent=267368"}],"wp:term":[{"taxonomy":"category","embeddable":true,"href":"https:\/\/www.europesays.com\/fr\/wp-json\/wp\/v2\/categories?post=267368"},{"taxonomy":"post_tag","embeddable":true,"href":"https:\/\/www.europesays.com\/fr\/wp-json\/wp\/v2\/tags?post=267368"}],"curies":[{"name":"wp","href":"https:\/\/api.w.org\/{rel}","templated":true}]}}