{"id":267370,"date":"2025-07-23T06:29:09","date_gmt":"2025-07-23T06:29:09","guid":{"rendered":"https:\/\/www.europesays.com\/fr\/267370\/"},"modified":"2025-07-23T06:29:09","modified_gmt":"2025-07-23T06:29:09","slug":"on-a-essaye-de-les-deplacer-dans-les-meilleures-conditions-possibles-le-directeur-general-du-rc-vannes-explique-le-repositionnement-dans-le-stade-de-certains-abonnes","status":"publish","type":"post","link":"https:\/\/www.europesays.com\/fr\/267370\/","title":{"rendered":"\u00ab\u00a0On a essay\u00e9 de les d\u00e9placer dans les meilleures conditions possibles\u00a0\u00bb\u00a0: le directeur g\u00e9n\u00e9ral du RC Vannes explique le repositionnement dans le stade de certains abonn\u00e9s"},"content":{"rendered":"<p>Pourquoi avoir replac\u00e9 certains abonn\u00e9s pour la saison prochaine ?<\/p>\n<p>C\u2019est un bel outil La Rabine, un bel outil dans le centre-ville de Vannes. Mais c\u2019est vrai qu\u2019on doit g\u00e9rer pas mal de frustration avec beaucoup de demandes pour venir chaque soir de match. \u00c7a s\u2019est encore amplifi\u00e9 avec le Top 14 et, a priori, ne diminue pas avec la Pro D2 pour la saison \u00e0 venir. Donc ce n\u2019est pas de gaiet\u00e9 de c\u0153ur qu\u2019on a demand\u00e9 \u00e0 certains abonn\u00e9s de se d\u00e9placer. On est sur un mod\u00e8le \u00e9conomique qui repose sur l\u2019exploitation pleine et enti\u00e8re du stade. On salue l\u2019ensemble des abonn\u00e9s qui nous suivent et on a essay\u00e9 de les d\u00e9placer dans les meilleures conditions possibles avec tout le d\u00e9lai de pr\u00e9venance et toute la communication qui \u00e9tait soit directement individuelle ou soit avec le service billetterie men\u00e9 par Baptiste Roux soit des rendez-vous individuels pour replacer les gens dans les meilleures conditions possible.<\/p>\n<p>Certains abonn\u00e9s ont regrett\u00e9 un manque de consid\u00e9ration.<\/p>\n<p>Non, c\u2019est une r\u00e9alit\u00e9 \u00e9conomique implacable. On est un club sain financi\u00e8rement, on veut le rester et \u00e7a oblige ce type de choix. On ne peut pas s\u2019affranchir d\u2019une r\u00e9alit\u00e9 \u00e9conomique. Le d\u00e9ficit d\u2019exploitation cumul\u00e9 des clubs de Top 14 et de Pro D2 est tr\u00e8s cons\u00e9quent et on est dans cette comp\u00e9tition impitoyable. Il nous faut des moyens financiers si on veut conserver notre \u00e9tat d\u2019esprit, une certaine ind\u00e9pendance. On est oblig\u00e9 de faire ce type de choix. Honn\u00eatement, on a essay\u00e9 de le faire avec toute la consid\u00e9ration. J\u2019ai m\u00eame appel\u00e9 les personnes les plus proches du club. L\u2019\u00e9quipe billetterie avec Baptiste Roux a fait des entretiens individuels \u00e0 chaque personne replac\u00e9e. On a mis en place quelques mesures compensatoires, symboliques, mais qui sont aussi significatives. Donc on essaie vraiment de faire tout ce qui est en notre mesure pour consid\u00e9rer les gens.<\/p>\n<p>Ce qui est aussi ressorti des t\u00e9moignages, c\u2019est la communication tardive.<\/p>\n<p>\u00c7a fait deux-trois ans qu\u2019on a cette discussion et, par rapport aux efforts post-Covid, on n\u2019avait pris la d\u00e9cision de ne pas d\u00e9placer les abonn\u00e9s. On aurait trouv\u00e9 \u00e7a plus dur de le faire l\u2019ann\u00e9e de la mont\u00e9e. Donc on l\u2019a fait cette ann\u00e9e. On les a pr\u00e9venus d\u00e8s la fin de saison. Je ne sais pas ce qu\u2019on aurait pu faire de plus. Mais la plupart des personnes qu\u2019on re\u00e7oit comprend totalement, et nous remercie d\u2019avoir mis en place cet accompagnement. Il y a une minorit\u00e9 qui s\u2019exprime de mani\u00e8re plus v\u00e9h\u00e9mente mais la majorit\u00e9 des entretiens se passent bien et ils comprennent la situation.<\/p>\n","protected":false},"excerpt":{"rendered":"Pourquoi avoir replac\u00e9 certains abonn\u00e9s pour la saison prochaine ? C\u2019est un bel outil La Rabine, un bel&hellip;\n","protected":false},"author":2,"featured_media":267371,"comment_status":"","ping_status":"","sticky":false,"template":"","format":"standard","meta":{"footnotes":""},"categories":[1416],"tags":[1011,27,2308,3164,3167,479,1468,60,3165],"class_list":{"0":"post-267370","1":"post","2":"type-post","3":"status-publish","4":"format-standard","5":"has-post-thumbnail","7":"category-rugby","8":"tag-fr","9":"tag-france","10":"tag-pro-d2","11":"tag-rc-vannes","12":"tag-rcv","13":"tag-rugby","14":"tag-rugby-football","15":"tag-sports","16":"tag-vannes"},"share_on_mastodon":{"url":"https:\/\/pubeurope.com\/@fr\/114901140404159399","error":""},"_links":{"self":[{"href":"https:\/\/www.europesays.com\/fr\/wp-json\/wp\/v2\/posts\/267370","targetHints":{"allow":["GET"]}}],"collection":[{"href":"https:\/\/www.europesays.com\/fr\/wp-json\/wp\/v2\/posts"}],"about":[{"href":"https:\/\/www.europesays.com\/fr\/wp-json\/wp\/v2\/types\/post"}],"author":[{"embeddable":true,"href":"https:\/\/www.europesays.com\/fr\/wp-json\/wp\/v2\/users\/2"}],"replies":[{"embeddable":true,"href":"https:\/\/www.europesays.com\/fr\/wp-json\/wp\/v2\/comments?post=267370"}],"version-history":[{"count":0,"href":"https:\/\/www.europesays.com\/fr\/wp-json\/wp\/v2\/posts\/267370\/revisions"}],"wp:featuredmedia":[{"embeddable":true,"href":"https:\/\/www.europesays.com\/fr\/wp-json\/wp\/v2\/media\/267371"}],"wp:attachment":[{"href":"https:\/\/www.europesays.com\/fr\/wp-json\/wp\/v2\/media?parent=267370"}],"wp:term":[{"taxonomy":"category","embeddable":true,"href":"https:\/\/www.europesays.com\/fr\/wp-json\/wp\/v2\/categories?post=267370"},{"taxonomy":"post_tag","embeddable":true,"href":"https:\/\/www.europesays.com\/fr\/wp-json\/wp\/v2\/tags?post=267370"}],"curies":[{"name":"wp","href":"https:\/\/api.w.org\/{rel}","templated":true}]}}