{"id":267373,"date":"2025-07-23T06:32:11","date_gmt":"2025-07-23T06:32:11","guid":{"rendered":"https:\/\/www.europesays.com\/fr\/267373\/"},"modified":"2025-07-23T06:32:11","modified_gmt":"2025-07-23T06:32:11","slug":"barry-baltus-enchante-par-un-nouveau-podium-a-brno","status":"publish","type":"post","link":"https:\/\/www.europesays.com\/fr\/267373\/","title":{"rendered":"Barry Baltus enchant\u00e9 par un nouveau podium \u00e0 Brno"},"content":{"rendered":"<p>&#13;<\/p>\n<p><strong>Le pilote Zelos Black Knights a termin\u00e9 deuxi\u00e8me du Grand Prix Moto2 de Tch\u00e9quie. Il d\u00e9croche son cinqui\u00e8me podium de l&rsquo;ann\u00e9e et remonte \u00e0 la troisi\u00e8me place du classement g\u00e9n\u00e9ral avant la tr\u00eave estivale.<\/strong><\/p>\n<p>Le Championnat du Monde Moto2 faisait ce week-end son retour \u00e0 Brno, une premi\u00e8re depuis 2020. Le Grand Prix de Tch\u00e9quie intervenait imm\u00e9diatement apr\u00e8s celui d&rsquo;Allemagne, o\u00f9 Barry Baltus s&rsquo;\u00e9tait class\u00e9 deuxi\u00e8me. Il avait donc pour objectif de confirmer avec un nouveau bon r\u00e9sultat pour cette 12e \u00e9preuve sur les 22 du calendrier.<\/p>\n<p>Ce Grand Prix restera comme un moment fort de la carri\u00e8re du pilote Zelos Black Knights, puisqu&rsquo;il a d\u00e9croch\u00e9 samedi la premi\u00e8re pole position de sa carri\u00e8re. Du jamais vu pour un Belge en Moto2 depuis la pole obtenue par Xavier Simeon \u00e0 Austin en 2015, dix ans plus t\u00f4t. Une performance qui laissait Barry Baltus plein d&rsquo;espoir avant la course. Comme en Aragon quelques semaines plus t\u00f4t, il s&rsquo;est rapidement hiss\u00e9 en t\u00eate et a men\u00e9 du premier au sixi\u00e8me tour, avant d&rsquo;\u00eatre confront\u00e9 \u00e0 Joe Roberts.<\/p>\n<p><img decoding=\"async\" src=\"https:\/\/www.europesays.com\/fr\/wp-content\/uploads\/2025\/07\/barry-baltus-brno-moto2-2025-1.jpg\" class=\"kg-image\" alt=\"\" loading=\"lazy\" width=\"2000\" height=\"1334\"  \/><\/p>\n<p>\u00c0 la lutte pour la victoire jusqu&rsquo;en fin de course, Barry Baltus termine finalement deuxi\u00e8me et \u00e9gale son meilleur r\u00e9sultat en carri\u00e8re. La conclusion brillante d&rsquo;un week-end fantastique, et d&rsquo;une premi\u00e8re partie de championnat qui l&rsquo;est tout autant. Ce nouveau podium est d\u00e9j\u00e0 le cinqui\u00e8me de la saison du pilote Zelos Black Knights. De retour \u00e0 la troisi\u00e8me place du classement g\u00e9n\u00e9ral, il entre dans la tr\u00eave estivale satisfait et d\u00e9sireux d&rsquo;aller chercher sa premi\u00e8re victoire.<\/p>\n<p><strong>Barry Baltus (pilote Zelos Black Knights) : <\/strong>\u00ab Je suis vraiment content du d\u00e9roulement de ce week-end. Contrairement \u00e0 d&rsquo;autres, nous n&rsquo;avions pas particip\u00e9 aux tests ici, ce qui leur a donn\u00e9 un l\u00e9ger avantage. Nous n&rsquo;avons pas eu beaucoup de temps de roulage sur le sec et je pense que nous n&rsquo;avons pas r\u00e9ussi \u00e0 trouver le pneu de course id\u00e9al. J&rsquo;ai opt\u00e9 pour l&rsquo;option dure, qui convenait \u00e0 mon style de pilotage, mais ce n&rsquo;\u00e9tait peut-\u00eatre pas le meilleur choix ; Joe \u00e9tait tout simplement un cran au-dessus. \u00bb<\/p>\n<p>\u00ab Au d\u00e9part de la course, j&rsquo;ai men\u00e9 durant les premiers tours, et \u00e0 chaque fois que quelqu&rsquo;un me d\u00e9passait, j&rsquo;attaquais imm\u00e9diatement pour revenir devant et imposer mon propre rythme. Mais Joe \u00e9tait tout simplement trop rapide. Il \u00e9tait d\u00e9j\u00e0 tr\u00e8s fort ici en 2020, et ce trac\u00e9 lui convient parfaitement. Je suis n\u00e9anmoins fier de ce r\u00e9sultat. J&rsquo;\u00e9tais le seul \u00e0 pouvoir le suivre \u2013 l&rsquo;\u00e9cart avec le reste du peloton \u00e9tait assez important \u2013 et notre rythme \u00e9tait incroyable. Bien s\u00fbr, je suis un peu d\u00e9\u00e7u de ne pas avoir remport\u00e9 la victoire, et je tiens \u00e0 m&rsquo;excuser aupr\u00e8s de Joe pour le d\u00e9part : je suis all\u00e9 sur sa trajectoire, mais c&rsquo;\u00e9tait la premi\u00e8re fois que je partais en pole et j&rsquo;\u00e9tais un peu nerveux. \u00bb<\/p>\n<p>\u00ab L&rsquo;\u00e9quipe a fait un travail incroyable tout le week-end. C&rsquo;est notre deuxi\u00e8me podium d&rsquo;affil\u00e9e avant la pause estivale, et mon cinqui\u00e8me de la saison. On ne pouvait vraiment pas r\u00eaver mieux. J&rsquo;ai h\u00e2te d&rsquo;\u00eatre \u00e0 la prochaine course. Quant au championnat, je suis maintenant troisi\u00e8me au classement g\u00e9n\u00e9ral et \u00e0 54 points de Gonzalez, mais nous ne nous concentrons pas l\u00e0-dessus. Nous prenons les courses les unes apr\u00e8s les autres, et nous verrons o\u00f9 nous en sommes \u00e0 Valence. \u00bb<\/p>\n<p>&#13;<br \/>\n           &#13;<br \/>\n&#13;<br \/>\n    &#13;<br \/>\n    &#13;<\/p>\n","protected":false},"excerpt":{"rendered":"&#13; Le pilote Zelos Black Knights a termin\u00e9 deuxi\u00e8me du Grand Prix Moto2 de Tch\u00e9quie. Il d\u00e9croche son&hellip;\n","protected":false},"author":2,"featured_media":267374,"comment_status":"","ping_status":"","sticky":false,"template":"","format":"standard","meta":{"footnotes":""},"categories":[1413],"tags":[1011,27,1457,1456,60],"class_list":{"0":"post-267373","1":"post","2":"type-post","3":"status-publish","4":"format-standard","5":"has-post-thumbnail","7":"category-moto","8":"tag-fr","9":"tag-france","10":"tag-moto","11":"tag-motocycle","12":"tag-sports"},"share_on_mastodon":{"url":"https:\/\/pubeurope.com\/@fr\/114901152161561689","error":""},"_links":{"self":[{"href":"https:\/\/www.europesays.com\/fr\/wp-json\/wp\/v2\/posts\/267373","targetHints":{"allow":["GET"]}}],"collection":[{"href":"https:\/\/www.europesays.com\/fr\/wp-json\/wp\/v2\/posts"}],"about":[{"href":"https:\/\/www.europesays.com\/fr\/wp-json\/wp\/v2\/types\/post"}],"author":[{"embeddable":true,"href":"https:\/\/www.europesays.com\/fr\/wp-json\/wp\/v2\/users\/2"}],"replies":[{"embeddable":true,"href":"https:\/\/www.europesays.com\/fr\/wp-json\/wp\/v2\/comments?post=267373"}],"version-history":[{"count":0,"href":"https:\/\/www.europesays.com\/fr\/wp-json\/wp\/v2\/posts\/267373\/revisions"}],"wp:featuredmedia":[{"embeddable":true,"href":"https:\/\/www.europesays.com\/fr\/wp-json\/wp\/v2\/media\/267374"}],"wp:attachment":[{"href":"https:\/\/www.europesays.com\/fr\/wp-json\/wp\/v2\/media?parent=267373"}],"wp:term":[{"taxonomy":"category","embeddable":true,"href":"https:\/\/www.europesays.com\/fr\/wp-json\/wp\/v2\/categories?post=267373"},{"taxonomy":"post_tag","embeddable":true,"href":"https:\/\/www.europesays.com\/fr\/wp-json\/wp\/v2\/tags?post=267373"}],"curies":[{"name":"wp","href":"https:\/\/api.w.org\/{rel}","templated":true}]}}