{"id":267377,"date":"2025-07-23T06:34:12","date_gmt":"2025-07-23T06:34:12","guid":{"rendered":"https:\/\/www.europesays.com\/fr\/267377\/"},"modified":"2025-07-23T06:34:12","modified_gmt":"2025-07-23T06:34:12","slug":"le-parcours-et-profil-de-la-17e-etape-ce-mercredi-23-juillet","status":"publish","type":"post","link":"https:\/\/www.europesays.com\/fr\/267377\/","title":{"rendered":"Le parcours et profil de la 17e \u00e9tape ce mercredi 23 juillet"},"content":{"rendered":"<p>Au lendemain de l&rsquo;ascension du Mont Ventoux, et la <a href=\"https:\/\/www.20minutes.fr\/sport\/cyclisme\/4164792-20250722-tour-france-2025-classement-general-resultats-apres-16e-etape\" class=\"color-ultramarine c-link\" target=\"_blank\" rel=\"noopener\">premi\u00e8re victoire d&rsquo;un Fran\u00e7ais sur cette \u00e9dition<\/a>, Valentin Paret-Peintre, le peloton a rendez-vous pour la 17e \u00e9tape du Tour de France, entre Boll\u00e8ne et Valence. Mercredi, les sprinteurs auront une belle occasion de briller, avant deux jours d&rsquo;ascensions difficiles dans les Alpes. C&rsquo;est la 3e fois que la Grande Boucle arrive dans la pr\u00e9fecture de la Dr\u00f4me, apr\u00e8s 2015 (victoire d&rsquo;Andr\u00e9 Greipel), 2018 (celle de <a href=\"https:\/\/www.20minutes.fr\/dossier\/peter_sagan\" class=\"color-ultramarine c-link\" target=\"_blank\" rel=\"noopener\">Peter Sagan<\/a>) et 2021 (succ\u00e8s de <a href=\"https:\/\/www.20minutes.fr\/sport\/mark_cavendish\/\" class=\"color-ultramarine c-link\" target=\"_blank\" rel=\"noopener\">Mark Cavendish<\/a>).<\/p>\n<p>\u00c0 quelle heure et sur quelle cha\u00eene voir la 17e \u00e9tape du Tour de France<\/p>\n<p>L&rsquo;\u00e9tape entre Boll\u00e8ne et Valence sera diffus\u00e9e sur France TV et <a href=\"https:\/\/www.20minutes.fr\/dossier\/eurosport\" class=\"color-ultramarine c-link\" target=\"_blank\" rel=\"noopener\">Eurosport<\/a>, \u00e0 partir de 13h50 (d\u00e9part r\u00e9el). Ne manquez rien de cette course gr\u00e2ce au live comment\u00e9 de 20 minutes.<\/p>\n<p>Le profil de la 17e \u00e9tape du Tour de France 2025<img decoding=\"async\" alt=\"Le profil de la 17e \u00e9tape du Tour de France 2025\" class=\"c-img\" loading=\"lazy\" fetchpriority=\"auto\" width=\"718\"  src=\"https:\/\/img.20mn.fr\/ume5So7HRO6jg1qNi-xlXCk\/718x0\" \/>Le profil de la 17e \u00e9tape du Tour de France 2025\u2002-\u00a0SOURCE ASO<\/p>\n<p>Entre Boll\u00e8ne (<a href=\"https:\/\/www.20minutes.fr\/societe\/vaucluse\/\" class=\"color-ultramarine c-link\" target=\"_blank\" rel=\"noopener\">Vaucluse<\/a>) et Valence dans la <a href=\"https:\/\/www.20minutes.fr\/dossier\/drome\" class=\"color-ultramarine c-link\" target=\"_blank\" rel=\"noopener\">Dr\u00f4me<\/a>, les coureurs devront n\u00e9gocier 160,4 kilom\u00e8tres de course. Les sprinteurs ne devront pas manquer l&rsquo;occasion de se montrer avant de nouvelles \u00e9tapes de montagne, dans les <a href=\"https:\/\/www.20minutes.fr\/dossier\/alpes\" class=\"color-ultramarine c-link\" target=\"_blank\" rel=\"noopener\">Alpes<\/a>. <\/p>\n<p>L&rsquo;ascension du Mont Ventoux aura sans doute laisser des traces sur les organismes des coureurs. Cette \u00e9tape de transition arrive donc \u00e0 pic, mais la bataille entre sprinteurs s&rsquo;annonce coriace. <\/p>\n<p>Le parcours de la 17e \u00e9tape du Tour de France 2025<img decoding=\"async\" alt=\"Le parcours de la 17e \u00e9tape du Tour de France 2025\" class=\"c-img\" loading=\"lazy\" fetchpriority=\"auto\" width=\"718\"  src=\"https:\/\/img.20mn.fr\/ZxgMvbm2TVq2JoPv6Sw1qCk\/718x0\" \/>Le parcours de la 17e \u00e9tape du Tour de France 2025\u2002-\u00a0SOURCE ASO<\/p>\n<p>Deux cols r\u00e9pertori\u00e9s seront \u00e9galement \u00e0 gravir : le col du Pertuis (3,7 kilom\u00e8tres \u00e0 6,6 %) et le col de Tartaiguille (3,6 km \u00e0 3,5 %). Enfin, le peloton devra parcourir une quarantaine de kilom\u00e8tres jusqu&rsquo;\u00e0 l&rsquo;arriv\u00e9e.<\/p>\n<p>Une belle occasion pour les sprinteurs<\/p>\n<p>Sauf grande surprise, la victoire d&rsquo;\u00e9tape devrait revenir \u00e0 un sprinteur. Attention tout de m\u00eame aux \u00e9chap\u00e9es et si certaines \u00e9quipes se lancent dans des bordures en cas de vent. <\/p>\n<p>Cependant, le plus probable est de voir les \u00e9quipes de sprinteurs prendre le contr\u00f4le de la course jusqu&rsquo;\u00e0 un sprint de masse. <\/p>\n<p>Les favoris de la 17e \u00e9tape du Tour de France 2025<\/p>\n<p>\u00c9videmment, les mieux class\u00e9s au <a href=\"https:\/\/www.20minutes.fr\/sport\/cyclisme\/tour-de-france\/classement-maillot-vert\" class=\"color-ultramarine c-link\" target=\"_blank\" rel=\"noopener\">Maillot Vert<\/a> seront les favoris du jour. On pense \u00e0 Jonathan Milan, Biniam Girmay et Tim Merlier. Du c\u00f4t\u00e9 des outsiders, <a href=\"https:\/\/www.20minutes.fr\/sport\/wout-van-aert\/\" class=\"color-ultramarine c-link\" target=\"_blank\" rel=\"noopener\">Wout Van Aert<\/a>, Kaden Groves, Arnaud de Lie, etc., ont un coup \u00e0 jouer. Tadej Pogacar, 2e meilleur sprinteur au niveau des points, devrait rester au calme dans le peloton en pr\u00e9vision des jours \u00e0 venir. Il en va de m\u00eame pour son principal rival Jonas Vingegaard.<\/p>\n<p>Le Top 10 avant la 17e \u00e9tape du Tour de France<\/p>\n<ol>\n<li>Poga\u010dar Tadej (UAE Team Emirates &#8211; XRG) en 58h24&rsquo;46\u00a0\u00bb<\/li>\n<li>Vingegaard Jonas (Team Visma | Lease a Bike) \u00e0 4&rsquo;15\u00a0\u00bb<\/li>\n<li>Lipowitz Florian (Red Bull &#8211; BORA &#8211; hansgrohe) \u00e0 9&rsquo;03\u00a0\u00bb<\/li>\n<li>Onley Oscar (Team Picnic PostNL) \u00e0 11&rsquo;04\u00a0\u00bb<\/li>\n<li>Rogli\u010d Primo\u017e (<a href=\"https:\/\/www.20minutes.fr\/dossier\/red_bull\" class=\"color-ultramarine c-link\" target=\"_blank\" rel=\"noopener\">Red Bull<\/a> &#8211; BORA &#8211; hansgrohe) \u00e0 11&rsquo;42\u00a0\u00bb<\/li>\n<li>Vauquelin K\u00e9vin (Ark\u00e9a &#8211; B &amp; B Hotels) \u00e0 13&rsquo;20\u00a0\u00bb<\/li>\n<li>Gall Felix (Decathlon AG2R La Mondiale Team) \u00e0 14&rsquo;50\u00a0\u00bb<\/li>\n<li>Johannessen Tobias Halland (Uno-X Mobility) \u00e0 17&rsquo;01\u00a0\u00bb<\/li>\n<li>Healy Ben (EF Education &#8211; EasyPost) \u00e0 17&rsquo;52\u00a0\u00bb<\/li>\n<li>Rodr\u00edguez Carlos (INEOS Grenadiers) \u00e0 20&rsquo;45\u00a0\u00bb<\/li>\n<\/ol>\n","protected":false},"excerpt":{"rendered":"Au lendemain de l&rsquo;ascension du Mont Ventoux, et la premi\u00e8re victoire d&rsquo;un Fran\u00e7ais sur cette \u00e9dition, Valentin Paret-Peintre,&hellip;\n","protected":false},"author":2,"featured_media":267378,"comment_status":"","ping_status":"","sticky":false,"template":"","format":"standard","meta":{"footnotes":""},"categories":[1411],"tags":[1154,207,1011,27,27884,32134,517,60,210],"class_list":{"0":"post-267377","1":"post","2":"type-post","3":"status-publish","4":"format-standard","5":"has-post-thumbnail","7":"category-cyclisme","8":"tag-cycling","9":"tag-cyclisme","10":"tag-fr","11":"tag-france","12":"tag-jonas-vingegaard","13":"tag-paul-pogba","14":"tag-sport","15":"tag-sports","16":"tag-tour-de-france"},"share_on_mastodon":{"url":"https:\/\/pubeurope.com\/@fr\/114901160120975328","error":""},"_links":{"self":[{"href":"https:\/\/www.europesays.com\/fr\/wp-json\/wp\/v2\/posts\/267377","targetHints":{"allow":["GET"]}}],"collection":[{"href":"https:\/\/www.europesays.com\/fr\/wp-json\/wp\/v2\/posts"}],"about":[{"href":"https:\/\/www.europesays.com\/fr\/wp-json\/wp\/v2\/types\/post"}],"author":[{"embeddable":true,"href":"https:\/\/www.europesays.com\/fr\/wp-json\/wp\/v2\/users\/2"}],"replies":[{"embeddable":true,"href":"https:\/\/www.europesays.com\/fr\/wp-json\/wp\/v2\/comments?post=267377"}],"version-history":[{"count":0,"href":"https:\/\/www.europesays.com\/fr\/wp-json\/wp\/v2\/posts\/267377\/revisions"}],"wp:featuredmedia":[{"embeddable":true,"href":"https:\/\/www.europesays.com\/fr\/wp-json\/wp\/v2\/media\/267378"}],"wp:attachment":[{"href":"https:\/\/www.europesays.com\/fr\/wp-json\/wp\/v2\/media?parent=267377"}],"wp:term":[{"taxonomy":"category","embeddable":true,"href":"https:\/\/www.europesays.com\/fr\/wp-json\/wp\/v2\/categories?post=267377"},{"taxonomy":"post_tag","embeddable":true,"href":"https:\/\/www.europesays.com\/fr\/wp-json\/wp\/v2\/tags?post=267377"}],"curies":[{"name":"wp","href":"https:\/\/api.w.org\/{rel}","templated":true}]}}