{"id":267383,"date":"2025-07-23T06:37:10","date_gmt":"2025-07-23T06:37:10","guid":{"rendered":"https:\/\/www.europesays.com\/fr\/267383\/"},"modified":"2025-07-23T06:37:10","modified_gmt":"2025-07-23T06:37:10","slug":"perou-decouverte-dune-fresque-murale-vieille-de-plus-de-3-000-ans-actualites","status":"publish","type":"post","link":"https:\/\/www.europesays.com\/fr\/267383\/","title":{"rendered":"P\u00e9rou: d\u00e9couverte d&rsquo;une fresque murale vieille de plus de 3.000 ans : Actualit\u00e9s"},"content":{"rendered":"<p class=\"lead \">Des arch\u00e9ologues p\u00e9ruviens ont annonc\u00e9 mardi avoir d\u00e9couvert une fresque murale pr\u00e9hispanique vieille de plus de 3.000 ans dans le nord du pays.<\/p>\n<p class=\"lead \">Cette \u0153uvre a \u00e9t\u00e9 d\u00e9couverte \u00e0 l&rsquo;int\u00e9rieur d&rsquo;un temple sur le site arch\u00e9ologique Huaca Yolanda, \u00e0 environ 580 km au nord de la capitale du P\u00e9rou, Lima.<\/p>\n<p class=\"lead \">Vieille d&rsquo;au moins trois mill\u00e9naires, elle \u00ab\u00a0pr\u00e9sente des caract\u00e9ristiques tout \u00e0 fait uniques pour l&rsquo;arch\u00e9ologie p\u00e9ruvienne\u00a0\u00bb, a d\u00e9clar\u00e9 \u00e0 l&rsquo;AFP Ana Cecilia Mauricio, directrice des fouilles sur le site et chercheuse \u00e0 l&rsquo;Universit\u00e9 pontificale catholique du P\u00e9rou.<\/p>\n<p class=\"lead \">Sur cette fresque de plus de cinq m\u00e8tres de long et deux m\u00e8tres de haut sont repr\u00e9sent\u00e9s des poissons, des \u00e9toiles, des filets de p\u00eache ainsi que des plantes.<\/p>\n<p class=\"lead \">\u00ab\u00a0Jamais nous n&rsquo;avions trouv\u00e9 d&rsquo;iconographie ni de dessins de ce type\u00a0\u00bb, a d\u00e9taill\u00e9 Ana Cecilia Mauricio.<\/p>\n<p class=\"lead \">\u00ab\u00a0Cette d\u00e9couverte (&#8230;) r\u00e9v\u00e8le la richesse historique et culturelle du peuple p\u00e9ruvien\u00a0\u00bb, a-t-elle ajout\u00e9.<\/p>\n<p class=\"small font-weight-bold text-gray3 \"> publi\u00e9 le 23 juillet \u00e0 07h22, AFP<\/p>\n<p>                             Partager<\/p>\n","protected":false},"excerpt":{"rendered":"Des arch\u00e9ologues p\u00e9ruviens ont annonc\u00e9 mardi avoir d\u00e9couvert une fresque murale pr\u00e9hispanique vieille de plus de 3.000 ans&hellip;\n","protected":false},"author":2,"featured_media":267384,"comment_status":"","ping_status":"","sticky":false,"template":"","format":"standard","meta":{"footnotes":""},"categories":[1358],"tags":[16340,1348,1384,1385,251,1386,58,59,1011,27,937,40680],"class_list":{"0":"post-267383","1":"post","2":"type-post","3":"status-publish","4":"format-standard","5":"has-post-thumbnail","7":"category-arts-et-design","8":"tag-archologie","9":"tag-arts","10":"tag-arts-and-design","11":"tag-arts-et-design","12":"tag-culture","13":"tag-design","14":"tag-divertissement","15":"tag-entertainment","16":"tag-fr","17":"tag-france","18":"tag-histoire","19":"tag-prou"},"share_on_mastodon":{"url":"https:\/\/pubeurope.com\/@fr\/114901171758767585","error":""},"_links":{"self":[{"href":"https:\/\/www.europesays.com\/fr\/wp-json\/wp\/v2\/posts\/267383","targetHints":{"allow":["GET"]}}],"collection":[{"href":"https:\/\/www.europesays.com\/fr\/wp-json\/wp\/v2\/posts"}],"about":[{"href":"https:\/\/www.europesays.com\/fr\/wp-json\/wp\/v2\/types\/post"}],"author":[{"embeddable":true,"href":"https:\/\/www.europesays.com\/fr\/wp-json\/wp\/v2\/users\/2"}],"replies":[{"embeddable":true,"href":"https:\/\/www.europesays.com\/fr\/wp-json\/wp\/v2\/comments?post=267383"}],"version-history":[{"count":0,"href":"https:\/\/www.europesays.com\/fr\/wp-json\/wp\/v2\/posts\/267383\/revisions"}],"wp:featuredmedia":[{"embeddable":true,"href":"https:\/\/www.europesays.com\/fr\/wp-json\/wp\/v2\/media\/267384"}],"wp:attachment":[{"href":"https:\/\/www.europesays.com\/fr\/wp-json\/wp\/v2\/media?parent=267383"}],"wp:term":[{"taxonomy":"category","embeddable":true,"href":"https:\/\/www.europesays.com\/fr\/wp-json\/wp\/v2\/categories?post=267383"},{"taxonomy":"post_tag","embeddable":true,"href":"https:\/\/www.europesays.com\/fr\/wp-json\/wp\/v2\/tags?post=267383"}],"curies":[{"name":"wp","href":"https:\/\/api.w.org\/{rel}","templated":true}]}}