{"id":267385,"date":"2025-07-23T06:38:09","date_gmt":"2025-07-23T06:38:09","guid":{"rendered":"https:\/\/www.europesays.com\/fr\/267385\/"},"modified":"2025-07-23T06:38:09","modified_gmt":"2025-07-23T06:38:09","slug":"le-dernier-livre-de-virginie-grimaldi-a-moins-de-15-euros-fait-un-carton-cet-ete","status":"publish","type":"post","link":"https:\/\/www.europesays.com\/fr\/267385\/","title":{"rendered":"Le dernier livre de Virginie Grimaldi \u00e0 moins de 15 euros fait un carton cet \u00e9t\u00e9"},"content":{"rendered":"<p>                Contenu shopping<\/p>\n<p class=\"intro \">En tant qu\u2019amateur de lecture, il est temps pour vous de feuilleter les pages de cette offre \u00e0 ne surtout pas manquer. Laissez-vous embarquer par une histoire haute en couleur dans laquelle se suivent \u00e0 la fois des moments humoristiques et des \u00e9motions d\u00e9chirantes. Un livre propos\u00e9 \u00e0 un prix accessible sur le site Amazon. <br \/>&#13;\n<\/p>\n<p>La r\u00e9daction d&rsquo;Europe 1 n&rsquo;a pas particip\u00e9 \u00e0 la r\u00e9alisation de cet article.<\/p>\n<p>Avec le livre \u201cLes heures fragiles\u201d de Virginie Grimaldi, vous allez d\u00e9couvrir l&rsquo;histoire touchante de Diane. Au d\u00e9but de ce livre propos\u00e9 au format Kindle, vous vous apercevez qu&rsquo;il s&rsquo;agit d&rsquo;une femme dont la vie a l&rsquo;air id\u00e9ale. Entre un m\u00e9tier qui lui pla\u00eet, 2 enfants et son mari, tout a l&rsquo;air d&rsquo;aller pour le mieux. Seulement, ce livre \u00e9dit\u00e9 par la maison de Flammarion saura probablement vous toucher lorsque vous d\u00e9couvrirez \u00e0 quel point Lou, la fille de Diane est au bord du gouffre. Actuellement, <a href=\"https:\/\/amzn.to\/4lX6pdj%C2%A0\" rel=\"sponsored nofollow noopener\" target=\"_blank\">le livre \u201cLes heures fragiles\u201d de Virginie Grimaldi est propos\u00e9 au prix de 14,99 euros au lieu de 20,90 euros<\/a> sur le site Amazon, soit une remise int\u00e9ressante de 28 %.\u00a0<\/p>\n<p>Le livre \u201cLes heures fragiles\u201d de Virginie Grimaldi est en top des ventes<\/p>\n<p>Dans <a href=\"https:\/\/amzn.to\/4lX6pdj%C2%A0\" rel=\"sponsored nofollow noopener\" target=\"_blank\">le livre \u201cLes heures fragiles\u201d de Virginie Grimaldi<\/a>, il suffit que Seb, le mari de Diane, d\u00e9cide de tout plaquer pour qu&rsquo;une vie bascule. \u00c0 travers les 327 pages de cet ouvrage paru au mois de mai 2025, vous serez touch\u00e9 par la d\u00e9tresse de la fille de Diane. Pour cette m\u00e8re bless\u00e9e, plus rien d&rsquo;autre ne compte. Alors que la m\u00e8re et la fille semblent se rapprocher afin de faire face \u00e0 ce que la vie a de pire \u00e0 leur r\u00e9server, les heures les plus fragiles de leur existence sont en train de poindre le bout de leur nez. Ce roman fait partie des articles les plus offerts sur le site Amazon, et il h\u00e9rite de l&rsquo;excellente note de 4,4\/5 r\u00e9colt\u00e9e aupr\u00e8s de plus de 2500 lecteurs passionn\u00e9s. Et si vous partiez \u00e0 la d\u00e9couverte d&rsquo;une famille pour qui les heures sont compt\u00e9es gr\u00e2ce \u00e0 cette offre disponible sur Amazon ?\u00a0<\/p>\n<p><a href=\"https:\/\/amzn.to\/4lX6pdj%C2%A0\" rel=\"sponsored nofollow noopener\" target=\"_blank\"><strong>Cliquez ici pour retrouver l&rsquo;offre Amazon sur le livre \u201cLes heures fragiles\u201d de Virginie Grimaldi<\/strong><\/a><\/p>\n<p>Les prix sont mentionn\u00e9s \u00e0 titre indicatif et sont susceptibles d&rsquo;\u00e9voluer. Certains liens sont track\u00e9s et peuvent g\u00e9n\u00e9rer une commission pour Europe 1.<\/p>\n","protected":false},"excerpt":{"rendered":"Contenu shopping En tant qu\u2019amateur de lecture, il est temps pour vous de feuilleter les pages de cette&hellip;\n","protected":false},"author":2,"featured_media":267386,"comment_status":"","ping_status":"","sticky":false,"template":"","format":"standard","meta":{"footnotes":""},"categories":[1357],"tags":[1379,58,59,1011,27,1380],"class_list":{"0":"post-267385","1":"post","2":"type-post","3":"status-publish","4":"format-standard","5":"has-post-thumbnail","7":"category-livres","8":"tag-books","9":"tag-divertissement","10":"tag-entertainment","11":"tag-fr","12":"tag-france","13":"tag-livres"},"share_on_mastodon":{"url":"https:\/\/pubeurope.com\/@fr\/114901175755603501","error":""},"_links":{"self":[{"href":"https:\/\/www.europesays.com\/fr\/wp-json\/wp\/v2\/posts\/267385","targetHints":{"allow":["GET"]}}],"collection":[{"href":"https:\/\/www.europesays.com\/fr\/wp-json\/wp\/v2\/posts"}],"about":[{"href":"https:\/\/www.europesays.com\/fr\/wp-json\/wp\/v2\/types\/post"}],"author":[{"embeddable":true,"href":"https:\/\/www.europesays.com\/fr\/wp-json\/wp\/v2\/users\/2"}],"replies":[{"embeddable":true,"href":"https:\/\/www.europesays.com\/fr\/wp-json\/wp\/v2\/comments?post=267385"}],"version-history":[{"count":0,"href":"https:\/\/www.europesays.com\/fr\/wp-json\/wp\/v2\/posts\/267385\/revisions"}],"wp:featuredmedia":[{"embeddable":true,"href":"https:\/\/www.europesays.com\/fr\/wp-json\/wp\/v2\/media\/267386"}],"wp:attachment":[{"href":"https:\/\/www.europesays.com\/fr\/wp-json\/wp\/v2\/media?parent=267385"}],"wp:term":[{"taxonomy":"category","embeddable":true,"href":"https:\/\/www.europesays.com\/fr\/wp-json\/wp\/v2\/categories?post=267385"},{"taxonomy":"post_tag","embeddable":true,"href":"https:\/\/www.europesays.com\/fr\/wp-json\/wp\/v2\/tags?post=267385"}],"curies":[{"name":"wp","href":"https:\/\/api.w.org\/{rel}","templated":true}]}}