{"id":267391,"date":"2025-07-23T06:41:10","date_gmt":"2025-07-23T06:41:10","guid":{"rendered":"https:\/\/www.europesays.com\/fr\/267391\/"},"modified":"2025-07-23T06:41:10","modified_gmt":"2025-07-23T06:41:10","slug":"dangerous-animals-la-dame-de-constantinople-sorry-baby-nos-critiques-des-sorties-cinema-de-la-semaine-liberation","status":"publish","type":"post","link":"https:\/\/www.europesays.com\/fr\/267391\/","title":{"rendered":"\u00abDangerous Animals\u00bb, \u00abla Dame de Constantinople\u00bb, \u00abSorry Baby\u00bb&#8230; Nos critiques des sorties cin\u00e9ma de la semaine \u2013 Lib\u00e9ration"},"content":{"rendered":"<p class=\"sc-ksZaOG ehjQrN text-element\">Pour aider nos lecteurs \u00e0 s\u2019y retrouver dans une offre culturelle foisonnante, les journalistes du service Culture de Lib\u00e9 vous d\u00e9blaient le terrain dans l\u2019actualit\u00e9 des sorties de films, d\u2019albums, de spectacles, de s\u00e9ries et d\u2019expositions. <a href=\"https:\/\/www.liberation.fr\/selections-culture\/\" rel=\"noopener\" title=\"https:\/\/www.liberation.fr\/selections-culture\/\" target=\"_blank\">Retrouvez l\u2019ensemble de nos s\u00e9lections<\/a>.<\/p>\n<p class=\"sc-ksZaOG ehjQrN text-element\">Sean Byrne livre un huis clos nerveux et fut\u00e9 qui rend au requin son potentiel horrifique \u00e0 travers une histoire impliquant les dents meurtri\u00e8res de l\u2019animal et le cerveau psychopathe d\u2019un serial-killer. <a href=\"https:\/\/www.liberation.fr\/culture\/cinema\/dangerous-animals-ca-requinque-20250722_HRX5YXCBYVFWZCYEA7L2XTFS34\/?redirected=1\" target=\"_blank\" rel=\"noopener\" title=\"https:\/\/www.liberation.fr\/culture\/cinema\/dangerous-animals-ca-requinque-20250722_HRX5YXCBYVFWZCYEA7L2XTFS34\/?redirected=1\">Lire notre critique<\/a>. <\/p>\n<\/p>\n<p class=\"sc-ksZaOG ehjQrN text-element\">Red\u00e9couverte de trois \u0153uvres de la cin\u00e9aste hongroise, qui raconte avec un regard singulier l\u2019intimit\u00e9 de son pays sous le joug sovi\u00e9tique et au XIXe si\u00e8cle. <a href=\"https:\/\/www.liberation.fr\/culture\/ressortie-de-trois-films-de-judit-elek-hongrie-du-coeur-20250722_LMF7V4U2KVF2LKLZHV6OGJ37WA\/\" target=\"_blank\" rel=\"noopener\" title=\"https:\/\/www.liberation.fr\/culture\/ressortie-de-trois-films-de-judit-elek-hongrie-du-coeur-20250722_LMF7V4U2KVF2LKLZHV6OGJ37WA\/\">Lire notre critique<\/a>. <\/p>\n<\/p>\n<p class=\"sc-ksZaOG ehjQrN text-element\">Quatri\u00e8me adaptation, et la plus satisfaisante, des tribulations dessin\u00e9es de l\u2019\u00e9quivalent justicier des Beatles cr\u00e9\u00e9 en 1961 par le tandem Stan Lee-Jack Kirby. Le combat Marvel face au h\u00e9ros DC Comic \u00abSuperman\u00bb peut commencer. <a href=\"https:\/\/www.liberation.fr\/culture\/les-quatre-fantastiques-premiers-pas-marvel-en-mode-retro-futurisme-sixties-20250722_UG6DG4JDTJD5PESOMCEVITKWVU\/\" target=\"_blank\" rel=\"noopener\" title=\"https:\/\/www.liberation.fr\/culture\/les-quatre-fantastiques-premiers-pas-marvel-en-mode-retro-futurisme-sixties-20250722_UG6DG4JDTJD5PESOMCEVITKWVU\/\">Lire notre critique<\/a>. <\/p>\n<p class=\"sc-ksZaOG ehjQrN text-element\">Apr\u00e8s Jean-Claude Barny, c\u2019est au tour du r\u00e9alisateur alg\u00e9rien Abdenour Zahzah de livrer une version sobre et \u00e9l\u00e9gante, mais elle aussi incompl\u00e8te, d\u2019un homme dont l\u2019existence d\u00e9borde largement les murs de l\u2019asile. <a href=\"https:\/\/www.liberation.fr\/culture\/nouveau-film-sur-frantz-fanon-habile-psychiatrique-20250723_L4TFBDG6WBA7JOCNQBZVVIEFFA\/\" target=\"_blank\" rel=\"noopener\" title=\"https:\/\/www.liberation.fr\/culture\/nouveau-film-sur-frantz-fanon-habile-psychiatrique-20250723_L4TFBDG6WBA7JOCNQBZVVIEFFA\/\">Lire notre critique<\/a>. <\/p>\n<\/p>\n<p class=\"sc-ksZaOG ehjQrN text-element\">Tourn\u00e9 en Turquie, le nouveau film de l\u2019Iranien suit le retour d\u2019un prof dans son pays natal, confront\u00e9 \u00e0 l\u2019autorit\u00e9 rigide de son g\u00e9niteur. Un drame familial qui finit par perdre en clart\u00e9. <a href=\"https:\/\/www.liberation.fr\/culture\/the-things-you-kill-dalireza-khatami-pere-de-sens-20250723_IRCHIXKMKVFAZMBAZROWMH33DQ\/\" target=\"_blank\" rel=\"noopener\" title=\"https:\/\/www.liberation.fr\/culture\/the-things-you-kill-dalireza-khatami-pere-de-sens-20250723_IRCHIXKMKVFAZMBAZROWMH33DQ\/\">Lire notre critique<\/a>. <\/p>\n<\/p>\n<p class=\"sc-ksZaOG ehjQrN text-element\">Eva Victor signe un long m\u00e9trage sinc\u00e8re mais format\u00e9, o\u00f9 le r\u00e9cit du traumatisme f\u00e9minin se teinte d\u2019un humour d\u00e9cal\u00e9, sans toujours \u00e9chapper aux codes bien rod\u00e9s du cin\u00e9ma ind\u00e9 am\u00e9ricain. <a href=\"https:\/\/www.liberation.fr\/culture\/sorry-baby-deva-victor-trauma-trop-attendu-20250722_OX2QXGY7HBASNJMLLLZ4OFDGMM\/\" target=\"_blank\" rel=\"noopener\" title=\"https:\/\/www.liberation.fr\/culture\/sorry-baby-deva-victor-trauma-trop-attendu-20250722_OX2QXGY7HBASNJMLLLZ4OFDGMM\/\">Lire notre critique<\/a>. <\/p>\n<\/p>\n<p class=\"sc-ksZaOG ehjQrN text-element\">Le troisi\u00e8me film du r\u00e9alisateur n\u00e9palais sur une figure de femme flic envoy\u00e9e pour une enqu\u00eate \u00e0 Katmandou parvient rarement \u00e0 sortir de son chemin trop balis\u00e9. <a href=\"https:\/\/www.liberation.fr\/culture\/cinema\/pooja-sir-le-polar-de-peu-dampleur-de-deepak-rauniyar-20250722_I4NIRLG3JFDVJDY2OWLK3HG5HQ\/\" target=\"_blank\" rel=\"noopener\" title=\"https:\/\/www.liberation.fr\/culture\/cinema\/pooja-sir-le-polar-de-peu-dampleur-de-deepak-rauniyar-20250722_I4NIRLG3JFDVJDY2OWLK3HG5HQ\/\">Lire notre critique<\/a>. <\/p>\n<\/p>\n<p class=\"sc-ksZaOG ehjQrN text-element\">Le long m\u00e9trage, qui relate l\u2019enfer administratif travers\u00e9 par une coiffeuse napolitaine pour adopter un enfant, est g\u00e2ch\u00e9 par trop d\u2019impr\u00e9cisions. <a href=\"https:\/\/www.liberation.fr\/culture\/vittoria-dalessandro-cassigoli-et-casey-kauffman-meme-pas-en-reve-20250723_KBHYOWH2TJEZHPA2S23GFJCAZI\/\" target=\"_blank\" rel=\"noopener\" title=\"https:\/\/www.liberation.fr\/culture\/vittoria-dalessandro-cassigoli-et-casey-kauffman-meme-pas-en-reve-20250723_KBHYOWH2TJEZHPA2S23GFJCAZI\/\">Lire notre critique<\/a>. <\/p>\n<\/p>\n<p class=\"sc-ksZaOG ehjQrN text-element\"><b>Chaque jour, retrouvez les choix du service Culture de <\/b><b>Lib\u00e9 <\/b><b>: expositions le lundi, th\u00e9\u00e2tre, danse et op\u00e9ra le mardi, sorties cin\u00e9 le mercredi, musique le vendredi, s\u00e9ries le dimanche. Ainsi que le Top 10 de la semaine le samedi. Tout ce qui nous a plu (et parfois d\u00e9plu) dans l\u2019actualit\u00e9 de la culture.<\/b><\/p>\n","protected":false},"excerpt":{"rendered":"Pour aider nos lecteurs \u00e0 s\u2019y retrouver dans une offre culturelle foisonnante, les journalistes du service Culture de&hellip;\n","protected":false},"author":2,"featured_media":267392,"comment_status":"","ping_status":"","sticky":false,"template":"","format":"standard","meta":{"footnotes":""},"categories":[1354],"tags":[58,59,1346,1011,27,1360,6517],"class_list":{"0":"post-267391","1":"post","2":"type-post","3":"status-publish","4":"format-standard","5":"has-post-thumbnail","7":"category-films","8":"tag-divertissement","9":"tag-entertainment","10":"tag-films","11":"tag-fr","12":"tag-france","13":"tag-movies","14":"tag-sorties-cinema"},"share_on_mastodon":{"url":"https:\/\/pubeurope.com\/@fr\/114901187616370995","error":""},"_links":{"self":[{"href":"https:\/\/www.europesays.com\/fr\/wp-json\/wp\/v2\/posts\/267391","targetHints":{"allow":["GET"]}}],"collection":[{"href":"https:\/\/www.europesays.com\/fr\/wp-json\/wp\/v2\/posts"}],"about":[{"href":"https:\/\/www.europesays.com\/fr\/wp-json\/wp\/v2\/types\/post"}],"author":[{"embeddable":true,"href":"https:\/\/www.europesays.com\/fr\/wp-json\/wp\/v2\/users\/2"}],"replies":[{"embeddable":true,"href":"https:\/\/www.europesays.com\/fr\/wp-json\/wp\/v2\/comments?post=267391"}],"version-history":[{"count":0,"href":"https:\/\/www.europesays.com\/fr\/wp-json\/wp\/v2\/posts\/267391\/revisions"}],"wp:featuredmedia":[{"embeddable":true,"href":"https:\/\/www.europesays.com\/fr\/wp-json\/wp\/v2\/media\/267392"}],"wp:attachment":[{"href":"https:\/\/www.europesays.com\/fr\/wp-json\/wp\/v2\/media?parent=267391"}],"wp:term":[{"taxonomy":"category","embeddable":true,"href":"https:\/\/www.europesays.com\/fr\/wp-json\/wp\/v2\/categories?post=267391"},{"taxonomy":"post_tag","embeddable":true,"href":"https:\/\/www.europesays.com\/fr\/wp-json\/wp\/v2\/tags?post=267391"}],"curies":[{"name":"wp","href":"https:\/\/api.w.org\/{rel}","templated":true}]}}