{"id":267393,"date":"2025-07-23T06:42:14","date_gmt":"2025-07-23T06:42:14","guid":{"rendered":"https:\/\/www.europesays.com\/fr\/267393\/"},"modified":"2025-07-23T06:42:14","modified_gmt":"2025-07-23T06:42:14","slug":"les-criteres-changent-des-le-1er-septembre","status":"publish","type":"post","link":"https:\/\/www.europesays.com\/fr\/267393\/","title":{"rendered":"les crit\u00e8res changent d\u00e8s le 1er septembre"},"content":{"rendered":"<p class=\"article-p mdl\">L&rsquo;\u00c9tablissement\u00a0fran\u00e7ais du sang sensibilise souvent le public \u00e0 l&rsquo;importance du don du sang. Le mois dernier, le 8 juillet, cette organisation avait tir\u00e9 la sonnette d&rsquo;alarme <strong>concernant leurs r\u00e9serves de poches de sang.<\/strong> En effet, l&rsquo;EFS avait appel\u00e9 \u00ab\u00a0toutes celles et ceux qui peuvent\u00a0\u00bb \u00e0 donner leur sang. Selon eux, il leur manquait \u00ab\u00a0pr\u00e8s de 15.000 poches de sang pour atteindre un niveau de r\u00e9serve suffisant pour aborder l\u2019\u00e9t\u00e9 sereinement\u00a0\u00bb.\u00a0<\/p>\n<p class=\"article-p mdl\">\u00a0Afin de pouvoir avoir plus de dons du sang, certains crit\u00e8res qui permettent ce pr\u00e9l\u00e8vement ont \u00e9t\u00e9 modifi\u00e9s. Avant de valider ces changements, de nombreuses v\u00e9rifications ont \u00e9t\u00e9 effectu\u00e9es. Les performances de test <strong>ont \u00e9t\u00e9 am\u00e9lior\u00e9es,<\/strong> selon le site officiel du gouvernement, concernant \u00a0\u00bb la\u00a0qualification biologique des dons, et notamment le d\u00e9pistage g\u00e9nomique viral (DGV)\u00a0\u00bb. Ce dernier permet de d\u00e9pister plus efficacement\u00a0<a class=\"link\" href=\"https:\/\/www.rtl.fr\/actu\/debats-societe\/hepatite-c-quand-un-generique-30-fois-moins-cher-est-interdit-par-les-autorites-7785783707\" target=\"_blank\" rel=\"nofollow noopener\">l&rsquo;h\u00e9patite C<\/a>\u00a0qui \u00ab\u00a0peut \u00eatre transmise, par exemple, \u00e0 la suite d\u2019un tatouage ou d\u2019un piercing\u00a0\u00bb.\u00a0\u00a0<\/p>\n<p>            Les nouveaux crit\u00e8res<\/p>\n<p class=\"article-p mdl\">Suite \u00e0 ces annonces,\u00a0<a class=\"link\" href=\"https:\/\/www.rtl.fr\/actu\/debats-societe\/deux-streamers-font-bondir-les-inscriptions-a-paris-pour-une-collecte-geante-7900446064\" target=\"_blank\" rel=\"nofollow noopener\">le formulaire pr\u00e9alable<\/a>\u00a0au don du sang a \u00e9t\u00e9 modifi\u00e9. Les personnes<strong> tatou\u00e9es et perc\u00e9es<\/strong> sont principalement concern\u00e9es par ces nouvelles mesures. D\u00e9sormais, <strong>plus besoin d&rsquo;attendre quatre mois<\/strong> apr\u00e8s votre dernier piercing ou tatouage. Le d\u00e9lai recommand\u00e9 est maintenant de deux mois, tout comme les personnes ayant fait de<a class=\"link\" href=\"https:\/\/www.rtl.fr\/actu\/sante\/6-douleurs-du-quotidien-que-l-acupuncture-soigne-7775811955\" target=\"_blank\" rel=\"nofollow noopener\"> l&rsquo;acupuncture<\/a>. Attendre deux mois est aussi applicable \u00e0 tout individu ayant recours \u00e0 certaines pratiques.\u00a0<a class=\"link\" href=\"https:\/\/www.rtl.fr\/actu\/sante\/varices-comment-les-traiter-efficacement-7900398387\" target=\"_blank\" rel=\"nofollow noopener\">Scl\u00e9rose de varices<\/a>, m\u00e9soth\u00e9rapie, mais aussi les endoscopies en font partie. Les contre-indications reli\u00e9es aux\u00a0<a class=\"link\" href=\"https:\/\/www.google.com\/search?q=substituts+osseux&amp;sca_esv=4770e45ba07b1168&amp;rlz=1C1GCEB_enFR1169FR1169&amp;sxsrf=AE3TifMkUIIP157zL6c3pODdGiiQKAfTqw%3A1753179911488&amp;ei=B2d_aJnJHaTskdUP-KGa2Q8&amp;ved=0ahUKEwjZ6OeOoNCOAxUkdqQEHfiQJvsQ4dUDCBA&amp;uact=5&amp;oq=substituts+osseux&amp;gs_lp=Egxnd3Mtd2l6LXNlcnAiEXN1YnN0aXR1dHMgb3NzZXV4MgUQABiABDIGEAAYFhgeMgYQABgWGB4yBhAAGBYYHjIGEAAYFhgeMgYQABgWGB4yBhAAGBYYHjIGEAAYFhgeMgYQABgWGB4yBhAAGBYYHkirDVDCCVjCCXABeACQAQCYAU2gAYIBqgEBMrgBA8gBAPgBAZgCAaACVZgDAIgGAZIHATGgB_wHsgcBMbgHVcIHAzItMcgHBg&amp;sclient=gws-wiz-serp\" target=\"_blank\" rel=\"nofollow noopener\">substituts osseux<\/a>\u00a0en implantologie ont, elles aussi, \u00e9t\u00e9 lev\u00e9es.\u00a0<\/p>\n<p>    La r\u00e9daction vous recommande<\/p>\n<p class=\"s-newsletter__title\">\n                L\u2019actualit\u00e9 par la r\u00e9daction de RTL dans votre bo\u00eete mail.\n            <\/p>\n<p class=\"s-newsletter__subtitle\">\n                Gr\u00e2ce \u00e0 votre compte RTL abonnez-vous \u00e0 la newsletter RTL info pour suivre toute l&rsquo;actualit\u00e9 au quotidien\n            <\/p>\n<p>\n                                    Lire la suite\n                                <\/p>\n","protected":false},"excerpt":{"rendered":"L&rsquo;\u00c9tablissement\u00a0fran\u00e7ais du sang sensibilise souvent le public \u00e0 l&rsquo;importance du don du sang. Le mois dernier, le 8&hellip;\n","protected":false},"author":2,"featured_media":267394,"comment_status":"","ping_status":"","sticky":false,"template":"","format":"standard","meta":{"footnotes":""},"categories":[10],"tags":[107,1011,27,72,40681,7233,71,3735],"class_list":{"0":"post-267393","1":"post","2":"type-post","3":"status-publish","4":"format-standard","5":"has-post-thumbnail","7":"category-sante","8":"tag-fil-info","9":"tag-fr","10":"tag-france","11":"tag-health","12":"tag-piercing","13":"tag-sang","14":"tag-sante","15":"tag-tatouage"},"share_on_mastodon":{"url":"https:\/\/pubeurope.com\/@fr\/114901191452697196","error":""},"_links":{"self":[{"href":"https:\/\/www.europesays.com\/fr\/wp-json\/wp\/v2\/posts\/267393","targetHints":{"allow":["GET"]}}],"collection":[{"href":"https:\/\/www.europesays.com\/fr\/wp-json\/wp\/v2\/posts"}],"about":[{"href":"https:\/\/www.europesays.com\/fr\/wp-json\/wp\/v2\/types\/post"}],"author":[{"embeddable":true,"href":"https:\/\/www.europesays.com\/fr\/wp-json\/wp\/v2\/users\/2"}],"replies":[{"embeddable":true,"href":"https:\/\/www.europesays.com\/fr\/wp-json\/wp\/v2\/comments?post=267393"}],"version-history":[{"count":0,"href":"https:\/\/www.europesays.com\/fr\/wp-json\/wp\/v2\/posts\/267393\/revisions"}],"wp:featuredmedia":[{"embeddable":true,"href":"https:\/\/www.europesays.com\/fr\/wp-json\/wp\/v2\/media\/267394"}],"wp:attachment":[{"href":"https:\/\/www.europesays.com\/fr\/wp-json\/wp\/v2\/media?parent=267393"}],"wp:term":[{"taxonomy":"category","embeddable":true,"href":"https:\/\/www.europesays.com\/fr\/wp-json\/wp\/v2\/categories?post=267393"},{"taxonomy":"post_tag","embeddable":true,"href":"https:\/\/www.europesays.com\/fr\/wp-json\/wp\/v2\/tags?post=267393"}],"curies":[{"name":"wp","href":"https:\/\/api.w.org\/{rel}","templated":true}]}}