{"id":267401,"date":"2025-07-23T06:46:16","date_gmt":"2025-07-23T06:46:16","guid":{"rendered":"https:\/\/www.europesays.com\/fr\/267401\/"},"modified":"2025-07-23T06:46:16","modified_gmt":"2025-07-23T06:46:16","slug":"des-abus-il-y-en-a-partout-ces-salaries-et-patrons-qui-utilisent-la-rupture-conventionnelle-le-parisien","status":"publish","type":"post","link":"https:\/\/www.europesays.com\/fr\/267401\/","title":{"rendered":"\u00ab Des abus, il y en a partout \u00bb : ces salari\u00e9s et patrons qui utilisent la rupture conventionnelle &#8211; Le Parisien"},"content":{"rendered":"<ol>\n<li><a href=\"https:\/\/news.google.com\/rss\/articles\/CBMihgJBVV95cUxOc3BFY0tkU1BNZHBKUmk2Wk5ZNW5kaHFYU2drbFQ4cmdsRXVrVEtXOTlPVTZjQ280M0FBN1VpSEwxcWNWS2xaRVV0LVBmUU9iLTdmV1Jrd0kzdUhZNENsOXlVNXdIbEdxS3U3amRPSk5id0FEbDZKOV9CV0tTT1dXcloyYnpHQjVPMVZNQWEweGlhTlctM3ZpekliaXh6aGxFaFRXYW1rRmtfVENSVkNZQWp6eFFnd0hEdUxXTGdBY1NtbDB2Z3dsSlhhdFNoLWl0bUdnRG9TTEY3VDBEYVZZYUlZckxZU2EtODdreThTUjhQc0xXaEVtZDJBamZDVHNERHhzVmRn?oc=5\" target=\"_blank\" rel=\"nofollow noopener\">\u00ab Des abus, il y en a partout \u00bb : ces salari\u00e9s et patrons qui utilisent la rupture conventionnelle<\/a>&nbsp;&nbsp;Le Parisien<\/li>\n<li><a href=\"https:\/\/news.google.com\/rss\/articles\/CBMi4gFBVV95cUxNZXpkZzBTZGN3aTZzX2J4dll0a1ZULVY0MUljUUxsMXo1d284ZHM0U2tNZGFmMXdPNXFKNjlwSk4wV2RVOUtHVmt3aW9Rd3lpdFlCeVZRaUxaa0ZobVhUNWh1V3JOdHQ2d2RncExieldERUNabElxWVpHSHZPSUxUbGJOVWU3U081N09TY0NoZFFZTEc0X0Z4UVF3YWVUeEhxVDVsZjhJaExkLTVIWTd5d3F1TVAtYW5XajhibkVYd1dENG9IXzFNaWVvOGZ2b0htTVlUM0lrQ3dCelVqa243YlVn?oc=5\" target=\"_blank\" rel=\"nofollow noopener\">Ruptures conventionnelles : comment le gouvernement compte durcir les conditions d&rsquo;indemnisation<\/a>&nbsp;&nbsp;La Tribune<\/li>\n<li><a href=\"https:\/\/news.google.com\/rss\/articles\/CBMiywJBVV95cUxOMmk5dlVlZi1RbVc2cjRVcU9LckhIUjl1NmM3T0oyMlQwVjMyOER4UFIxS1F6ME9RY2VfbHJRbVFFMXRqb0cwSWJGSHRBeGZWaFRrOTBkaXEzTUY5ZGNFcl9DWDVZc0diZm5VWGVsLV9DZlA4bEJEUG5nWDdzeG5Mb1JkNE1JTHZzN1hLa2xtbV82UGRDelNyTTlndTI2U1ZsWnZfTW1NVUVoQklVdnRqUnFUaGFJY3FlcDlZR081V1F2VTFVckdCWWVIelRyRnIyQTd6WFNSRFNvaUVYQ1BCWnJpcUlGZ2lGbkxObi1ZaWNEVmNTRWZsamJXNHNLdy1xTDBJQnZtZHl1YW5tNi1tUWwxOFJONF9XLUNtbWFrT2hyRTY4RldFSW1UNlNqQmpfcDBDUFBVcUF4enViQjV4MU5hR3NJSnExeTdR?oc=5\" target=\"_blank\" rel=\"nofollow noopener\">\u00ab\u00a0Aujourd&rsquo;hui, ils me demandent tous une rupture conventionnelle\u00a0\u00bb: ces patrons qui comprennent que le gouvernement veuille couper le robinet (et ces syndicats qui s&rsquo;insurgent)<\/a>&nbsp;&nbsp;BFMTV<\/li>\n<li><a href=\"https:\/\/news.google.com\/rss\/articles\/CBMihAJBVV95cUxNQ2NrVkRJTW1SSW9DZHFEUXhjUzdPa0RlSWo4bnBzMlJaT2NlWGZibmVvZ0xnN2Y2UmhmVlI0MjAzS1d1a2ZuYkdCQUtBeU9ROVNUcFpXQ1NDbHMtQmU2anM2X2RJZk5qNWhFRkNmb0dXSjgwSVhtVy1LdFROSVdzZEV2UVVJel9aankxeGRFcDVaSWwxc1g2VnI4VTczenRSRzZON3pCaW5rWHB4Z0dfUzlQc3g0Wjk0UmFyZWpOYkxNOXJMckxON3Z5SXg5WVB4NjlGbnZKcWoxOXh0b0xySE1yZWFUMkRMakRtUW5vMlZuWGx2WnVueUlkOW8tZTVHSFFpYw?oc=5\" target=\"_blank\" rel=\"nofollow noopener\">\u00abPayer une ann\u00e9e de c\u00e9sure \u00e0 des HEC qui partent faire le tour du monde\u00bb : la rupture conventionnelle dans le viseur du gouvernement<\/a>&nbsp;&nbsp;Capital.fr<\/li>\n<li><a href=\"https:\/\/news.google.com\/rss\/articles\/CBMia0FVX3lxTE1aaHpZNkVSSHFKcTJuM1pURlB6U2JyRW1oRGg5eW9SalFuZndMWTlUWDgtX2JNM2ZDYXRkTWpGbXlSc0ZUSWVRVlVoeGE1LWpRS3R1OTlOXzJsY2x4XzdqWk1qMDVxOTVfTTZz?oc=5\" target=\"_blank\" rel=\"nofollow noopener\">Non contre la fin de l&rsquo;allocation ch\u00f4mage suite \u00e0 une rupture conventionnelle<\/a>&nbsp;&nbsp;Assembl\u00e9e nationale<\/li>\n<\/ol>\n","protected":false},"excerpt":{"rendered":"\u00ab Des abus, il y en a partout \u00bb : ces salari\u00e9s et patrons qui utilisent la rupture&hellip;\n","protected":false},"author":2,"featured_media":267402,"comment_status":"","ping_status":"","sticky":false,"template":"","format":"standard","meta":{"footnotes":""},"categories":[6],"tags":[35,33,34,341,1011,27],"class_list":{"0":"post-267401","1":"post","2":"type-post","3":"status-publish","4":"format-standard","5":"has-post-thumbnail","7":"category-economie","8":"tag-business","9":"tag-economie","10":"tag-economy","11":"tag-emploi","12":"tag-fr","13":"tag-france"},"share_on_mastodon":{"url":"https:\/\/pubeurope.com\/@fr\/114901207198729896","error":""},"_links":{"self":[{"href":"https:\/\/www.europesays.com\/fr\/wp-json\/wp\/v2\/posts\/267401","targetHints":{"allow":["GET"]}}],"collection":[{"href":"https:\/\/www.europesays.com\/fr\/wp-json\/wp\/v2\/posts"}],"about":[{"href":"https:\/\/www.europesays.com\/fr\/wp-json\/wp\/v2\/types\/post"}],"author":[{"embeddable":true,"href":"https:\/\/www.europesays.com\/fr\/wp-json\/wp\/v2\/users\/2"}],"replies":[{"embeddable":true,"href":"https:\/\/www.europesays.com\/fr\/wp-json\/wp\/v2\/comments?post=267401"}],"version-history":[{"count":0,"href":"https:\/\/www.europesays.com\/fr\/wp-json\/wp\/v2\/posts\/267401\/revisions"}],"wp:featuredmedia":[{"embeddable":true,"href":"https:\/\/www.europesays.com\/fr\/wp-json\/wp\/v2\/media\/267402"}],"wp:attachment":[{"href":"https:\/\/www.europesays.com\/fr\/wp-json\/wp\/v2\/media?parent=267401"}],"wp:term":[{"taxonomy":"category","embeddable":true,"href":"https:\/\/www.europesays.com\/fr\/wp-json\/wp\/v2\/categories?post=267401"},{"taxonomy":"post_tag","embeddable":true,"href":"https:\/\/www.europesays.com\/fr\/wp-json\/wp\/v2\/tags?post=267401"}],"curies":[{"name":"wp","href":"https:\/\/api.w.org\/{rel}","templated":true}]}}