{"id":267409,"date":"2025-07-23T06:50:12","date_gmt":"2025-07-23T06:50:12","guid":{"rendered":"https:\/\/www.europesays.com\/fr\/267409\/"},"modified":"2025-07-23T06:50:12","modified_gmt":"2025-07-23T06:50:12","slug":"quels-sont-ces-chantiers-qui-ne-prennent-pas-de-vacances","status":"publish","type":"post","link":"https:\/\/www.europesays.com\/fr\/267409\/","title":{"rendered":"quels sont ces chantiers qui ne prennent pas de vacances"},"content":{"rendered":"<p>                            Renouvellement de canalisations sur la route du Langonand, jusqu\u2019au 1er \u00a0ao\u00fbt, puis du 25\u00a0ao\u00fbt au 24\u00a0octobre<\/p>\n<p>C\u2019est le chantier qui a le plus d\u2019impact sur la circulation \u00e0 Saint-Chamond, puisqu\u2019en semaine, la route est barr\u00e9e de 9\u00a0h \u00e0 17\u00a0h en direction de Sorbiers. Une d\u00e9viation est conseill\u00e9e par la N88 \u2013 E70 \u2013 A72 \u2013 puis la sortie n\u00b0\u00a015 Sorbiers M\u00e9ons, puis les rues de la Talaudi\u00e8re, Jean-Rostand, Jean-Berthon et route de Saint-Chamond. En dehors de ces horaires, un feu tricolore\u00a0a \u00e9t\u00e9 mis place pour fluidifier la circulation. Ces travaux, dont le co\u00fbt est estim\u00e9 \u00e0 416\u00a0000\u00a0euros, consistent \u00e0 renouveler la conduite d\u2019eau potable et ils sont men\u00e9s par la M\u00e9tropole. Une deuxi\u00e8me phase aura lieu \u00e0 partir du 25\u00a0ao\u00fbt.<\/p>\n<p>Construction du futur semi-\u00e9changeur&#8230;                        <\/p>\n","protected":false},"excerpt":{"rendered":"Renouvellement de canalisations sur la route du Langonand, jusqu\u2019au 1er \u00a0ao\u00fbt, puis du 25\u00a0ao\u00fbt au 24\u00a0octobre C\u2019est le&hellip;\n","protected":false},"author":2,"featured_media":267410,"comment_status":"","ping_status":"","sticky":false,"template":"","format":"standard","meta":{"footnotes":""},"categories":[9653],"tags":[1111,11,2430,3542,7539,1777,674,1011,27,3367,12,25,9669,9670,4001,2803],"class_list":{"0":"post-267409","1":"post","2":"type-post","3":"status-publish","4":"format-standard","5":"has-post-thumbnail","7":"category-saint-etienne","8":"tag-actu","9":"tag-actualites","10":"tag-auvergne-rhone-alpes","11":"tag-circulation","12":"tag-edition-loire-sud","13":"tag-eu","14":"tag-europe","15":"tag-fr","16":"tag-france","17":"tag-loire","18":"tag-news","19":"tag-republique-francaise","20":"tag-saint-chamond","21":"tag-saint-chamond-ville","22":"tag-saint-etienne","23":"tag-transport"},"share_on_mastodon":{"url":"https:\/\/pubeurope.com\/@fr\/114901222977918689","error":""},"_links":{"self":[{"href":"https:\/\/www.europesays.com\/fr\/wp-json\/wp\/v2\/posts\/267409","targetHints":{"allow":["GET"]}}],"collection":[{"href":"https:\/\/www.europesays.com\/fr\/wp-json\/wp\/v2\/posts"}],"about":[{"href":"https:\/\/www.europesays.com\/fr\/wp-json\/wp\/v2\/types\/post"}],"author":[{"embeddable":true,"href":"https:\/\/www.europesays.com\/fr\/wp-json\/wp\/v2\/users\/2"}],"replies":[{"embeddable":true,"href":"https:\/\/www.europesays.com\/fr\/wp-json\/wp\/v2\/comments?post=267409"}],"version-history":[{"count":0,"href":"https:\/\/www.europesays.com\/fr\/wp-json\/wp\/v2\/posts\/267409\/revisions"}],"wp:featuredmedia":[{"embeddable":true,"href":"https:\/\/www.europesays.com\/fr\/wp-json\/wp\/v2\/media\/267410"}],"wp:attachment":[{"href":"https:\/\/www.europesays.com\/fr\/wp-json\/wp\/v2\/media?parent=267409"}],"wp:term":[{"taxonomy":"category","embeddable":true,"href":"https:\/\/www.europesays.com\/fr\/wp-json\/wp\/v2\/categories?post=267409"},{"taxonomy":"post_tag","embeddable":true,"href":"https:\/\/www.europesays.com\/fr\/wp-json\/wp\/v2\/tags?post=267409"}],"curies":[{"name":"wp","href":"https:\/\/api.w.org\/{rel}","templated":true}]}}