{"id":267411,"date":"2025-07-23T06:51:10","date_gmt":"2025-07-23T06:51:10","guid":{"rendered":"https:\/\/www.europesays.com\/fr\/267411\/"},"modified":"2025-07-23T06:51:10","modified_gmt":"2025-07-23T06:51:10","slug":"asse-mercato-une-priorite-arrive-a-saint-etienne-et-pousse-un-joueur-vers-la-sortie","status":"publish","type":"post","link":"https:\/\/www.europesays.com\/fr\/267411\/","title":{"rendered":"ASSE Mercato\u00a0: une priorit\u00e9 arrive \u00e0 Saint-\u00c9tienne et pousse un joueur vers la sortie\u00a0"},"content":{"rendered":"<p><strong>Alors que l\u2019ASSE continue de se reconstruire pour son retour en Ligue 1, le club for\u00e9zien pourrait bient\u00f4t enregistrer un d\u00e9part et une arriv\u00e9e au m\u00eame poste\u00a0: Yvann Ma\u00e7on discute avec le Servette Gen\u00e8ve, tandis que Paul Joly (AJA) est en passe de rejoindre les Verts.\u00a0<\/strong><\/p>\n<p>\ud83d\udfe8<strong> N\u00e9gociation en cours<\/strong><\/p>\n<p>Le chantier se poursuit \u00e0 l\u2019AS Saint-\u00c9tienne. Apr\u00e8s une rel\u00e9gation en Ligue 2, le club du Forez s\u2019active pour modeler un effectif capable de tenir le choc la saison prochaine. Et du c\u00f4t\u00e9 du couloir droit, les lignes pourraient bient\u00f4t bouger.<\/p>\n<p>Selon <a href=\"https:\/\/www.butfootballclub.fr\/asse-mercato-un-vert-absent-a-lentrainement-depart-imminent-en-vue\/\" rel=\"nofollow noopener\" target=\"_blank\">Foot Mercato<\/a>, Yvann Ma\u00e7on est actuellement en discussions avanc\u00e9es avec le Servette Gen\u00e8ve. Le lat\u00e9ral de 26 ans, auteur d\u2019une bonne saison en Ligue 2, est s\u00e9duit par l\u2019id\u00e9e de d\u00e9couvrir un nouveau championnat, dans un club r\u00e9guli\u00e8rement qualifi\u00e9 pour les comp\u00e9titions europ\u00e9ennes. En cas d\u2019accord entre le joueur et le club suisse, l\u2019ASSE ne devrait pas faire obstacle. La direction st\u00e9phanoise serait m\u00eame dispos\u00e9e \u00e0 lib\u00e9rer Ma\u00e7on pour lui permettre de franchir un cap, \u00e0 condition d\u2019un deal jug\u00e9 raisonnable.<\/p>\n<p>Mais pas question de laisser un vide dans l\u2019effectif pour autant. Toujours selon la m\u00eame source, les Verts avancent en parall\u00e8le sur la piste menant \u00e0 Paul Joly, le lat\u00e9ral droit de l\u2019AJ Auxerre. Polyvalent (il peut aussi d\u00e9panner dans l\u2019axe), il pla\u00eet au staff st\u00e9phanois pour sa fiabilit\u00e9 et son exp\u00e9rience. Les discussions entre l\u2019<a href=\"https:\/\/www.butfootballclub.fr\/asse-mercato-nouvelle-offre-pour-bouchouari-la-recrue-de-lol-parle-des-verts\/\" rel=\"nofollow noopener\" target=\"_blank\">ASSE<\/a> et l\u2019AJA sont en bonne voie, m\u00eame si aucun accord formel n\u2019est encore boucl\u00e9. Le joueur, lui, ne serait pas insensible \u00e0 l\u2019id\u00e9e d\u2019\u00e9voluer sous le maillot vert. Il attend d\u00e9sormais que les deux clubs trouvent un terrain d\u2019entente.<\/p>\n<p>\u00ab\u00a0Le coup d\u2019\u0153il de But FC\u00a0\u00bb<\/p>\n<p>\u00ab\u00a0Le double move que s\u2019appr\u00eate \u00e0 r\u00e9aliser l\u2019AS Saint-\u00c9tienne devrait donner plus d\u2019\u00e9paisseur au projet d\u2019Eirik Horneland. <a href=\"https:\/\/www.butfootballclub.fr\/asse-la-campagne-dabonnements-explose-malgre-le-retour-en-l2\/\" rel=\"nofollow noopener\" target=\"_blank\">Les supporters<\/a> devraient en \u00eatre ravis.\u00a0\u00bb<\/p>\n","protected":false},"excerpt":{"rendered":"Alors que l\u2019ASSE continue de se reconstruire pour son retour en Ligue 1, le club for\u00e9zien pourrait bient\u00f4t&hellip;\n","protected":false},"author":2,"featured_media":267412,"comment_status":"","ping_status":"","sticky":false,"template":"","format":"standard","meta":{"footnotes":""},"categories":[9653],"tags":[1111,11,2430,448,1777,674,63,1011,27,66,3388,12,25,4001,10662],"class_list":{"0":"post-267411","1":"post","2":"type-post","3":"status-publish","4":"format-standard","5":"has-post-thumbnail","7":"category-saint-etienne","8":"tag-actu","9":"tag-actualites","10":"tag-auvergne-rhone-alpes","11":"tag-champions-league","12":"tag-eu","13":"tag-europe","14":"tag-football","15":"tag-fr","16":"tag-france","17":"tag-ligue-1","18":"tag-matchs","19":"tag-news","20":"tag-republique-francaise","21":"tag-saint-etienne","22":"tag-transferts"},"share_on_mastodon":{"url":"https:\/\/pubeurope.com\/@fr\/114901226866629103","error":""},"_links":{"self":[{"href":"https:\/\/www.europesays.com\/fr\/wp-json\/wp\/v2\/posts\/267411","targetHints":{"allow":["GET"]}}],"collection":[{"href":"https:\/\/www.europesays.com\/fr\/wp-json\/wp\/v2\/posts"}],"about":[{"href":"https:\/\/www.europesays.com\/fr\/wp-json\/wp\/v2\/types\/post"}],"author":[{"embeddable":true,"href":"https:\/\/www.europesays.com\/fr\/wp-json\/wp\/v2\/users\/2"}],"replies":[{"embeddable":true,"href":"https:\/\/www.europesays.com\/fr\/wp-json\/wp\/v2\/comments?post=267411"}],"version-history":[{"count":0,"href":"https:\/\/www.europesays.com\/fr\/wp-json\/wp\/v2\/posts\/267411\/revisions"}],"wp:featuredmedia":[{"embeddable":true,"href":"https:\/\/www.europesays.com\/fr\/wp-json\/wp\/v2\/media\/267412"}],"wp:attachment":[{"href":"https:\/\/www.europesays.com\/fr\/wp-json\/wp\/v2\/media?parent=267411"}],"wp:term":[{"taxonomy":"category","embeddable":true,"href":"https:\/\/www.europesays.com\/fr\/wp-json\/wp\/v2\/categories?post=267411"},{"taxonomy":"post_tag","embeddable":true,"href":"https:\/\/www.europesays.com\/fr\/wp-json\/wp\/v2\/tags?post=267411"}],"curies":[{"name":"wp","href":"https:\/\/api.w.org\/{rel}","templated":true}]}}