{"id":267413,"date":"2025-07-23T06:52:30","date_gmt":"2025-07-23T06:52:30","guid":{"rendered":"https:\/\/www.europesays.com\/fr\/267413\/"},"modified":"2025-07-23T06:52:30","modified_gmt":"2025-07-23T06:52:30","slug":"nancy-ivre-a-bord-du-ter-metz-nancy-il-est-interpelle-pour-agressions-sexuelles","status":"publish","type":"post","link":"https:\/\/www.europesays.com\/fr\/267413\/","title":{"rendered":"Nancy. Ivre \u00e0 bord du TER Metz-Nancy, il est interpell\u00e9 pour agressions sexuelles"},"content":{"rendered":"<p>En \u00e9tat d\u2019ivresse \u00e0 bord du TER Metz-Nancy, dimanche 20\u00a0juillet, un individu a importun\u00e9 plusieurs jeunes femmes qui voyageaient seules. Le jeune homme s\u2019installait \u00e0 leurs c\u00f4t\u00e9s, se montrait intrusif quant \u00e0 leur vie priv\u00e9e et se montrait tr\u00e8s tactile, prenant certaines de ses cibles par la main, le bras ou encore la taille. Il expliquait notamment vouloir trouver un travail et se marier. \u00c0 l\u2019une d\u2019elles, il parviendra \u00e0 imposer deux baisers, l\u2019un sur la bouche, l\u2019autre sur la joue.<\/p>\n<p>  Pas de contr\u00f4leur \u00e0 qui se confier<\/p>\n<p>Apeur\u00e9es par le comportement de l\u2019agresseur, les victimes \u00e2g\u00e9es de 18 \u00e0 24 ans, esp\u00e9raient voir le passage d\u2019un contr\u00f4leur durant le trajet pour lui signaler les faits mais elles ne verront personne. L\u2019une d\u2019elles t\u00e9l\u00e9phonera \u00e0 son petit ami pour lui expliquer la situation en lui demandant de venir l\u2019attendre sur le quai\u00a0; une autre appellera sa m\u00e8re dans les Vosges et cette derni\u00e8re pr\u00e9viendra la gendarmerie.<\/p>\n<p>Une troisi\u00e8me victime composera le <a href=\"https:\/\/www.ter.sncf.com\/grand-est\/services-contacts\/assistance-accessibilite\/numero-d-alerte\" target=\"_blank\" rel=\"noopener\">31 17, un num\u00e9ro\u00a0d\u2019appel d\u2019urgence gratuit de la SNCF<\/a> destin\u00e9 \u00e0 alerter \u00ab\u00a0de tout incident de s\u00fbret\u00e9 (agression, harc\u00e8lement, vol\u2026) ou sant\u00e9 (malaise \u00e0 bord\u2026) dont vous \u00eates victimes ou t\u00e9moins\u00a0\u00bb. Il est \u00e9galement possible d\u2019alerter de fa\u00e7on plus discr\u00e8te par SMS, mais cette fois au 31\u00a0177.<\/p>\n<p>\u00c0 l\u2019arriv\u00e9e du TER en gare de Nancy vers 19\u00a0h\u00a030, un comit\u00e9 d\u2019accueil compos\u00e9 de plusieurs policiers ainsi que d\u2019agents de la s\u00fbret\u00e9 ferroviaire, se d\u00e9ploie sur le quai. Mais le suspect ne descend pas du train. Il sera interpell\u00e9 \u00e0 bord.<\/p>\n<p>  En r\u00e9cidive<\/p>\n<p>Plac\u00e9 en garde \u00e0 vue au groupe d\u2019action judiciaire, l\u2019homme est en situation irr\u00e9guli\u00e8re sur le territoire. Il est d\u00e9nu\u00e9 de papiers et de titre de transport. Durant le trajet \u00e0 bord du v\u00e9hicule s\u00e9rigraphi\u00e9 qui le conduit \u00e0 l\u2019h\u00f4tel de police du boulevard Lobau, l\u2019interpell\u00e9 menace de mort un fonctionnaire, qui d\u00e9posera plainte.<\/p>\n<p> Les plaintes de deux jeunes femmes seront enregistr\u00e9es pour agressions sexuelles aggrav\u00e9es par la circonstance de l\u2019alcoolisation du mis en cause. \u00c2g\u00e9 de 21 ans, ce dernier n\u2019est pas inconnu de la justice car d\u00e9j\u00e0 condamn\u00e9 il y a deux ans pour des faits similaires. Le r\u00e9cidiviste a \u00e9t\u00e9 pr\u00e9sent\u00e9 mardi au parquet. Il pourrait \u00eatre jug\u00e9 en comparution imm\u00e9diate ce mercredi. <\/p>\n","protected":false},"excerpt":{"rendered":"En \u00e9tat d\u2019ivresse \u00e0 bord du TER Metz-Nancy, dimanche 20\u00a0juillet, un individu a importun\u00e9 plusieurs jeunes femmes qui&hellip;\n","protected":false},"author":2,"featured_media":267414,"comment_status":"","ping_status":"","sticky":false,"template":"","format":"standard","meta":{"footnotes":""},"categories":[9635],"tags":[1111,11,271,272,1704,1777,674,274,1011,27,775,3457,1702,1703,12,25],"class_list":{"0":"post-267413","1":"post","2":"type-post","3":"status-publish","4":"format-standard","5":"has-post-thumbnail","7":"category-nancy","8":"tag-actu","9":"tag-actualites","10":"tag-crime","11":"tag-delit-et-contravention","12":"tag-edition-nancy-et-agglomeration","13":"tag-eu","14":"tag-europe","15":"tag-faits-divers-justice","16":"tag-fr","17":"tag-france","18":"tag-grand-est","19":"tag-meurthe-et-moselle","20":"tag-nancy","21":"tag-nancy-ville-54b","22":"tag-news","23":"tag-republique-francaise"},"share_on_mastodon":{"url":"https:\/\/pubeurope.com\/@fr\/114901230911820853","error":""},"_links":{"self":[{"href":"https:\/\/www.europesays.com\/fr\/wp-json\/wp\/v2\/posts\/267413","targetHints":{"allow":["GET"]}}],"collection":[{"href":"https:\/\/www.europesays.com\/fr\/wp-json\/wp\/v2\/posts"}],"about":[{"href":"https:\/\/www.europesays.com\/fr\/wp-json\/wp\/v2\/types\/post"}],"author":[{"embeddable":true,"href":"https:\/\/www.europesays.com\/fr\/wp-json\/wp\/v2\/users\/2"}],"replies":[{"embeddable":true,"href":"https:\/\/www.europesays.com\/fr\/wp-json\/wp\/v2\/comments?post=267413"}],"version-history":[{"count":0,"href":"https:\/\/www.europesays.com\/fr\/wp-json\/wp\/v2\/posts\/267413\/revisions"}],"wp:featuredmedia":[{"embeddable":true,"href":"https:\/\/www.europesays.com\/fr\/wp-json\/wp\/v2\/media\/267414"}],"wp:attachment":[{"href":"https:\/\/www.europesays.com\/fr\/wp-json\/wp\/v2\/media?parent=267413"}],"wp:term":[{"taxonomy":"category","embeddable":true,"href":"https:\/\/www.europesays.com\/fr\/wp-json\/wp\/v2\/categories?post=267413"},{"taxonomy":"post_tag","embeddable":true,"href":"https:\/\/www.europesays.com\/fr\/wp-json\/wp\/v2\/tags?post=267413"}],"curies":[{"name":"wp","href":"https:\/\/api.w.org\/{rel}","templated":true}]}}